{"id":10686,"date":"2013-06-26T14:30:12","date_gmt":"2013-06-26T12:30:12","guid":{"rendered":"http:\/\/stockportal.hu\/?p=10686"},"modified":"2013-06-26T14:30:12","modified_gmt":"2013-06-26T12:30:12","slug":"gki-folytatodik-magyarorszag-leszakadasa-a-regiotol","status":"publish","type":"post","link":"https:\/\/gazdasagportal.hu\/index.php\/gki-folytatodik-magyarorszag-leszakadasa-a-regiotol\/","title":{"rendered":"GKI: folytat\u00f3dik Magyarorsz\u00e1g leszakad\u00e1sa a r\u00e9gi\u00f3t\u00f3l"},"content":{"rendered":"<p><strong>A GKI Gazdas\u00e1gkutat\u00f3 Zrt. idei m\u00e1sodik \u00e1tfog\u00f3 el\u0151rejelz\u00e9se szerint folytat\u00f3dik Magyarorsz\u00e1g leszakad\u00e1sa a r\u00e9gi\u00f3t\u00f3l &#8211; mondta V\u00e9rtes Andr\u00e1s, a GKI eln\u00f6ke szerd\u00e1n Budapesten, a gazdas\u00e1gkutat\u00f3 c\u00e9g sajt\u00f3t\u00e1j\u00e9koztat\u00f3j\u00e1n.<!--more--><\/strong><\/p>\n<p>Kiemelte: ez a leszakad\u00e1s m\u00e1r 2005-2006 \u00f3ta tart, az egy f\u0151re jut\u00f3 GDP-t tekintve Magyarorsz\u00e1g csak Rom\u00e1ni\u00e1t, Bulg\u00e1ri\u00e1t \u00e9s a hamarosan uni\u00f3s tag\u00e1llamm\u00e1 v\u00e1l\u00f3 Horv\u00e1torsz\u00e1got el\u0151zi meg a r\u00e9gi\u00f3ban.<br \/>\nA c\u00e9g idei m\u00e1sodik \u00e1tfog\u00f3 progn\u00f3zisa szerint a recesszi\u00f3 v\u00e9get \u00e9rt ugyan Magyarorsz\u00e1gon, de az \u00e9v eg\u00e9sz\u00e9ben csak &#8222;pozit\u00edv el\u0151jel\u0171&#8221; stagn\u00e1l\u00e1s v\u00e1rhat\u00f3. A beruh\u00e1z\u00e1sok cs\u00f6kken\u00e9se folytat\u00f3dik, a fogyaszt\u00e1s a re\u00e1lj\u00f6vedelmek emelked\u00e9se ellen\u00e9re l\u00e9nyeg\u00e9ben v\u00e1ltozatlan marad.<br \/>\nAz \u00e9ves \u00e1tlagos infl\u00e1ci\u00f3 2,2 sz\u00e1zal\u00e9k lesz a GKI kutat\u00f3i szerint &#8211; mondta V\u00e9rtes Andr\u00e1s.<br \/>\nA kutat\u00f3 r\u00e1mutatott: az eur\u00f3pai p\u00e9nz\u00fcgyi helyzet 2012 nyara \u00f3ta javult, az eur\u00f3z\u00f3na felboml\u00e1s\u00e1nak vesz\u00e9lye m\u00e9rs\u00e9kl\u0151d\u00f6tt, az eur\u00f3pai v\u00e1ls\u00e1gkezel\u00e9s int\u00e9zm\u00e9nyrendszere er\u0151s\u00f6d\u00f6tt, ez azonban m\u00e9g nem \u00e9rezteti hat\u00e1s\u00e1t a re\u00e1lgazdas\u00e1gban.<br \/>\nKiemelte: az Egyes\u00fclt \u00c1llamok \u00e9s K\u00edna gazdas\u00e1g\u00e1t tekintve egyre t\u00f6bb k\u00e9rd\u0151jel fogalmaz\u00f3dik meg, \u00fagy t\u0171nik, az amerikai jegybank szerep\u00e9t bet\u00f6lt\u0151 Fed fokozatosan felhagy majd a monet\u00e1ris laz\u00edt\u00e1ssal, ami a hossz\u00fa lej\u00e1rat\u00fa hozamok emelked\u00e9s\u00e9hez, ez\u00e1ltal a befektet\u0151k kock\u00e1zatv\u00e1llal\u00e1s\u00e1nak m\u00e9rs\u00e9kl\u0151d\u00e9s\u00e9hez vezet.<br \/>\nA hazai helyzetet elemezve elmondta: Magyarorsz\u00e1gon technikai \u00e9rtelemben v\u00e9get \u00e9rt a recesszi\u00f3, fordulat azonban nem k\u00f6vetkezett be. A GKI eln\u00f6ke elmondta: az \u00e1ltal\u00e1ban kifejezetten rossz idei els\u0151 negyed\u00e9vi adatokat \u00e1prilisban az iparban, a k\u00fclkereskedelemben \u00e9s a kiskereskedelemben kiss\u00e9 kedvez\u0151bbek k\u00f6vett\u00e9k.<br \/>\nKiemelte: a foglalkoztat\u00e1s az els\u0151 n\u00e9gy h\u00f3napban az \u00f6t f\u0151n\u00e9l nagyobb c\u00e9gekn\u00e9l \u00e9s a k\u00f6lts\u00e9gvet\u00e9si szf\u00e9r\u00e1ban 0,7 sz\u00e1zal\u00e9kkal cs\u00f6kkent, a KSH lakoss\u00e1gi felm\u00e9r\u00e9se szerint azonban 1 sz\u00e1zal\u00e9kkal emelkedett a valamilyen munk\u00e1t v\u00e9gz\u0151k ar\u00e1nya. \u00dagy v\u00e9lte: a k\u00fcl\u00f6nbs\u00e9get egyebek k\u00f6z\u00f6tt a k\u00fclf\u00f6ldi \u00e9s a sz\u00fcrke munkav\u00e1llal\u00e1s terjed\u00e9se magyar\u00e1zhatja.<br \/>\nKiemelte: a t\u00falzottdeficit-elj\u00e1r\u00e1s al\u00f3li kiker\u00fcl\u00e9s jelent\u0151s\u00e9g\u00e9t elhom\u00e1lyos\u00edtja, hogy az Eur\u00f3pai Uni\u00f3 egyidej\u0171leg kem\u00e9ny kritik\u00e1t fogalmazott meg a magyar gazdas\u00e1gpolitika szinte minden l\u00e9nyegi elem\u00e9r\u0151l.<br \/>\nArr\u00f3l is sz\u00f3lt, hogy a most bejelentett, \u00e1ltala &#8222;Varga-csomagnak&#8221; nevezett int\u00e9zked\u00e9sek filoz\u00f3fi\u00e1ja nem sokban k\u00fcl\u00f6nb\u00f6zik a kor\u00e1bbi &#8222;Matolcsy-csomagok\u00e9t\u00f3l&#8221;, a most bevezetni k\u00edv\u00e1nt \u00fajabb ad\u00f3k m\u00e9g jobban elriasztj\u00e1k a befektet\u0151ket, a p\u00e9nzforgalom dr\u00e1g\u00edt\u00e1sa n\u00f6veli a k\u00e9szp\u00e9nzhaszn\u00e1latot \u00e9s a sz\u00fcrkegazdas\u00e1got.<br \/>\nJelezte: a 2013 m\u00e1rcius\u00e1ban hivatalba l\u00e9pett \u00faj jegybanki vezet\u00e9s folytatta az alapkamat cs\u00f6kkent\u00e9s\u00e9t, a nem konvencion\u00e1lis eszk\u00f6z\u00f6k sz\u00e9lesebb k\u00f6r\u0171 alkalmaz\u00e1sa elkezd\u0151d\u00f6tt a jegybankban. Az MNB \u00e9s a PSZ\u00c1F \u00f6sszeolvad\u00e1sa a bankrendszerre gyakorolt nyom\u00e1s kiterjeszt\u00e9s\u00e9t szolg\u00e1lja majd &#8211; mutatott r\u00e1 a GKI eln\u00f6ke.<br \/>\nAz MNB n\u00f6veked\u00e9si hitelprogramja kapcs\u00e1n r\u00e1mutatott: a kereskedelmi bankoknak ny\u00fajtott nulla kamatoz\u00e1s\u00fa hitel nagys\u00e1grendje annak n\u00f6vel\u00e9se ut\u00e1n sem lesz k\u00e9pes serkenteni a n\u00f6veked\u00e9st, mivel a v\u00e1llalkoz\u00e1sok sz\u00e1m\u00e1ra az olcs\u00f3 forr\u00e1s nagyobbr\u00e9szt a kor\u00e1bbi dr\u00e1g\u00e1bb hitelek lecser\u00e9l\u00e9s\u00e9t fogja szolg\u00e1lni.<br \/>\nKiemelte: az \u00e1llam terjeszked\u00e9se folytat\u00f3dik a gazdas\u00e1gban, ennek legut\u00f3bbi p\u00e9ld\u00e1ja, hogy \u00e1llam tulajdonr\u00e9szt k\u00edv\u00e1n szerezni a takar\u00e9ksz\u00f6vetkezeti rendszerben, \u00e9s n\u00e9h\u00e1ny kisebb hazai bankban.<br \/>\nV\u00e9rtes Andr\u00e1s sz\u00f3lt arr\u00f3l is, hogy a k\u00fcls\u0151 egyens\u00faly 2013-ban is kedvez\u0151 lesz. A k\u00fclkereskedelmi akt\u00edvum tov\u00e1bb emelkedik, a tavalyi 6,8 milli\u00e1rd eur\u00f3r\u00f3l 7,5 milli\u00e1rd eur\u00f3ra. Ezzel p\u00e1rhuzamosan a foly\u00f3 fizet\u00e9si m\u00e9rleg akt\u00edvuma azonban a fokoz\u00f3d\u00f3 j\u00f6vedelem-ki\u00e1raml\u00e1s miatt enn\u00e9l kev\u00e9sb\u00e9, csak 0,4 milli\u00e1rd eur\u00f3val, 1,6 milli\u00e1rdr\u00f3l 2 milli\u00e1rd eur\u00f3ra n\u0151 &#8211; elemezte V\u00e9rtes Andr\u00e1s.(MTI)<\/p>\n","protected":false},"excerpt":{"rendered":"<p>A GKI Gazdas\u00e1gkutat\u00f3 Zrt. idei m\u00e1sodik \u00e1tfog\u00f3 el\u0151rejelz\u00e9se szerint folytat\u00f3dik Magyarorsz\u00e1g leszakad\u00e1sa a r\u00e9gi\u00f3t\u00f3l &#8211; mondta V\u00e9rtes Andr\u00e1s, a GKI eln\u00f6ke szerd\u00e1n Budapesten, a gazdas\u00e1gkutat\u00f3 c\u00e9g sajt\u00f3t\u00e1j\u00e9koztat\u00f3j\u00e1n.<\/p>\n","protected":false},"author":1,"featured_media":0,"comment_status":"open","ping_status":"closed","sticky":false,"template":"","format":"standard","meta":[],"categories":[19],"tags":[],"_links":{"self":[{"href":"https:\/\/gazdasagportal.hu\/index.php\/wp-json\/wp\/v2\/posts\/10686"}],"collection":[{"href":"https:\/\/gazdasagportal.hu\/index.php\/wp-json\/wp\/v2\/posts"}],"about":[{"href":"https:\/\/gazdasagportal.hu\/index.php\/wp-json\/wp\/v2\/types\/post"}],"author":[{"embeddable":true,"href":"https:\/\/gazdasagportal.hu\/index.php\/wp-json\/wp\/v2\/users\/1"}],"replies":[{"embeddable":true,"href":"https:\/\/gazdasagportal.hu\/index.php\/wp-json\/wp\/v2\/comments?post=10686"}],"version-history":[{"count":2,"href":"https:\/\/gazdasagportal.hu\/index.php\/wp-json\/wp\/v2\/posts\/10686\/revisions"}],"predecessor-version":[{"id":10688,"href":"https:\/\/gazdasagportal.hu\/index.php\/wp-json\/wp\/v2\/posts\/10686\/revisions\/10688"}],"wp:attachment":[{"href":"https:\/\/gazdasagportal.hu\/index.php\/wp-json\/wp\/v2\/media?parent=10686"}],"wp:term":[{"taxonomy":"category","embeddable":true,"href":"https:\/\/gazdasagportal.hu\/index.php\/wp-json\/wp\/v2\/categories?post=10686"},{"taxonomy":"post_tag","embeddable":true,"href":"https:\/\/gazdasagportal.hu\/index.php\/wp-json\/wp\/v2\/tags?post=10686"}],"curies":[{"name":"wp","href":"https:\/\/api.w.org\/{rel}","templated":true}]}}