{"id":106855,"date":"2018-07-07T08:50:00","date_gmt":"2018-07-07T06:50:00","guid":{"rendered":"http:\/\/gazdasagportal.hu\/?p=106855"},"modified":"2018-07-07T08:50:00","modified_gmt":"2018-07-07T06:50:00","slug":"eredmenytelen-volt-a-bilk-jegyzese","status":"publish","type":"post","link":"https:\/\/gazdasagportal.hu\/index.php\/eredmenytelen-volt-a-bilk-jegyzese\/","title":{"rendered":"Eredm\u00e9nytelen volt a BILK jegyz\u00e9se"},"content":{"rendered":"<p><strong>A BILK Logisztikai Nyrt. bejelentette p\u00e9nteken, hogy felaj\u00e1nlott r\u00e9szv\u00e9nyeinek z\u00e1rtk\u00f6r\u0171 \u00e9rt\u00e9kes\u00edt\u00e9se megfelel\u0151 eredm\u00e9ny n\u00e9lk\u00fcl z\u00e1rult, az \u00e9rt\u00e9kes\u00edt\u00e9st lez\u00e1rt\u00e1k. A vez\u00e9rigazgat\u00f3 szerint a r\u00e9szv\u00e9nyek jegyz\u00e9s\u00e9nek kezdete ut\u00e1n a forint eur\u00f3hoz viszony\u00edtott \u00e1rfolyama v\u00e1ratlanul gyors \u00fctemben n\u00f6vekedni kezdett, ami \u00f3vatoss\u00e1gra intette a befektet\u0151ket. <\/strong><!--more--><\/p>\n<div class=\"ads-in-post1\"><div id=\"gazdasagportal.hu_fullbanner_wideboard\"><\/div>\r\n<\/div>\n<p>    A Budapesti \u00c9rt\u00e9kt\u0151zsde (B\u00c9T) honlapj\u00e1n k\u00f6zz\u00e9tett t\u00e1j\u00e9koztat\u00f3 szerint az \u00e9rt\u00e9kes\u00edt\u00e9si elj\u00e1r\u00e1s sor\u00e1n nem j\u00f6tt l\u00e9tre megfelel\u0151 \u00e1r melletti, a szit-t\u00f6rv\u00e9ny (szab\u00e1lyozott ingatlanbefektet\u00e9si t\u00e1rsas\u00e1g) \u00e1ltal elv\u00e1rtakkal is \u00f6sszhangban l\u00e9v\u0151, optim\u00e1lis befektet\u0151i strukt\u00fara. A t\u00e1rsas\u00e1g ez\u00e9rt \u00e9rt\u00e9kes\u00edt\u00e9s n\u00e9lk\u00fcli lez\u00e1r\u00e1sr\u00f3l rendelkezett, \u00e9s a nyilv\u00e1nos \u00e9rt\u00e9kes\u00edt\u00e9sre t\u00f6rt\u00e9n\u0151 felaj\u00e1nl\u00e1st visszavonta.<br \/>\n<div class=\"ads-in-post2\"><script async src=\"https:\/\/pagead2.googlesyndication.com\/pagead\/js\/adsbygoogle.js\"><\/script>\r\n<ins class=\"adsbygoogle\"\r\n     style=\"display:block\"\r\n     data-ad-format=\"fluid\"\r\n     data-ad-layout-key=\"-6t+ed+2i-1n-4w\"\r\n     data-ad-client=\"ca-pub-1959107119989764\"\r\n     data-ad-slot=\"4008251320\"><\/ins>\r\n<script>\r\n     (adsbygoogle = window.adsbygoogle || []).push({});\r\n<\/script><\/div>\n    A BILK j\u00fanius 18-\u00e1n tette k\u00f6zz\u00e9, hogy r\u00e9szv\u00e9nyeit j\u00fanius 20-t\u00f3l j\u00falius 4-ig lehet jegyezni. Legal\u00e1bb 859 375 \u00e9s legfeljebb 1 684 375, 0,8 eur\u00f3 n\u00e9v\u00e9rt\u00e9k\u0171 &#8222;A&#8221; sorozat\u00fa t\u00f6rzsr\u00e9szv\u00e9nyt aj\u00e1nlottak fel z\u00e1rtk\u00f6r\u0171 \u00e9s nyilv\u00e1nos \u00e9rt\u00e9kes\u00edt\u00e9s keret\u00e9ben. A minim\u00e1lis mennyis\u00e9g a teljes jegyzett t\u0151k\u00e9hez viszony\u00edtva 25 sz\u00e1zal\u00e9kot, a maxim\u00e1lis mennyis\u00e9g 49 sz\u00e1zal\u00e9kot tett ki. A v\u00e1llalat m\u00e1r ekkor k\u00f6z\u00f6lte, hogy ha a befektet\u0151i jegyz\u00e9sek nem \u00e9rik el az \u00e9rt\u00e9kes\u00edt\u00e9si minimumot, az \u00e9rt\u00e9kes\u00edt\u00e9s meghi\u00fasul.<br \/>\n    A BILK alap\u00edt\u00f3ja \u00e9s f\u0151r\u00e9szv\u00e9nyese Waberer Gy\u00f6rgy, a t\u00e1rsas\u00e1g f\u0151 tev\u00e9kenys\u00e9ge saj\u00e1t tulajdon\u00fa \u00e9s b\u00e9relt ingatlan b\u00e9rbead\u00e1sa, \u00fczemeltet\u00e9se, valamint ingatlanok ad\u00e1sv\u00e9tele, ingatlankezel\u00e9s, \u00e9p\u00edtm\u00e9ny\u00fczemeltet\u00e9s \u00e9s vagyonkezel\u00e9s. A f\u0151v\u00e1ros 23. ker\u00fclet\u00e9ben tal\u00e1lhat\u00f3 logisztikai k\u00f6zpont brutt\u00f3 b\u00e9rbeadhat\u00f3 ter\u00fclete t\u00f6bb mint 182 ezer n\u00e9gyzetm\u00e9ter, kihaszn\u00e1lts\u00e1ga 98,4 sz\u00e1zal\u00e9kos.<br \/>\n    A BILK MTI-hez eljuttatott k\u00f6zlem\u00e9ny\u00e9ben a t\u00e1rsas\u00e1g vez\u00e9rigazgat\u00f3ja, W\u00e1berer L\u00edvia a fejlem\u00e9nyt \u00fagy \u00e9rt\u00e9kelte: a r\u00e9szv\u00e9nyek jegyz\u00e9s\u00e9nek kezdete ut\u00e1n a forint eur\u00f3hoz viszony\u00edtott \u00e1rfolyama v\u00e1ratlanul gyors \u00fctemben n\u00f6vekedni kezdett, ami \u00f3vatoss\u00e1gra intette a befektet\u0151ket, ahogy a tapasztalat hi\u00e1nya az eur\u00f3ban t\u00f6rt\u00e9n\u0151 jegyz\u00e9ssel, valamint a szab\u00e1lyozott ingatlanbefektet\u00e9si t\u00e1rsas\u00e1g szerinti m\u0171k\u00f6d\u00e9ssel kapcsolatos el\u0151ny\u00f6kr\u0151l.<br \/>\n    A vez\u00e9rigazgat\u00f3 szerint a t\u00e1rsas\u00e1g tov\u00e1bbra is elk\u00f6telezett, hogy a j\u00f6v\u0151ben szab\u00e1lyozott ingatlanbefektet\u00e9si t\u00e1rsas\u00e1gk\u00e9nt k\u00edv\u00e1nja tev\u00e9kenys\u00e9g\u00e9t folytatni \u00e9s vizsg\u00e1lja a megval\u00f3s\u00edt\u00e1s \u00e9rdek\u00e9ben sz\u00fcks\u00e9ges k\u00f6vetkez\u0151 l\u00e9p\u00e9seket.(MTI)<\/p>\n","protected":false},"excerpt":{"rendered":"<p>A BILK Logisztikai Nyrt. bejelentette p\u00e9nteken, hogy felaj\u00e1nlott r\u00e9szv\u00e9nyeinek z\u00e1rtk\u00f6r\u0171 \u00e9rt\u00e9kes\u00edt\u00e9se megfelel\u0151 eredm\u00e9ny n\u00e9lk\u00fcl z\u00e1rult, az \u00e9rt\u00e9kes\u00edt\u00e9st lez\u00e1rt\u00e1k. A vez\u00e9rigazgat\u00f3 szerint a r\u00e9szv\u00e9nyek jegyz\u00e9s\u00e9nek kezdete ut\u00e1n a forint eur\u00f3hoz viszony\u00edtott \u00e1rfolyama v\u00e1ratlanul gyors \u00fctemben n\u00f6vekedni kezdett, ami \u00f3vatoss\u00e1gra intette a befektet\u0151ket.<\/p>\n","protected":false},"author":1,"featured_media":0,"comment_status":"closed","ping_status":"open","sticky":false,"template":"","format":"standard","meta":[],"categories":[7],"tags":[],"_links":{"self":[{"href":"https:\/\/gazdasagportal.hu\/index.php\/wp-json\/wp\/v2\/posts\/106855"}],"collection":[{"href":"https:\/\/gazdasagportal.hu\/index.php\/wp-json\/wp\/v2\/posts"}],"about":[{"href":"https:\/\/gazdasagportal.hu\/index.php\/wp-json\/wp\/v2\/types\/post"}],"author":[{"embeddable":true,"href":"https:\/\/gazdasagportal.hu\/index.php\/wp-json\/wp\/v2\/users\/1"}],"replies":[{"embeddable":true,"href":"https:\/\/gazdasagportal.hu\/index.php\/wp-json\/wp\/v2\/comments?post=106855"}],"version-history":[{"count":1,"href":"https:\/\/gazdasagportal.hu\/index.php\/wp-json\/wp\/v2\/posts\/106855\/revisions"}],"predecessor-version":[{"id":106856,"href":"https:\/\/gazdasagportal.hu\/index.php\/wp-json\/wp\/v2\/posts\/106855\/revisions\/106856"}],"wp:attachment":[{"href":"https:\/\/gazdasagportal.hu\/index.php\/wp-json\/wp\/v2\/media?parent=106855"}],"wp:term":[{"taxonomy":"category","embeddable":true,"href":"https:\/\/gazdasagportal.hu\/index.php\/wp-json\/wp\/v2\/categories?post=106855"},{"taxonomy":"post_tag","embeddable":true,"href":"https:\/\/gazdasagportal.hu\/index.php\/wp-json\/wp\/v2\/tags?post=106855"}],"curies":[{"name":"wp","href":"https:\/\/api.w.org\/{rel}","templated":true}]}}