{"id":106851,"date":"2018-07-06T18:27:38","date_gmt":"2018-07-06T16:27:38","guid":{"rendered":"http:\/\/gazdasagportal.hu\/?p=106851"},"modified":"2018-07-06T18:28:02","modified_gmt":"2018-07-06T16:28:02","slug":"kulfoldi-sajto-magyarorszagrol-orban-2015-ota-legfobb-celpontjanak-angela-merkelt-tekinti","status":"publish","type":"post","link":"https:\/\/gazdasagportal.hu\/index.php\/kulfoldi-sajto-magyarorszagrol-orban-2015-ota-legfobb-celpontjanak-angela-merkelt-tekinti\/","title":{"rendered":"K\u00fclf\u00f6ldi sajt\u00f3 Magyarorsz\u00e1gr\u00f3l &#8211; Orb\u00e1n 2015 \u00f3ta legf\u0151bb c\u00e9lpontj\u00e1nak Angela Merkelt tekinti"},"content":{"rendered":"<p><strong>Orb\u00e1n kereszt\u00e9nydemokrata puccsa c\u00edmmel k\u00f6z\u00f6lt komment\u00e1rt a Le Monde.<\/strong><!--more--><\/p>\n<div class=\"ads-in-post1\"><div id=\"gazdasagportal.hu_fullbanner_wideboard\"><\/div>\r\n<\/div>\n<p>A francia balk\u00f6z\u00e9p napilap szerint a magyar minisztereln\u00f6k Helmut Kohl hal\u00e1l\u00e1nak egy\u00e9ves \u00e9vfordul\u00f3j\u00e1n elmondott besz\u00e9de arra utalt, hogy k\u00e9sz ellen\u00e1llni a sz\u00e9ls\u0151jobboldali p\u00e1rtok sz\u00f6vets\u00e9gi sz\u00e1nd\u00e9k\u00e1nak, s abban a hitben, hogy megnyerte a csat\u00e1t az illiber\u00e1lis demokr\u00e1ci\u00e1r\u00f3l \u00e9s a bev\u00e1ndorl\u00e1sr\u00f3l, az eur\u00f3pai jobboldal alapjainak megv\u00e1ltozat\u00e1s\u00e1t t\u0171zte ki c\u00e9lul, \u00e9s 2015 \u00f3ta legf\u0151bb c\u00e9lpontj\u00e1nak Angela Merkel n\u00e9met kancell\u00e1rt tekinti.<br \/>\nId\u00e9zte a lap Shahin Vall\u00e9e k\u00f6zgazd\u00e1szt, aki kor\u00e1bban Herman Van Rompuynek, az Eur\u00f3pai Tan\u00e1cs volt eln\u00f6k\u00e9nek, majd Emmanuel Macronnak a tan\u00e1csad\u00f3ja volt, m\u00e9g amikor a jelenlegi francia eln\u00f6k gazdas\u00e1gi miniszterk\u00e9nt tev\u00e9kenykedett. A francia k\u00f6zgazd\u00e1sz szerint Orb\u00e1n Viktor m\u00e1r nem az eur\u00f3pai jobboldal marg\u00f3j\u00e1ra, hanem a k\u00f6zep\u00e9re helyezi mag\u00e1t, az eur\u00f3pai kereszt\u00e9nydemokr\u00e1cia val\u00f3di \u00f6r\u00f6k\u00f6sek\u00e9nt t\u0171nteti fel mag\u00e1t, szemben a liber\u00e1lis \u00e9s kozmopolita jobboldallal, s ezzel el is ind\u00edtotta a j\u00f6v\u0151 \u00e9vi eur\u00f3pai parlamenti v\u00e1laszt\u00e1si kamp\u00e1ny\u00e1t.<br \/>\n<div class=\"ads-in-post2\"><script async src=\"https:\/\/pagead2.googlesyndication.com\/pagead\/js\/adsbygoogle.js\"><\/script>\r\n<ins class=\"adsbygoogle\"\r\n     style=\"display:block\"\r\n     data-ad-format=\"fluid\"\r\n     data-ad-layout-key=\"-6t+ed+2i-1n-4w\"\r\n     data-ad-client=\"ca-pub-1959107119989764\"\r\n     data-ad-slot=\"4008251320\"><\/ins>\r\n<script>\r\n     (adsbygoogle = window.adsbygoogle || []).push({});\r\n<\/script><\/div>\nAlain Lamassoure francia jobboldali EP-k\u00e9pvisel\u0151 mindebben azonban csak egy olyan politikus \u00fajabb \u00e1talakul\u00e1s\u00e1t l\u00e1tja, aki k\u00e9pes egyik napr\u00f3l a m\u00e1sikra besz\u00e9dm\u00f3dot v\u00e1ltani. V\u00e9lem\u00e9nye szerint Orb\u00e1n az\u00e9rt keresi a hely\u00e9t, mert \u00e9rzi az ellenszelet az Eur\u00f3pai N\u00e9pp\u00e1rton (EPP) bel\u00fcl. A cikk szerz\u0151je, Alain Salles \u00fagy l\u00e1tja, hogy Orb\u00e1n mag\u00e1t az EPP CSU-j\u00e1nak, a n\u00e9pp\u00e1rt jobboldali kereszt\u00e9nydemokrata platformj\u00e1nak tekinti, sz\u00f6vets\u00e9gben Sebastian Kurz osztr\u00e1k kancell\u00e1rral.<br \/>\nA j\u00fanius v\u00e9gi uni\u00f3s cs\u00facstal\u00e1lkoz\u00f3 Shahin Vall\u00e9e szerint ennek a folyamatnak volt a kulcsmozzanata, amelyet &#8222;az el\u00e9gg\u00e9 kev\u00e9ss\u00e9 kereszt\u00e9nydemokrata jobboldaliak&#8221; hat\u00e1roztak meg. Matteo Salvini olasz bel\u00fcgyminiszter gy\u00fajtotta meg a kan\u00f3cot azzal, hogy megtagadta az Aquarius ment\u0151haj\u00f3 olaszorsz\u00e1gi kik\u00f6t\u00e9s\u00e9t, s ezzel &#8222;Eur\u00f3pa olyan hiszt\u00e9ri\u00e1s v\u00e1ls\u00e1gban t\u00f6rt ki, mint legrosszabb napjaiban, 2015-ben&#8221;. A Sebastian Kurz \u00e1ltal bejelentett Berlin-B\u00e9cs-R\u00f3ma bev\u00e1ndorl\u00e1s-ellenes tengelyhez pedig Orb\u00e1n csatlakoztatta a visegr\u00e1di n\u00e9gyeket, mik\u00f6zben a m\u00e9rs\u00e9kelt jobboldal \u00e9s a baloldal leb\u00e9nult, Emmanuel Macron pedig elszigetel\u0151d\u00f6tt &#8211; \u00edrta a Le Monde.(MTI)<\/p>\n<p>&nbsp;<\/p><div id=\"gazda-928002885\" class=\"gazda-tartalomban gazda-entity-placement\"><script async src=\"https:\/\/pagead2.googlesyndication.com\/pagead\/js\/adsbygoogle.js\"><\/script>\r\n<ins class=\"adsbygoogle\"\r\n     style=\"display:block\"\r\n     data-ad-format=\"fluid\"\r\n     data-ad-layout-key=\"-6t+ed+2i-1n-4w\"\r\n     data-ad-client=\"ca-pub-1959107119989764\"\r\n     data-ad-slot=\"4008251320\"><\/ins>\r\n<script>\r\n     (adsbygoogle = window.adsbygoogle || []).push({});\r\n<\/script><\/div>\n","protected":false},"excerpt":{"rendered":"<p>Orb\u00e1n kereszt\u00e9nydemokrata puccsa c\u00edmmel k\u00f6z\u00f6lt komment\u00e1rt a Le Monde.<\/p>\n","protected":false},"author":1,"featured_media":49388,"comment_status":"closed","ping_status":"open","sticky":false,"template":"","format":"standard","meta":[],"categories":[146,4],"tags":[],"_links":{"self":[{"href":"https:\/\/gazdasagportal.hu\/index.php\/wp-json\/wp\/v2\/posts\/106851"}],"collection":[{"href":"https:\/\/gazdasagportal.hu\/index.php\/wp-json\/wp\/v2\/posts"}],"about":[{"href":"https:\/\/gazdasagportal.hu\/index.php\/wp-json\/wp\/v2\/types\/post"}],"author":[{"embeddable":true,"href":"https:\/\/gazdasagportal.hu\/index.php\/wp-json\/wp\/v2\/users\/1"}],"replies":[{"embeddable":true,"href":"https:\/\/gazdasagportal.hu\/index.php\/wp-json\/wp\/v2\/comments?post=106851"}],"version-history":[{"count":1,"href":"https:\/\/gazdasagportal.hu\/index.php\/wp-json\/wp\/v2\/posts\/106851\/revisions"}],"predecessor-version":[{"id":106852,"href":"https:\/\/gazdasagportal.hu\/index.php\/wp-json\/wp\/v2\/posts\/106851\/revisions\/106852"}],"wp:featuredmedia":[{"embeddable":true,"href":"https:\/\/gazdasagportal.hu\/index.php\/wp-json\/wp\/v2\/media\/49388"}],"wp:attachment":[{"href":"https:\/\/gazdasagportal.hu\/index.php\/wp-json\/wp\/v2\/media?parent=106851"}],"wp:term":[{"taxonomy":"category","embeddable":true,"href":"https:\/\/gazdasagportal.hu\/index.php\/wp-json\/wp\/v2\/categories?post=106851"},{"taxonomy":"post_tag","embeddable":true,"href":"https:\/\/gazdasagportal.hu\/index.php\/wp-json\/wp\/v2\/tags?post=106851"}],"curies":[{"name":"wp","href":"https:\/\/api.w.org\/{rel}","templated":true}]}}