{"id":106846,"date":"2018-07-06T14:08:42","date_gmt":"2018-07-06T12:08:42","guid":{"rendered":"http:\/\/gazdasagportal.hu\/?p=106846"},"modified":"2018-07-06T14:08:42","modified_gmt":"2018-07-06T12:08:42","slug":"harmadik-ejjel-voltak-zavargasok-a-franciaorszagi-nantes-ban","status":"publish","type":"post","link":"https:\/\/gazdasagportal.hu\/index.php\/harmadik-ejjel-voltak-zavargasok-a-franciaorszagi-nantes-ban\/","title":{"rendered":"Harmadik \u00e9jjel voltak zavarg\u00e1sok a franciaorsz\u00e1gi Nantes-ban"},"content":{"rendered":"<p><strong>Harmadik \u00e9jjel voltak zavarg\u00e1sok p\u00e9ntekre virrad\u00f3 \u00e9jjel a nyugat-franciaorsz\u00e1gi Nantes el\u0151v\u00e1rosi negyedeiben, ahol 48 \u00f3r\u00e1val kor\u00e1bban egy rend\u0151r hal\u00e1losan megsebes\u00edtett egy igazoltat\u00e1snak ellen\u00e1ll\u00f3, k\u00f6r\u00f6z\u00f6tt f\u00e9rfit.<\/strong><!--more--><\/p>\n<div class=\"ads-in-post1\"><div id=\"gazdasagportal.hu_fullbanner_wideboard\"><\/div>\r\n<\/div>\n<p>    A rend\u0151rt cs\u00fct\u00f6rt\u00f6k\u00f6n \u0151rizetbe vett\u00e9k, kihallgat\u00e1sa jelenleg is tart.<br \/>\n    Az \u00fajabb zavarg\u00e1sokat k\u00f6vet\u0151en p\u00e9nteken \u0151rizetbe vettek h\u00e1rom embert, k\u00f6zt\u00fck egy 14 \u00e9ves fi\u00fat, akin\u00e9l egy benzines palackot \u00e9s kan\u00f3cokat tal\u00e1ltak. A rendbont\u00f3k mintegy \u00f6tven g\u00e9pkocsit gy\u00fajtottak fel a v\u00e1ros k\u00fcl\u00f6nb\u00f6z\u0151 pontjain, szem\u00e9lyi s\u00e9r\u00fcl\u00e9s nem t\u00f6rt\u00e9nt &#8211; k\u00f6z\u00f6lt\u00e9k a t\u0171zolt\u00f3k. Egy gimn\u00e1ziumn\u00e1l \u00e9s egy benzink\u00fatn\u00e1l is t\u00f6rt\u00e9nt sz\u00e1nd\u00e9kos gy\u00fajtogat\u00e1s, de a l\u00e1ngokat a t\u0171zolt\u00f3k gyorsan eloltott\u00e1k.<br \/>\n<div class=\"ads-in-post2\"><script async src=\"https:\/\/pagead2.googlesyndication.com\/pagead\/js\/adsbygoogle.js\"><\/script>\r\n<ins class=\"adsbygoogle\"\r\n     style=\"display:block\"\r\n     data-ad-format=\"fluid\"\r\n     data-ad-layout-key=\"-6t+ed+2i-1n-4w\"\r\n     data-ad-client=\"ca-pub-1959107119989764\"\r\n     data-ad-slot=\"4008251320\"><\/ins>\r\n<script>\r\n     (adsbygoogle = window.adsbygoogle || []).push({});\r\n<\/script><\/div>\n    A cs\u00fct\u00f6rt\u00f6k este egy b\u00e9k\u00e9s menettel kezd\u0151d\u00f6tt a rend\u0151r \u00e1ltal lel\u0151tt aut\u00f3s eml\u00e9k\u00e9re a trag\u00e9dia helysz\u00edn\u00e9n, Nantes Breil nev\u0171 el\u0151v\u00e1ros\u00e1ban. A megeml\u00e9kez\u00e9sen mintegy ezren vettek r\u00e9szt &#8222;igazs\u00e1got&#8221; k\u00f6vetelve a 22 \u00e9ves \u00e1ldozatnak.<br \/>\n    A nantes-i \u00fcgy\u00e9szs\u00e9g cs\u00fct\u00f6rt\u00f6k d\u00e9lut\u00e1n azt k\u00f6z\u00f6lte, hogy \u0151rizetbe vett\u00e9k az aut\u00f3st hal\u00e1losan megsebes\u00edt\u0151 rend\u0151rt. Pierre Sennes \u00fcgy\u00e9sz k\u00f6zlem\u00e9nye szerint a rend\u0151rs\u00e9gi fel\u00fcgyeleti szerve, az IGPN hivatalos szem\u00e9ly \u00e1ltal sz\u00e1nd\u00e9kosan elk\u00f6vetett er\u0151szak gyan\u00faj\u00e1val \u00e1ll\u00edtotta el\u0151 cs\u00fct\u00f6rt\u00f6k d\u00e9lut\u00e1n a rend\u0151rt. Az \u00fcgy folytat\u00e1s\u00e1r\u00f3l \u00e9s az esetleges v\u00e1demel\u00e9sr\u0151l csak az \u0151rizetbe v\u00e9telt k\u00f6vet\u0151en k\u00edv\u00e1n d\u00f6nteni az \u00fcgy\u00e9szs\u00e9g.<br \/>\n    Edouard Philippe minisztereln\u00f6k cs\u00fct\u00f6rt\u00f6k d\u00e9lel\u0151tt Nantes-ba utazott, ahol el\u00edt\u00e9lte a zavarg\u00e1sokat \u00e9s az er\u0151szakot, de meg\u00edg\u00e9rte, hogy &#8222;teljes f\u00e9ny fog der\u00fclni&#8221; azokra az egyel\u0151re nem tiszt\u00e1zott k\u00f6r\u00fclm\u00e9nyekre, amelyek k\u00f6zepette a k\u00f6r\u00f6z\u00e9s alatt \u00e1ll\u00f3 f\u00e9rfi \u00e9let\u00e9t vesztette.<br \/>\n    A hivatalos t\u00e1j\u00e9koztat\u00e1s szerint a rend\u0151rs\u00e9g kedd este f\u00e9l 9 \u00f3rakor meg\u00e1ll\u00edtott egy g\u00e9pkocsit Nantes Breuil nev\u0171 egyed\u00e9ben, mert a sof\u0151r nem kapcsolta mag\u00e1ra biztons\u00e1gi \u00f6v\u00e9t. A g\u00e9pkocsit vezet\u0151, 22 \u00e9ves Aboubakar F, aki ellen csoportosan elk\u00f6vetett lop\u00e1s miatt elfogat\u00f3parancs volt \u00e9rv\u00e9nyben, a bel\u00fcgyminiszt\u00e9rium t\u00e1j\u00e9koztat\u00e1sa szerint nem volt hajland\u00f3 mag\u00e1t igazolni, mik\u00f6zben a rend\u0151r\u00f6k a g\u00e9pkocsi rendsz\u00e1ma alapj\u00e1n meg\u00e1llap\u00edtott\u00e1k, hogy a j\u00e1rm\u0171vet egy k\u00e1b\u00edt\u00f3szer-kereskedelemmel kapcsolatos nyomoz\u00e1s miatt keresi a nantes-i b\u0171n\u00fcgyi rend\u0151rs\u00e9g. A sof\u0151r el\u0151sz\u00f6r \u00fagy tett, mintha ki akarna sz\u00e1llni, de k\u00f6zben megpr\u00f3b\u00e1lt elmenek\u00fclni, ez\u00e9rt az egyik rend\u0151r r\u00e1l\u0151tt \u00e9s hal\u00e1losan megsebes\u00edtette a nyaki \u00fct\u0151er\u00e9n.<br \/>\n    Az \u00fcgyben a rend\u0151rs\u00e9g fel\u00fcgyeleti szerve, az IPGN vizsg\u00e1latot ind\u00edtott, miut\u00e1n szemtan\u00fak azt \u00e1ll\u00edtj\u00e1k: rend\u0151ri t\u00falkap\u00e1s t\u00f6rt\u00e9nt, a rend\u0151r azut\u00e1n l\u0151tt a mozdulatlan j\u00e1rm\u0171re, hogy a sof\u0151r azzal nekitolatott egy h\u00e1zfalnak.<br \/>\n    Nyomozati forr\u00e1sok szerint az IPGN cs\u00fct\u00f6rt\u00f6k este a hal\u00e1los l\u00f6v\u00e9st lead\u00f3 rend\u0151r \u00f6t koll\u00e9g\u00e1j\u00e1t is meghallgatta, akik azt \u00e1ll\u00edtott\u00e1k: a sof\u0151r tolat\u00e1s k\u00f6zben majdnem elg\u00e1zolt k\u00e9t gyereket, amit egy rend\u0151r akad\u00e1lyozott meg azzal, hogy az egyiket f\u00e9lrel\u00f6kte, a m\u00e1sikat pedig felkapta a karjaiba \u00e9s az egyik rend\u0151ri furgon m\u00f6g\u00e9 vitte. A rend\u0151r\u00f6k \u00e1ll\u00edt\u00e1sait az \u00fcgy\u00e9szs\u00e9g nem er\u0151s\u00edtette meg, s a szemtan\u00fak hat\u00e1rozottan \u00e1ll\u00edtj\u00e1k, hogy senki nem volt a tolat\u00f3 j\u00e1rm\u0171 k\u00f6zel\u00e9ben. Egy a jelenetet lefilmez\u0151 n\u0151 a francia h\u00edr\u00fcgyn\u00f6ks\u00e9gnek elmondta: rend\u0151r sem volt a tolat\u00f3 aut\u00f3 k\u00f6zel\u00e9ben, amely nem g\u00e1zolt el senkit.<br \/>\n    Nicole Klein prefektus cs\u00fct\u00f6rt\u00f6k este a zavarg\u00e1sok helysz\u00ednein j\u00e1rt \u00e9s t\u00e1mogat\u00e1s\u00e1r\u00f3l biztos\u00edtotta a rend\u0151ri er\u0151ket.<br \/>\n    &#8222;\u00c9rtem a f\u00e1jdalmat, de nem \u00e9rtem a k\u00f6ztulajdon elleni rombol\u00e1st&#8221; &#8211; mondta a prefektus.(MTI)<\/p>\n","protected":false},"excerpt":{"rendered":"<p>Harmadik \u00e9jjel voltak zavarg\u00e1sok p\u00e9ntekre virrad\u00f3 \u00e9jjel a nyugat-franciaorsz\u00e1gi Nantes el\u0151v\u00e1rosi negyedeiben, ahol 48 \u00f3r\u00e1val kor\u00e1bban egy rend\u0151r hal\u00e1losan megsebes\u00edtett egy igazoltat\u00e1snak ellen\u00e1ll\u00f3, k\u00f6r\u00f6z\u00f6tt f\u00e9rfit.<\/p>\n","protected":false},"author":1,"featured_media":0,"comment_status":"closed","ping_status":"open","sticky":false,"template":"","format":"standard","meta":[],"categories":[12],"tags":[],"_links":{"self":[{"href":"https:\/\/gazdasagportal.hu\/index.php\/wp-json\/wp\/v2\/posts\/106846"}],"collection":[{"href":"https:\/\/gazdasagportal.hu\/index.php\/wp-json\/wp\/v2\/posts"}],"about":[{"href":"https:\/\/gazdasagportal.hu\/index.php\/wp-json\/wp\/v2\/types\/post"}],"author":[{"embeddable":true,"href":"https:\/\/gazdasagportal.hu\/index.php\/wp-json\/wp\/v2\/users\/1"}],"replies":[{"embeddable":true,"href":"https:\/\/gazdasagportal.hu\/index.php\/wp-json\/wp\/v2\/comments?post=106846"}],"version-history":[{"count":1,"href":"https:\/\/gazdasagportal.hu\/index.php\/wp-json\/wp\/v2\/posts\/106846\/revisions"}],"predecessor-version":[{"id":106847,"href":"https:\/\/gazdasagportal.hu\/index.php\/wp-json\/wp\/v2\/posts\/106846\/revisions\/106847"}],"wp:attachment":[{"href":"https:\/\/gazdasagportal.hu\/index.php\/wp-json\/wp\/v2\/media?parent=106846"}],"wp:term":[{"taxonomy":"category","embeddable":true,"href":"https:\/\/gazdasagportal.hu\/index.php\/wp-json\/wp\/v2\/categories?post=106846"},{"taxonomy":"post_tag","embeddable":true,"href":"https:\/\/gazdasagportal.hu\/index.php\/wp-json\/wp\/v2\/tags?post=106846"}],"curies":[{"name":"wp","href":"https:\/\/api.w.org\/{rel}","templated":true}]}}