{"id":106842,"date":"2018-07-06T12:55:24","date_gmt":"2018-07-06T10:55:24","guid":{"rendered":"http:\/\/gazdasagportal.hu\/?p=106842"},"modified":"2018-07-06T12:34:28","modified_gmt":"2018-07-06T10:34:28","slug":"a-magyar-bortonok-a-legbiztonsagosabbak-kozott-vannak-europaban","status":"publish","type":"post","link":"https:\/\/gazdasagportal.hu\/index.php\/a-magyar-bortonok-a-legbiztonsagosabbak-kozott-vannak-europaban\/","title":{"rendered":"A magyar b\u00f6rt\u00f6n\u00f6k a legbiztons\u00e1gosabbak k\u00f6z\u00f6tt vannak Eur\u00f3p\u00e1ban"},"content":{"rendered":"<p><strong>A magyar b\u00f6rt\u00f6n\u00f6k az egyik legbiztons\u00e1gosabbak Eur\u00f3p\u00e1ban; az int\u00e9zm\u00e9nyekben nincs radikaliz\u00e1ci\u00f3, nem t\u00e1madj\u00e1k meg az \u0151r\u00f6ket, \u00e9s a sz\u00f6k\u00e9sek sz\u00e1ma sem kir\u00edv\u00f3 &#8211; mondta Bogoty\u00e1n R\u00f3bert ezredes p\u00e9ntek reggel az M1 aktu\u00e1lis csatorn\u00e1n.<\/strong><!--more--><\/p>\n<div class=\"ads-in-post1\"><div id=\"gazdasagportal.hu_fullbanner_wideboard\"><\/div>\r\n<\/div>\n<p>    Elmondta, az Eur\u00f3pa Tan\u00e1cs kutat\u00e1sa is meger\u0151s\u00edtette, j\u00f3 mutat\u00f3kkal rendelkeznek a hazai b\u00f6rt\u00f6n\u00f6k. Ezt p\u00e9ld\u00e1ul annak k\u00f6sz\u00f6nhetik, hogy folyamatosan monitorozz\u00e1k a fogvatartotti csoportokat, \u00e9s kock\u00e1zatelemz\u00e9seket hajtanak v\u00e9gre.<br \/>\n<div class=\"ads-in-post2\"><script async src=\"https:\/\/pagead2.googlesyndication.com\/pagead\/js\/adsbygoogle.js\"><\/script>\r\n<ins class=\"adsbygoogle\"\r\n     style=\"display:block\"\r\n     data-ad-format=\"fluid\"\r\n     data-ad-layout-key=\"-6t+ed+2i-1n-4w\"\r\n     data-ad-client=\"ca-pub-1959107119989764\"\r\n     data-ad-slot=\"4008251320\"><\/ins>\r\n<script>\r\n     (adsbygoogle = window.adsbygoogle || []).push({});\r\n<\/script><\/div>\n    \u00d6sszesen 18 ezer fogvatartott van Magyarorsz\u00e1gon, akik k\u00f6z\u00fcl az elm\u00falt \u00f6t \u00e9vben tizenh\u00e1rman sz\u00f6ktek meg, de valamennyien munkahelyr\u0151l. Ennek ellen\u00e9re a b\u00fcntet\u00e9s alatti munkav\u00e9gz\u00e9sr\u0151l azt gondolj\u00e1k, a reintegr\u00e1ci\u00f3 miatt kiemelt szerepe van, ez\u00e9rt igyekeznek mindenkit foglalkoztatni &#8211; f\u0171zte hozz\u00e1.<br \/>\n    A b\u00f6rt\u00f6n falain k\u00edv\u00fcl egy\u00e9bk\u00e9nt 1500 fogvatartott dolgozik.(MTI)<\/p>\n","protected":false},"excerpt":{"rendered":"<p>A magyar b\u00f6rt\u00f6n\u00f6k az egyik legbiztons\u00e1gosabbak Eur\u00f3p\u00e1ban; az int\u00e9zm\u00e9nyekben nincs radikaliz\u00e1ci\u00f3, nem t\u00e1madj\u00e1k meg az \u0151r\u00f6ket, \u00e9s a sz\u00f6k\u00e9sek sz\u00e1ma sem kir\u00edv\u00f3 &#8211; mondta Bogoty\u00e1n R\u00f3bert ezredes p\u00e9ntek reggel az M1 aktu\u00e1lis csatorn\u00e1n.<\/p>\n","protected":false},"author":1,"featured_media":0,"comment_status":"closed","ping_status":"open","sticky":false,"template":"","format":"standard","meta":[],"categories":[4],"tags":[],"_links":{"self":[{"href":"https:\/\/gazdasagportal.hu\/index.php\/wp-json\/wp\/v2\/posts\/106842"}],"collection":[{"href":"https:\/\/gazdasagportal.hu\/index.php\/wp-json\/wp\/v2\/posts"}],"about":[{"href":"https:\/\/gazdasagportal.hu\/index.php\/wp-json\/wp\/v2\/types\/post"}],"author":[{"embeddable":true,"href":"https:\/\/gazdasagportal.hu\/index.php\/wp-json\/wp\/v2\/users\/1"}],"replies":[{"embeddable":true,"href":"https:\/\/gazdasagportal.hu\/index.php\/wp-json\/wp\/v2\/comments?post=106842"}],"version-history":[{"count":1,"href":"https:\/\/gazdasagportal.hu\/index.php\/wp-json\/wp\/v2\/posts\/106842\/revisions"}],"predecessor-version":[{"id":106843,"href":"https:\/\/gazdasagportal.hu\/index.php\/wp-json\/wp\/v2\/posts\/106842\/revisions\/106843"}],"wp:attachment":[{"href":"https:\/\/gazdasagportal.hu\/index.php\/wp-json\/wp\/v2\/media?parent=106842"}],"wp:term":[{"taxonomy":"category","embeddable":true,"href":"https:\/\/gazdasagportal.hu\/index.php\/wp-json\/wp\/v2\/categories?post=106842"},{"taxonomy":"post_tag","embeddable":true,"href":"https:\/\/gazdasagportal.hu\/index.php\/wp-json\/wp\/v2\/tags?post=106842"}],"curies":[{"name":"wp","href":"https:\/\/api.w.org\/{rel}","templated":true}]}}