{"id":106838,"date":"2018-07-06T10:24:18","date_gmt":"2018-07-06T08:24:18","guid":{"rendered":"http:\/\/gazdasagportal.hu\/?p=106838"},"modified":"2018-07-06T10:24:18","modified_gmt":"2018-07-06T08:24:18","slug":"valtozik-a-fovarosi-kozlekedes-rendezveny-miatt-szombat-delutan","status":"publish","type":"post","link":"https:\/\/gazdasagportal.hu\/index.php\/valtozik-a-fovarosi-kozlekedes-rendezveny-miatt-szombat-delutan\/","title":{"rendered":"V\u00e1ltozik a f\u0151v\u00e1rosi k\u00f6zleked\u00e9s rendezv\u00e9ny miatt szombat d\u00e9lut\u00e1n"},"content":{"rendered":"<p><strong>V\u00e1ltozik a kisf\u00f6ldalatti, a 2-es metr\u00f3, az M3-as metr\u00f3p\u00f3tl\u00f3, valamint t\u00f6bb villamos, busz \u00e9s troli k\u00f6zleked\u00e9se szombat d\u00e9lut\u00e1n, mert 14 \u00f3r\u00e1t\u00f3l tartj\u00e1k a Budapest Pride rendezv\u00e9nyt &#8211; t\u00e1j\u00e9koztatta a Budapesti K\u00f6zleked\u00e9si K\u00f6zpont (BKK) cs\u00fct\u00f6rt\u00f6k\u00f6n az MTI-t.<\/strong><!--more--><\/p>\n<div class=\"ads-in-post1\"><div id=\"gazdasagportal.hu_fullbanner_wideboard\"><\/div>\r\n<\/div>\n<p>    Mint \u00edrt\u00e1k, a r\u00e9sztvev\u0151k 15.30-t\u00f3l v\u00e1rhat\u00f3an 17.30-ig a V\u00e1rosligeti fasor \u00e9s a Kossuth Lajos t\u00e9r k\u00f6z\u00f6tt vonulnak. Az \u00e9rintett \u00fatszakaszokat 14 \u00f3r\u00e1t\u00f3l kordonozz\u00e1k, a vonul\u00e1s \u00fatvonal\u00e1n v\u00e1ltoz\u00f3 id\u0151szakokban a gyalogos keresztir\u00e1ny\u00fa mozg\u00e1s is tilos lesz.<br \/>\n    A k\u00f6z\u00fati korl\u00e1toz\u00e1sokat ismertetve k\u00f6z\u00f6lt\u00e9k: 13 \u00f3r\u00e1t\u00f3l 17 \u00f3r\u00e1ig lez\u00e1rj\u00e1k \u00e9s kordonozz\u00e1k a V\u00e1rosligeti fasort a D\u00f3zsa Gy\u00f6rgy \u00fat \u00e9s a L\u00f6v\u00f6lde t\u00e9r k\u00f6z\u00f6tt; 14 \u00f3r\u00e1t\u00f3l v\u00e1rhat\u00f3an 17 \u00f3r\u00e1ig lez\u00e1rj\u00e1k az Andr\u00e1ssy utat a H\u0151s\u00f6k tere \u00e9s az Oktogon k\u00f6z\u00f6tt, az Oktogont pedig v\u00e1rhat\u00f3an 16 \u00e9s 17 \u00f3ra k\u00f6z\u00f6tt; 14.30-t\u00f3l v\u00e1rhat\u00f3an 17 \u00f3r\u00e1ig lez\u00e1rj\u00e1k a teljes Andr\u00e1ssy utat, valamint a Nagymez\u0151 utc\u00e1t, a rend\u0151rs\u00e9g a keresztir\u00e1ny\u00fa forgalmat folyamatosan, szakaszosan nyitja meg; 17 \u00f3r\u00e1t\u00f3l 17.30-ig lez\u00e1rj\u00e1k \u00e9s kordonozz\u00e1k a Bajcsy-Zsilinszky utat a Nyugati t\u00e9r \u00e9s az Andr\u00e1ssy \u00fat k\u00f6z\u00f6tt, ekkor az Oktogont \u00e9s az Andr\u00e1ssy utat megnyitj\u00e1k; 14 \u00f3r\u00e1t\u00f3l v\u00e1rhat\u00f3an 20 \u00f3r\u00e1ig lez\u00e1rj\u00e1k \u00e9s kordonozz\u00e1k az Alkotm\u00e1ny utca-Kossuth Lajos t\u00e9r \u00fatvonalat \u00e9s a vele p\u00e1rhuzamos utc\u00e1kat.<br \/>\n<div class=\"ads-in-post2\"><script async src=\"https:\/\/pagead2.googlesyndication.com\/pagead\/js\/adsbygoogle.js\"><\/script>\r\n<ins class=\"adsbygoogle\"\r\n     style=\"display:block\"\r\n     data-ad-format=\"fluid\"\r\n     data-ad-layout-key=\"-6t+ed+2i-1n-4w\"\r\n     data-ad-client=\"ca-pub-1959107119989764\"\r\n     data-ad-slot=\"4008251320\"><\/ins>\r\n<script>\r\n     (adsbygoogle = window.adsbygoogle || []).push({});\r\n<\/script><\/div>\n    A Kossuth Lajos t\u00e9r \u00e9s k\u00f6rny\u00e9k\u00e9nek lez\u00e1r\u00e1sa idej\u00e9n a 2-es metr\u00f3 Kossuth t\u00e9ri \u00e1llom\u00e1s\u00e1t 15 \u00f3r\u00e1t\u00f3l v\u00e1rhat\u00f3an 17.30-ig lez\u00e1rj\u00e1k, a metr\u00f3szerelv\u00e9nyek meg\u00e1ll\u00e1s n\u00e9lk\u00fcl \u00e1thaladnak az \u00e1llom\u00e1son. A 2-es villamos 14 \u00f3r\u00e1t\u00f3l v\u00e1rhat\u00f3an 20 \u00f3r\u00e1ig r\u00f6vid\u00edtett \u00fatvonalon, a K\u00f6zv\u00e1g\u00f3h\u00edd \u00e9s a Kossuth Lajos t\u00e9r (Sz\u00e9chenyi rakpart) k\u00f6z\u00f6tt k\u00f6zlekedik. M\u00f3dos\u00edtott \u00fatvonalon j\u00e1r a 70-es \u00e9s a 78-as trolibusz v\u00e1rhat\u00f3an 17.30 \u00e9s 20 \u00f3ra k\u00f6z\u00f6tt, a 15-\u00f6s \u00e9s 115-\u00f6s aut\u00f3busz 14 \u00e9s 17 \u00f3ra, majd v\u00e1rhat\u00f3an 17.30 \u00e9s 20 \u00f3ra k\u00f6z\u00f6tt.<br \/>\n    A 4-6-os villamos az Oktogon v\u00e1rhat\u00f3an 16 \u00e9s 17 \u00f3ra k\u00f6z\u00f6tti lez\u00e1r\u00e1sa idej\u00e9n r\u00f6vid\u00edtett \u00fatvonalon, a Sz\u00e9ll K\u00e1lm\u00e1n t\u00e9r fel\u0151l az Oktogon helyett a Nyugati p\u00e1lyaudvarig k\u00f6zlekedik. A 4-6-os villamosp\u00f3tl\u00f3 aut\u00f3busz ugyanebben az id\u0151szakban r\u00f6vid\u00edtett \u00fatvonalon, a P\u00e1l utca (Corvin-negyed meg\u00e1ll\u00f3) \u00e9s a Kir\u00e1ly utca\/Erzs\u00e9bet k\u00f6r\u00fat k\u00f6z\u00f6tt k\u00f6zlekedik. A menet elhalad\u00e1s\u00e1ig gyalogosan sem lehet kereszt\u00fcljutni az Andr\u00e1ssy \u00faton.<br \/>\n    A kisf\u00f6ldalatti (1-es metr\u00f3) v\u00e1rhat\u00f3an 14 \u00e9s 17 \u00f3ra k\u00f6z\u00f6tt nem \u00e1ll meg a V\u00f6r\u00f6smarty utca, a Kod\u00e1ly k\u00f6r\u00f6nd \u00e9s a Bajza utca \u00e1llom\u00e1son, v\u00e1rhat\u00f3an 16 \u00e9s 17 \u00f3ra k\u00f6z\u00f6tt pedig az Oktogon \u00e1llom\u00e1son sem. Szint\u00e9n m\u00f3dosul a 70-es trolibusz \u00fatvonala 14 \u00f3ra \u00e9s 17.30 k\u00f6z\u00f6tt. A 73-as troli v\u00e1rhat\u00f3an 15.30 \u00e9s 17.30 k\u00f6z\u00f6tt nem k\u00f6zlekedik. A 76-os trolibusz v\u00e1rhat\u00f3an 15.30 \u00e9s 17.30 k\u00f6z\u00f6tt megosztott \u00e9s m\u00f3dos\u00edtott \u00fatvonalon, a 78-as trolibusz 14 \u00f3ra \u00e9s 17.30 k\u00f6z\u00f6tt r\u00f6vid\u00edtett \u00fatvonalon j\u00e1r. A 105-\u00f6s busz v\u00e1rhat\u00f3an 14 \u00f3r\u00e1t\u00f3l 16.50-ig m\u00f3dos\u00edtott \u00fatvonalon halad.<br \/>\n    A Bajcsy-Zsilinszky \u00fat lez\u00e1r\u00e1sa idej\u00e9n az M3-as metr\u00f3p\u00f3tl\u00f3 busz \u00e9s a 9-es aut\u00f3busz v\u00e1rhat\u00f3an 17 \u00f3ra \u00e9s 17.30 k\u00f6z\u00f6tt mindk\u00e9t ir\u00e1nyban a Nyugati t\u00e9r-Ter\u00e9z k\u00f6r\u00fat-Oktogon-Andr\u00e1ssy \u00fat-Bajcsy-Zsilinszky \u00fat m\u00f3dos\u00edtott \u00fatvonalon k\u00f6zlekedik, nem \u00e9rinti az Arany J\u00e1nos utca meg\u00e1ll\u00f3t. A 15-\u00f6s \u00e9s a 115-\u00f6s aut\u00f3busz v\u00e1rhat\u00f3an 17 \u00f3ra \u00e9s 17:30 k\u00f6z\u00f6tt mindk\u00e9t ir\u00e1nyban m\u00f3dos\u00edtott \u00fatvonalon j\u00e1r. A 72-es trolibusz v\u00e1rhat\u00f3an 16:50-t\u0151l 17:30-ig az Arany J\u00e1nos utcai v\u00e9g\u00e1llom\u00e1s helyett a Nyugati p\u00e1lyaudvarhoz megy.<br \/>\n    A r\u00e9szletekr\u0151l a BKK weboldal\u00e1n t\u00e1j\u00e9koz\u00f3dhatnak az \u00e9rdekl\u0151d\u0151k.(MTI)<\/p>\n","protected":false},"excerpt":{"rendered":"<p>V\u00e1ltozik a kisf\u00f6ldalatti, a 2-es metr\u00f3, az M3-as metr\u00f3p\u00f3tl\u00f3, valamint t\u00f6bb villamos, busz \u00e9s troli k\u00f6zleked\u00e9se szombat d\u00e9lut\u00e1n, mert 14 \u00f3r\u00e1t\u00f3l tartj\u00e1k a Budapest Pride rendezv\u00e9nyt &#8211; t\u00e1j\u00e9koztatta a Budapesti K\u00f6zleked\u00e9si K\u00f6zpont (BKK) cs\u00fct\u00f6rt\u00f6k\u00f6n az MTI-t.<\/p>\n","protected":false},"author":1,"featured_media":0,"comment_status":"closed","ping_status":"open","sticky":false,"template":"","format":"standard","meta":[],"categories":[4],"tags":[],"_links":{"self":[{"href":"https:\/\/gazdasagportal.hu\/index.php\/wp-json\/wp\/v2\/posts\/106838"}],"collection":[{"href":"https:\/\/gazdasagportal.hu\/index.php\/wp-json\/wp\/v2\/posts"}],"about":[{"href":"https:\/\/gazdasagportal.hu\/index.php\/wp-json\/wp\/v2\/types\/post"}],"author":[{"embeddable":true,"href":"https:\/\/gazdasagportal.hu\/index.php\/wp-json\/wp\/v2\/users\/1"}],"replies":[{"embeddable":true,"href":"https:\/\/gazdasagportal.hu\/index.php\/wp-json\/wp\/v2\/comments?post=106838"}],"version-history":[{"count":1,"href":"https:\/\/gazdasagportal.hu\/index.php\/wp-json\/wp\/v2\/posts\/106838\/revisions"}],"predecessor-version":[{"id":106839,"href":"https:\/\/gazdasagportal.hu\/index.php\/wp-json\/wp\/v2\/posts\/106838\/revisions\/106839"}],"wp:attachment":[{"href":"https:\/\/gazdasagportal.hu\/index.php\/wp-json\/wp\/v2\/media?parent=106838"}],"wp:term":[{"taxonomy":"category","embeddable":true,"href":"https:\/\/gazdasagportal.hu\/index.php\/wp-json\/wp\/v2\/categories?post=106838"},{"taxonomy":"post_tag","embeddable":true,"href":"https:\/\/gazdasagportal.hu\/index.php\/wp-json\/wp\/v2\/tags?post=106838"}],"curies":[{"name":"wp","href":"https:\/\/api.w.org\/{rel}","templated":true}]}}