{"id":106812,"date":"2018-07-05T15:24:42","date_gmt":"2018-07-05T13:24:42","guid":{"rendered":"http:\/\/gazdasagportal.hu\/?p=106812"},"modified":"2018-07-05T09:25:35","modified_gmt":"2018-07-05T07:25:35","slug":"tobb-mint-2-milliard-forintot-nyertek-a-pest-megyei-onkormanyzatok-vallalkozoi-parkok-kialakitasara-es-fejlesztesere","status":"publish","type":"post","link":"https:\/\/gazdasagportal.hu\/index.php\/tobb-mint-2-milliard-forintot-nyertek-a-pest-megyei-onkormanyzatok-vallalkozoi-parkok-kialakitasara-es-fejlesztesere\/","title":{"rendered":"T\u00f6bb mint 2 milli\u00e1rd forintot nyertek a Pest megyei \u00f6nkorm\u00e1nyzatok v\u00e1llalkoz\u00f3i parkok kialak\u00edt\u00e1s\u00e1ra \u00e9s fejleszt\u00e9s\u00e9re"},"content":{"rendered":"<p><strong>Tizenegy Pest megyei \u00f6nkorm\u00e1nyzat nyert el t\u00f6bb mint 2 milli\u00e1rd forintot a telep\u00fcl\u00e9sek v\u00e1llalkoz\u00f3i parkjainak fejleszt\u00e9s\u00e9re, korszer\u0171s\u00edt\u00e9s\u00e9re &#8211; jelentette be R\u00e1kossy Bal\u00e1zs, a P\u00e9nz\u00fcgyminiszt\u00e9rium (PM) eur\u00f3pai uni\u00f3s forr\u00e1sok felhaszn\u00e1l\u00e1s\u00e1\u00e9rt felel\u0151s \u00e1llamtitk\u00e1ra az MTI-nek.<\/strong><!--more--><\/p>\n<div class=\"ads-in-post1\"><div id=\"gazdasagportal.hu_fullbanner_wideboard\"><\/div>\r\n<\/div>\n<p>    Hozz\u00e1tette: a korm\u00e1ny Pest megye fejleszt\u00e9s\u00e9t szolg\u00e1l\u00f3 programj\u00e1nak hatodik felh\u00edv\u00e1s\u00e1ra jelent\u0151s volt a t\u00falig\u00e9nyl\u00e9s, \u00edgy a t\u00e1rca az eredeti t\u00e1mogat\u00e1si keret\u00f6sszeget tov\u00e1bbi 70 milli\u00f3 forinttal emelte meg.<br \/>\n    A v\u00e1llalkoz\u00f3i parkok fejleszt\u00e9s\u00e9nek t\u00e1mogat\u00e1s\u00e1ra ir\u00e1nyul\u00f3 p\u00e1ly\u00e1zat 2017 december\u00e9ben jelent meg, c\u00e9lja az \u00f6nkorm\u00e1nyzatok tulajdon\u00e1t k\u00e9pz\u0151 ipari, gazdas\u00e1gi felhaszn\u00e1l\u00e1sra sz\u00e1nt ter\u00fcletek v\u00e1llalkoz\u00f3i parkk\u00e1 t\u00f6rt\u00e9n\u0151 fejleszt\u00e9se \u00e9s az ehhez kapcsol\u00f3d\u00f3 alapinfrastrukt\u00fara ki\u00e9p\u00edt\u00e9se.<br \/>\n<div class=\"ads-in-post2\"><script async src=\"https:\/\/pagead2.googlesyndication.com\/pagead\/js\/adsbygoogle.js\"><\/script>\r\n<ins class=\"adsbygoogle\"\r\n     style=\"display:block\"\r\n     data-ad-format=\"fluid\"\r\n     data-ad-layout-key=\"-6t+ed+2i-1n-4w\"\r\n     data-ad-client=\"ca-pub-1959107119989764\"\r\n     data-ad-slot=\"4008251320\"><\/ins>\r\n<script>\r\n     (adsbygoogle = window.adsbygoogle || []).push({});\r\n<\/script><\/div>\n    Az ig\u00e9nyelhet\u0151 legmagasabb t\u00e1mogat\u00e1si \u00f6sszeg 250 milli\u00f3 forint volt. A be\u00e9rkezett, szakmailag j\u00f3l el\u0151k\u00e9sz\u00edtett telep\u00fcl\u00e9si p\u00e1ly\u00e1zatok mindegyik\u00e9nek t\u00e1mogat\u00e1sa \u00e9rdek\u00e9ben, azok v\u00e1rhat\u00f3 pozit\u00edv gazdas\u00e1gfejleszt\u00e9si hat\u00e1s\u00e1ra tekintettel a t\u00e1rca az eredeti 2 milli\u00e1rd forintos t\u00e1mogat\u00e1si keret\u00f6sszeget tov\u00e1bbi 70 milli\u00f3 forinttal megemelte &#8211; ismertette az \u00e1llamtitk\u00e1r.<br \/>\n    A megemelt keretb\u0151l 11 Pest megyei telep\u00fcl\u00e9sen mintegy 48,5 hekt\u00e1rnyi, korszer\u0171 infrastrukt\u00far\u00e1val felszerelt v\u00e1llalkoz\u00f3i park j\u00f6n l\u00e9tre, hogy a Pest megyei v\u00e1llalkoz\u00e1soknak megfelel\u0151 telephelyeket biztos\u00edtson, el\u00e9rhet\u0151s\u00e9g\u00fcket, m\u0171k\u00f6d\u00e9si felt\u00e9teleiket kedvez\u0151bb\u00e9 tegye.<br \/>\n    A beruh\u00e1z\u00e1sok v\u00e1rhat\u00f3an t\u00f6bb mint 300 \u00faj munkahely l\u00e9trej\u00f6tt\u00e9t seg\u00edtik el\u0151 &#8211; t\u00e1j\u00e9koztatott R\u00e1kossy Bal\u00e1zs.<br \/>\n(MTI)<\/p>\n","protected":false},"excerpt":{"rendered":"<p>Tizenegy Pest megyei \u00f6nkorm\u00e1nyzat nyert el t\u00f6bb mint 2 milli\u00e1rd forintot a telep\u00fcl\u00e9sek v\u00e1llalkoz\u00f3i parkjainak fejleszt\u00e9s\u00e9re, korszer\u0171s\u00edt\u00e9s\u00e9re &#8211; jelentette be R\u00e1kossy Bal\u00e1zs, a P\u00e9nz\u00fcgyminiszt\u00e9rium (PM) eur\u00f3pai uni\u00f3s forr\u00e1sok felhaszn\u00e1l\u00e1s\u00e1\u00e9rt felel\u0151s \u00e1llamtitk\u00e1ra az MTI-nek.<\/p>\n","protected":false},"author":1,"featured_media":0,"comment_status":"closed","ping_status":"open","sticky":false,"template":"","format":"standard","meta":[],"categories":[19],"tags":[],"_links":{"self":[{"href":"https:\/\/gazdasagportal.hu\/index.php\/wp-json\/wp\/v2\/posts\/106812"}],"collection":[{"href":"https:\/\/gazdasagportal.hu\/index.php\/wp-json\/wp\/v2\/posts"}],"about":[{"href":"https:\/\/gazdasagportal.hu\/index.php\/wp-json\/wp\/v2\/types\/post"}],"author":[{"embeddable":true,"href":"https:\/\/gazdasagportal.hu\/index.php\/wp-json\/wp\/v2\/users\/1"}],"replies":[{"embeddable":true,"href":"https:\/\/gazdasagportal.hu\/index.php\/wp-json\/wp\/v2\/comments?post=106812"}],"version-history":[{"count":1,"href":"https:\/\/gazdasagportal.hu\/index.php\/wp-json\/wp\/v2\/posts\/106812\/revisions"}],"predecessor-version":[{"id":106813,"href":"https:\/\/gazdasagportal.hu\/index.php\/wp-json\/wp\/v2\/posts\/106812\/revisions\/106813"}],"wp:attachment":[{"href":"https:\/\/gazdasagportal.hu\/index.php\/wp-json\/wp\/v2\/media?parent=106812"}],"wp:term":[{"taxonomy":"category","embeddable":true,"href":"https:\/\/gazdasagportal.hu\/index.php\/wp-json\/wp\/v2\/categories?post=106812"},{"taxonomy":"post_tag","embeddable":true,"href":"https:\/\/gazdasagportal.hu\/index.php\/wp-json\/wp\/v2\/tags?post=106812"}],"curies":[{"name":"wp","href":"https:\/\/api.w.org\/{rel}","templated":true}]}}