{"id":106808,"date":"2018-07-05T13:20:41","date_gmt":"2018-07-05T11:20:41","guid":{"rendered":"http:\/\/gazdasagportal.hu\/?p=106808"},"modified":"2018-07-05T09:21:39","modified_gmt":"2018-07-05T07:21:39","slug":"szakerto-bekulekeny-es-konstruktiv-talalkozora-lehet-szamitani-orban-es-merkel-kozott","status":"publish","type":"post","link":"https:\/\/gazdasagportal.hu\/index.php\/szakerto-bekulekeny-es-konstruktiv-talalkozora-lehet-szamitani-orban-es-merkel-kozott\/","title":{"rendered":"Szak\u00e9rt\u0151: b\u00e9k\u00fcl\u00e9keny \u00e9s konstrukt\u00edv tal\u00e1lkoz\u00f3ra lehet sz\u00e1m\u00edtani Orb\u00e1n \u00e9s Merkel k\u00f6z\u00f6tt"},"content":{"rendered":"<p><strong>B\u00e9k\u00fcl\u00e9keny \u00e9s konstrukt\u00edv hangulat\u00fa tal\u00e1lkoz\u00f3ra lehet sz\u00e1m\u00edtani Orb\u00e1n Viktor korm\u00e1nyf\u0151 \u00e9s Angela Merkel n\u00e9met kancell\u00e1r k\u00f6z\u00f6tt a M\u00e9dian\u00e9z\u0151 \u00fcgyvezet\u0151je szerint. <\/strong><!--more--><\/p>\n<div class=\"ads-in-post1\"><div id=\"gazdasagportal.hu_fullbanner_wideboard\"><\/div>\r\n<\/div>\n<p>    Boros B\u00e1nk Levente az M1 aktu\u00e1lis csatorna cs\u00fct\u00f6rt\u00f6k reggeli m\u0171sor\u00e1ban azt mondta, azzal, hogy Orb\u00e1n Viktor \u00e9vek \u00f3ta k\u00f6vetkezetesen ki\u00e1ll a migr\u00e1ci\u00f3val kapcsolatos magyar \u00e1ll\u00e1spont mellett, meger\u0151s\u00f6d\u00f6tt, m\u00edg Angela Merkel &#8222;nem a maga ura&#8221; sem saj\u00e1t korm\u00e1ny\u00e1ban, sem N\u00e9metorsz\u00e1gban. \u00dagy v\u00e9lte, Orb\u00e1n Viktor seg\u00edt\u0151 kezet ny\u00fajthat a n\u00e9met kancell\u00e1rnak Eur\u00f3pa j\u00f6v\u0151j\u00e9t illet\u0151en vagy migr\u00e1ci\u00f3s k\u00e9rd\u00e9sekben.<br \/>\n    &#8222;Most lehet g\u00e1l\u00e1nsnak \u00e9s eleg\u00e1nsnak lenni Magyarorsz\u00e1g r\u00e9sz\u00e9r\u0151l&#8221; &#8211; fogalmazott az elemz\u0151.(MTI)<br \/>\n<div class=\"ads-in-post2\"><script async src=\"https:\/\/pagead2.googlesyndication.com\/pagead\/js\/adsbygoogle.js\"><\/script>\r\n<ins class=\"adsbygoogle\"\r\n     style=\"display:block\"\r\n     data-ad-format=\"fluid\"\r\n     data-ad-layout-key=\"-6t+ed+2i-1n-4w\"\r\n     data-ad-client=\"ca-pub-1959107119989764\"\r\n     data-ad-slot=\"4008251320\"><\/ins>\r\n<script>\r\n     (adsbygoogle = window.adsbygoogle || []).push({});\r\n<\/script><\/div>\n","protected":false},"excerpt":{"rendered":"<p>B\u00e9k\u00fcl\u00e9keny \u00e9s konstrukt\u00edv hangulat\u00fa tal\u00e1lkoz\u00f3ra lehet sz\u00e1m\u00edtani Orb\u00e1n Viktor korm\u00e1nyf\u0151 \u00e9s Angela Merkel n\u00e9met kancell\u00e1r k\u00f6z\u00f6tt a M\u00e9dian\u00e9z\u0151 \u00fcgyvezet\u0151je szerint.<\/p>\n","protected":false},"author":1,"featured_media":0,"comment_status":"closed","ping_status":"open","sticky":false,"template":"","format":"standard","meta":[],"categories":[4,12],"tags":[],"_links":{"self":[{"href":"https:\/\/gazdasagportal.hu\/index.php\/wp-json\/wp\/v2\/posts\/106808"}],"collection":[{"href":"https:\/\/gazdasagportal.hu\/index.php\/wp-json\/wp\/v2\/posts"}],"about":[{"href":"https:\/\/gazdasagportal.hu\/index.php\/wp-json\/wp\/v2\/types\/post"}],"author":[{"embeddable":true,"href":"https:\/\/gazdasagportal.hu\/index.php\/wp-json\/wp\/v2\/users\/1"}],"replies":[{"embeddable":true,"href":"https:\/\/gazdasagportal.hu\/index.php\/wp-json\/wp\/v2\/comments?post=106808"}],"version-history":[{"count":1,"href":"https:\/\/gazdasagportal.hu\/index.php\/wp-json\/wp\/v2\/posts\/106808\/revisions"}],"predecessor-version":[{"id":106809,"href":"https:\/\/gazdasagportal.hu\/index.php\/wp-json\/wp\/v2\/posts\/106808\/revisions\/106809"}],"wp:attachment":[{"href":"https:\/\/gazdasagportal.hu\/index.php\/wp-json\/wp\/v2\/media?parent=106808"}],"wp:term":[{"taxonomy":"category","embeddable":true,"href":"https:\/\/gazdasagportal.hu\/index.php\/wp-json\/wp\/v2\/categories?post=106808"},{"taxonomy":"post_tag","embeddable":true,"href":"https:\/\/gazdasagportal.hu\/index.php\/wp-json\/wp\/v2\/tags?post=106808"}],"curies":[{"name":"wp","href":"https:\/\/api.w.org\/{rel}","templated":true}]}}