{"id":106806,"date":"2018-07-05T12:18:53","date_gmt":"2018-07-05T10:18:53","guid":{"rendered":"http:\/\/gazdasagportal.hu\/?p=106806"},"modified":"2018-07-05T09:20:05","modified_gmt":"2018-07-05T07:20:05","slug":"nottek-a-nemet-gyaripari-megrendelesek-majusban","status":"publish","type":"post","link":"https:\/\/gazdasagportal.hu\/index.php\/nottek-a-nemet-gyaripari-megrendelesek-majusban\/","title":{"rendered":"N\u0151ttek a n\u00e9met gy\u00e1ripari megrendel\u00e9sek m\u00e1jusban"},"content":{"rendered":"<p><strong>M\u00e1jusban a v\u00e1rtn\u00e1l nagyobb m\u00e9rt\u00e9kben n\u0151ttek a n\u00e9met gy\u00e1ripar megrendel\u00e9sei.<\/strong><!--more--><\/p>\n<div class=\"ads-in-post1\"><div id=\"gazdasagportal.hu_fullbanner_wideboard\"><\/div>\r\n<\/div>\n<p>    A n\u00e9met gazdas\u00e1gi miniszt\u00e9rium cs\u00fct\u00f6rt\u00f6k\u00f6n azt k\u00f6z\u00f6lte, hogy a m\u00e1jusi megrendel\u00e9sek 2,6 sz\u00e1zal\u00e9kkal b\u0151v\u00fcltek az el\u0151z\u0151 h\u00f3naphoz k\u00e9pest, amikor 2,5 sz\u00e1zal\u00e9kos cs\u00f6kken\u00e9st jegyeztek fel m\u00e1rciushoz viszony\u00edtva.<br \/>\n    Szak\u00e9rt\u0151k a rendel\u00e9s\u00e1llom\u00e1ny szer\u00e9nyebb, 1,1 sz\u00e1zal\u00e9kos n\u00f6veked\u00e9s\u00e9re sz\u00e1m\u00edtottak m\u00e1jusban.<br \/>\n<div class=\"ads-in-post2\"><script async src=\"https:\/\/pagead2.googlesyndication.com\/pagead\/js\/adsbygoogle.js\"><\/script>\r\n<ins class=\"adsbygoogle\"\r\n     style=\"display:block\"\r\n     data-ad-format=\"fluid\"\r\n     data-ad-layout-key=\"-6t+ed+2i-1n-4w\"\r\n     data-ad-client=\"ca-pub-1959107119989764\"\r\n     data-ad-slot=\"4008251320\"><\/ins>\r\n<script>\r\n     (adsbygoogle = window.adsbygoogle || []).push({});\r\n<\/script><\/div>\n    \u00c9ves szinten a rendel\u00e9s\u00e1llom\u00e1ny a v\u00e1rt 1,7 sz\u00e1zal\u00e9kn\u00e1l jelent\u0151sebben, 4,4 sz\u00e1zal\u00e9kkal n\u0151tt m\u00e1jusban az \u00e1prilisi 0,1 sz\u00e1zal\u00e9kos cs\u00f6kken\u00e9st k\u00f6vet\u0151en.<br \/>\n    A belf\u00f6ldi megrendel\u00e9sek 4,3 sz\u00e1zal\u00e9kkal, az exportrendel\u00e9sek 1,6 sz\u00e1zal\u00e9kkal n\u0151ttek havi szinten. Az eur\u00f3\u00f6vezetb\u0151l a megrendel\u00e9sek 6,7 sz\u00e1zal\u00e9kkal b\u0151v\u00fcltek, ugyanakkor az eur\u00f3\u00f6vezeten k\u00edv\u00fclr\u0151l 1,3 sz\u00e1zal\u00e9kkal cs\u00f6kkentek.(MTI)<\/p>\n","protected":false},"excerpt":{"rendered":"<p>M\u00e1jusban a v\u00e1rtn\u00e1l nagyobb m\u00e9rt\u00e9kben n\u0151ttek a n\u00e9met gy\u00e1ripar megrendel\u00e9sei.<\/p>\n","protected":false},"author":1,"featured_media":0,"comment_status":"closed","ping_status":"open","sticky":false,"template":"","format":"standard","meta":[],"categories":[12],"tags":[],"_links":{"self":[{"href":"https:\/\/gazdasagportal.hu\/index.php\/wp-json\/wp\/v2\/posts\/106806"}],"collection":[{"href":"https:\/\/gazdasagportal.hu\/index.php\/wp-json\/wp\/v2\/posts"}],"about":[{"href":"https:\/\/gazdasagportal.hu\/index.php\/wp-json\/wp\/v2\/types\/post"}],"author":[{"embeddable":true,"href":"https:\/\/gazdasagportal.hu\/index.php\/wp-json\/wp\/v2\/users\/1"}],"replies":[{"embeddable":true,"href":"https:\/\/gazdasagportal.hu\/index.php\/wp-json\/wp\/v2\/comments?post=106806"}],"version-history":[{"count":1,"href":"https:\/\/gazdasagportal.hu\/index.php\/wp-json\/wp\/v2\/posts\/106806\/revisions"}],"predecessor-version":[{"id":106807,"href":"https:\/\/gazdasagportal.hu\/index.php\/wp-json\/wp\/v2\/posts\/106806\/revisions\/106807"}],"wp:attachment":[{"href":"https:\/\/gazdasagportal.hu\/index.php\/wp-json\/wp\/v2\/media?parent=106806"}],"wp:term":[{"taxonomy":"category","embeddable":true,"href":"https:\/\/gazdasagportal.hu\/index.php\/wp-json\/wp\/v2\/categories?post=106806"},{"taxonomy":"post_tag","embeddable":true,"href":"https:\/\/gazdasagportal.hu\/index.php\/wp-json\/wp\/v2\/tags?post=106806"}],"curies":[{"name":"wp","href":"https:\/\/api.w.org\/{rel}","templated":true}]}}