{"id":106804,"date":"2018-07-05T11:16:27","date_gmt":"2018-07-05T09:16:27","guid":{"rendered":"http:\/\/gazdasagportal.hu\/?p=106804"},"modified":"2018-07-05T09:17:33","modified_gmt":"2018-07-05T07:17:33","slug":"hitelszakerto-erdemes-fixalni-a-hitelkamatokat","status":"publish","type":"post","link":"https:\/\/gazdasagportal.hu\/index.php\/hitelszakerto-erdemes-fixalni-a-hitelkamatokat\/","title":{"rendered":"Hitelszak\u00e9rt\u0151: \u00e9rdemes fix\u00e1lni a hitelkamatokat"},"content":{"rendered":"<p><strong>\u00c9rdemes \u00e1tgondolni a hitelkamatok fix\u00e1l\u00e1s\u00e1t, mert a bankk\u00f6zi piacon emelkedtek a kamatok, \u00e9s ezt a bankok \u00e9rv\u00e9nyes\u00edteni fogj\u00e1k a hitelkamatokban &#8211; h\u00edvta fel a figyelmet Trencs\u00e1n Erika, a BankR\u00e1cio.hu hitelszak\u00e9rt\u0151je cs\u00fct\u00f6rt\u00f6k\u00f6n az M1 aktu\u00e1lis csatorn\u00e1n.<\/strong><!--more--><\/p>\n<div class=\"ads-in-post1\"><div id=\"gazdasagportal.hu_fullbanner_wideboard\"><\/div>\r\n<\/div>\n<p>    Kifejtette, azoknak lesz \u00e9rz\u00e9keny a hitelkamat-emel\u00e9s, akik r\u00f6vid id\u0151szakra a fix\u00e1lt kamatoz\u00e1s\u00fa hitelt v\u00e1lasztott\u00e1k, mert a fix id\u0151szak ut\u00e1n a kamatemel\u00e9s miatt megemelkednek a havi t\u00f6rleszt\u0151 r\u00e9szletek.<br \/>\n    P\u00e9ldak\u00e9nt eml\u00edtette, hogy egy 10 milli\u00f3 forintos, 15 \u00e9ves futamidej\u0171 hiteln\u00e9l egy sz\u00e1zal\u00e9kos kamatemelked\u00e9s mintegy 4500 forinttal n\u00f6veli meg a havi t\u00f6rleszt\u0151 r\u00e9szlet.<br \/>\n<div class=\"ads-in-post2\"><script async src=\"https:\/\/pagead2.googlesyndication.com\/pagead\/js\/adsbygoogle.js\"><\/script>\r\n<ins class=\"adsbygoogle\"\r\n     style=\"display:block\"\r\n     data-ad-format=\"fluid\"\r\n     data-ad-layout-key=\"-6t+ed+2i-1n-4w\"\r\n     data-ad-client=\"ca-pub-1959107119989764\"\r\n     data-ad-slot=\"4008251320\"><\/ins>\r\n<script>\r\n     (adsbygoogle = window.adsbygoogle || []).push({});\r\n<\/script><\/div>\n    Trencs\u00e1n Erika kiemelte, a bankok hitelaj\u00e1nlat\u00e1ban m\u00e1r megjelentek a hosszabb id\u0151szakra fix\u00e1lt kamatok is, 3-5 \u00e9ves, de ak\u00e1r teljes futamid\u0151re is lehet fix\u00e1lni a kamatot, ami biztons\u00e1got jelent a hitelfelvev\u0151k r\u00e9sz\u00e9re.<br \/>\n    A hitelszak\u00e9rt\u0151 azt tan\u00e1csolta a leend\u0151 banki \u00fcgyfeleknek, hogy hitelfelv\u00e9telkor hasonl\u00edts\u00e1k \u00f6ssze a bankok aj\u00e1nlatait, m\u00e9rlegelj\u00e9k a hosszabb t\u00e1vra biztons\u00e1gos \u00e9s kisz\u00e1m\u00edthat\u00f3 hitelaj\u00e1nlatokat.(MTI)<\/p>\n","protected":false},"excerpt":{"rendered":"<p>\u00c9rdemes \u00e1tgondolni a hitelkamatok fix\u00e1l\u00e1s\u00e1t, mert a bankk\u00f6zi piacon emelkedtek a kamatok, \u00e9s ezt a bankok \u00e9rv\u00e9nyes\u00edteni fogj\u00e1k a hitelkamatokban &#8211; h\u00edvta fel a figyelmet Trencs\u00e1n Erika, a BankR\u00e1cio.hu hitelszak\u00e9rt\u0151je cs\u00fct\u00f6rt\u00f6k\u00f6n az M1 aktu\u00e1lis csatorn\u00e1n.<\/p>\n","protected":false},"author":1,"featured_media":0,"comment_status":"closed","ping_status":"open","sticky":false,"template":"","format":"standard","meta":[],"categories":[19,22],"tags":[],"_links":{"self":[{"href":"https:\/\/gazdasagportal.hu\/index.php\/wp-json\/wp\/v2\/posts\/106804"}],"collection":[{"href":"https:\/\/gazdasagportal.hu\/index.php\/wp-json\/wp\/v2\/posts"}],"about":[{"href":"https:\/\/gazdasagportal.hu\/index.php\/wp-json\/wp\/v2\/types\/post"}],"author":[{"embeddable":true,"href":"https:\/\/gazdasagportal.hu\/index.php\/wp-json\/wp\/v2\/users\/1"}],"replies":[{"embeddable":true,"href":"https:\/\/gazdasagportal.hu\/index.php\/wp-json\/wp\/v2\/comments?post=106804"}],"version-history":[{"count":1,"href":"https:\/\/gazdasagportal.hu\/index.php\/wp-json\/wp\/v2\/posts\/106804\/revisions"}],"predecessor-version":[{"id":106805,"href":"https:\/\/gazdasagportal.hu\/index.php\/wp-json\/wp\/v2\/posts\/106804\/revisions\/106805"}],"wp:attachment":[{"href":"https:\/\/gazdasagportal.hu\/index.php\/wp-json\/wp\/v2\/media?parent=106804"}],"wp:term":[{"taxonomy":"category","embeddable":true,"href":"https:\/\/gazdasagportal.hu\/index.php\/wp-json\/wp\/v2\/categories?post=106804"},{"taxonomy":"post_tag","embeddable":true,"href":"https:\/\/gazdasagportal.hu\/index.php\/wp-json\/wp\/v2\/tags?post=106804"}],"curies":[{"name":"wp","href":"https:\/\/api.w.org\/{rel}","templated":true}]}}