{"id":106787,"date":"2018-07-04T17:54:48","date_gmt":"2018-07-04T15:54:48","guid":{"rendered":"http:\/\/gazdasagportal.hu\/?p=106787"},"modified":"2018-07-04T16:37:12","modified_gmt":"2018-07-04T14:37:12","slug":"nemet-lap-angela-merkel-a-vereseg-veszelye-miatt-zarta-le-menekultugyi-vitajat-horst-seehoferrel","status":"publish","type":"post","link":"https:\/\/gazdasagportal.hu\/index.php\/nemet-lap-angela-merkel-a-vereseg-veszelye-miatt-zarta-le-menekultugyi-vitajat-horst-seehoferrel\/","title":{"rendered":"N\u00e9met lap: Angela Merkel a veres\u00e9g vesz\u00e9lye miatt z\u00e1rta le menek\u00fclt\u00fcgyi vit\u00e1j\u00e1t Horst Seehoferrel"},"content":{"rendered":"<p><strong>A korm\u00e1nyf\u0151i \u00e9s p\u00e1rteln\u00f6ki tiszts\u00e9g\u00e9t fenyeget\u0151 veres\u00e9g vesz\u00e9lye miatt k\u00f6t\u00f6tt meg\u00e1llapod\u00e1st Angela Merkel n\u00e9met kancell\u00e1r, a Kereszt\u00e9nydemokrata Uni\u00f3 (CDU) eln\u00f6ke Horst Seehofer bel\u00fcgyminiszterrel, a testv\u00e9rp\u00e1rt bajor Kereszt\u00e9nyszoci\u00e1lis Uni\u00f3 (CSU) eln\u00f6k\u00e9vel a menek\u00fclt\u00fcgy k\u00f6r\u00fcli vit\u00e1juk lez\u00e1r\u00e1s\u00e1r\u00f3l &#8211; \u00edrta a Bild c\u00edm\u0171 n\u00e9met lap szerd\u00e1n.<\/strong><!--more--><\/p>\n<div class=\"ads-in-post1\"><div id=\"gazdasagportal.hu_fullbanner_wideboard\"><\/div>\r\n<\/div>\n<p>    A lap kiemelte, hogy Angela Merkel t\u00f6bb mint 12 \u00e9ve vezeti a n\u00e9met korm\u00e1nyt, \u00e9s nevezt\u00e9k m\u00e1r a vil\u00e1g legnagyobb hatalm\u00fa asszony\u00e1nak, \u00edgy ad\u00f3dik a k\u00e9rd\u00e9st, mi\u00e9rt hagyta h\u00e9tf\u0151n, hogy &#8222;m\u00e9ltatlan m\u00f3don megal\u00e1zz\u00e1k&#8221;.<br \/>\n    &#8222;A v\u00e1lasz: mert nem akart a CDU \u00e9s a CSU t\u00f6rt\u00e9nelmi szak\u00edt\u00e1s\u00e1nak felel\u0151s\u00e9v\u00e9 v\u00e1lni, mert (joggal) felt\u00e9telezte, hogy v\u00e9g\u00fcl kevesebb engedm\u00e9nyt kell tennie, mint Seehofernek, mindenekel\u0151tt pedig az\u00e9rt, mert vil\u00e1goss\u00e1 tett\u00e9k sz\u00e1m\u00e1ra, mennyire k\u00f6zel \u00e1ll +a szakad\u00e9k sz\u00e9l\u00e9hez+&#8221; &#8211; \u00edrta a Bild.<br \/>\n    A lap szerint h\u00e9tf\u0151n folyamatosan er\u0151s\u00f6d\u00f6tt a kancell\u00e1rra nehezed\u0151 nyom\u00e1s. A CDU \u00e9s a CSU k\u00f6z\u00f6s sz\u00f6vets\u00e9gi parlamenti (Bundestag-) frakci\u00f3j\u00e1nak \u00fcl\u00e9s\u00e9n hatalmas tapssal fogadt\u00e1k Volker Kauder frakci\u00f3vezet\u0151 azon kijelent\u00e9s\u00e9t, hogy mindk\u00e9t p\u00e1rt, \u00edgy a CDU is meg\u00e1llapod\u00e1st v\u00e1r el a vezet\u0151kt\u0151l. A CDU egyik k\u00e9pvisel\u0151je, Axel Fischer err\u0151l azt mondta a Bildnek: &#8222;ha Seehofer \u00e9s Merkel ma nem tud megegyezni egym\u00e1ssal, akkor le kell cser\u00e9lni a vezet\u0151ket&#8221;.<br \/>\n<div class=\"ads-in-post2\"><script async src=\"https:\/\/pagead2.googlesyndication.com\/pagead\/js\/adsbygoogle.js\"><\/script>\r\n<ins class=\"adsbygoogle\"\r\n     style=\"display:block\"\r\n     data-ad-format=\"fluid\"\r\n     data-ad-layout-key=\"-6t+ed+2i-1n-4w\"\r\n     data-ad-client=\"ca-pub-1959107119989764\"\r\n     data-ad-slot=\"4008251320\"><\/ins>\r\n<script>\r\n     (adsbygoogle = window.adsbygoogle || []).push({});\r\n<\/script><\/div>\n    A frakci\u00f3 legnagyobb platformja, a n\u00e9met gazdas\u00e1g gerinc\u00e9t ad\u00f3 k\u00f6zepes m\u00e9ret\u0171 v\u00e1llalatok \u00e9rdekeinek k\u00e9pviselet\u00e9re szervez\u0151d\u00f6tt csoportosul\u00e1s (Parlamentskreis Mittelstand) tov\u00e1bb fokozta a nyom\u00e1st, hozott egy k\u00fcl\u00f6n hat\u00e1rozatot, amely szerint a CDU\/CSU frakci\u00f3sz\u00f6vets\u00e9g fennmarad\u00e1s\u00e1t nem lehet megk\u00e9rd\u0151jelezni, ez\u00e9rt amennyiben a k\u00e9t p\u00e1rteln\u00f6knek nem siker\u00fcl megegyeznie, kedden ism\u00e9t \u00f6ssze kell h\u00edvni a k\u00e9pvisel\u0151ket, \u00e9s nekik kell szavaz\u00e1ssal eld\u00f6nteni a vita kimenetel\u00e9t.<br \/>\n    A Bild szerint a kancell\u00e1r bizalmasai egy\u00e9rtelm\u0171v\u00e9 tett\u00e9k sz\u00e1m\u00e1ra, hogy egy esetleges frakci\u00f3szavaz\u00e1son nem az \u0151 \u00e1ll\u00e1spontj\u00e1t, hanem Horst Seehofer\u00e9t t\u00e1mogatn\u00e1 a t\u00f6bbs\u00e9g. Ezt pedig Angela Merkel mindenk\u00e9ppen el akarta ker\u00fclni, mert a gyenges\u00e9g jel\u00e9nek tartotta volna.<br \/>\n    A d\u00f6nt\u0151 pont egy hatszemk\u00f6zti besz\u00e9lget\u00e9s volt, amelyet a k\u00e9t p\u00e1rteln\u00f6k Wolgang Sch\u00e4uble Bundestag-eln\u00f6kkel, a CDU egyik legtekint\u00e9lyesebb politikus\u00e1val folytatott. \u0150 val\u00f3sz\u00edn\u0171leg megism\u00e9telte a vita miatt kor\u00e1bban tartott v\u00e1ls\u00e1gtan\u00e1cskoz\u00e1sokon tett kijelent\u00e9s\u00e9t, hogy a CDU\/CSU p\u00e1rtsz\u00f6vets\u00e9g &#8222;a szakad\u00e9k sz\u00e9l\u00e9n&#8221; \u00e1ll, ami azt is jelenti, hogy a p\u00e1rtsz\u00f6vets\u00e9g vezet\u0151i is elbukhatnak. Wolfgang Sch\u00e4uble mutatta meg a megold\u00e1shoz vezet\u0151 utat is, a tranzitz\u00f3n\u00e1kr\u00f3l sz\u00f3l\u00f3 2015-\u00f6s elk\u00e9pzel\u00e9s fel\u00faj\u00edt\u00e1s\u00e1t.<br \/>\n    A tranzitz\u00f3na helyett ez\u00fattal tranzitk\u00f6zpontnak nevezett \u00faj int\u00e9zm\u00e9ny megfelel Horst Seehofernek, mert lehet\u0151v\u00e9 teszi a mened\u00e9kk\u00e9r\u0151k visszaford\u00edt\u00e1s\u00e1t a hat\u00e1ron, \u00e9s megfelel Angela Merkel azon k\u00f6vetel\u00e9s\u00e9nek is, hogy N\u00e9metorsz\u00e1g csak az \u00e9rintett partnerorsz\u00e1gokkal egyeztetve l\u00e9pjen az \u00fcgyben.<br \/>\n    A Bundestag eln\u00f6ki irod\u00e1j\u00e1ban folytatott megbesz\u00e9l\u00e9s ut\u00e1n m\u00e1r &#8222;minden viszonylag gyorsan ment&#8221; &#8211; mondta a Bild egyik forr\u00e1sa.<br \/>\n    A Die Welt c\u00edm\u0171 lap szerint a vita v\u00e9gkimenetele a szak\u00edt\u00e1s Angela Merkel 2015 \u00f3ta k\u00f6vetett politik\u00e1j\u00e1val, mert a CSU vezet\u0151je el\u00e9rte, hogy legyen lehet\u0151s\u00e9g megtagadni a bel\u00e9p\u00e9st mened\u00e9kk\u00e9r\u0151kt\u0151l a n\u00e9met hat\u00e1ron. \u00c9ppen ez az, amit a kancell\u00e1r el akart ker\u00fclni, de v\u00e9g\u00fcl k\u00e9nytelen volt elfogadni.<br \/>\n    A Spiegel Online h\u00edrport\u00e1l \u00e9rt\u00e9kel\u00e9se szerint a meg\u00e1llapod\u00e1s nem z\u00e1rja le Angela Merkel \u00e9s Horst Seehofer konfliktus\u00e1t, a visz\u00e1ly b\u00e1rmikor ki\u00fajulhat, mert megold\u00e1s helyett csak &#8222;kitoloncolt\u00e1k&#8221; a probl\u00e9m\u00e1t.<br \/>\n    Kitoloncolt\u00e1k a koal\u00edci\u00f3s t\u00e1rs N\u00e9met Szoci\u00e1ldemokrata P\u00e1rthoz (SPD), amelynek most v\u00e1lasztania kell, hogy elfogadja-e a tranzitk\u00f6zpont int\u00e9zm\u00e9ny\u00e9t, miut\u00e1n 2015-ben elutas\u00edtotta a tranzitz\u00f3n\u00e1k ki\u00e9p\u00edt\u00e9s\u00e9t, vagy nem fogadja el, \u00e9s ezzel el\u0151id\u00e9zi a korm\u00e1ny buk\u00e1s\u00e1t.<br \/>\n    Kitoloncolt\u00e1k Ausztri\u00e1ba, illetve az EU-s partnerorsz\u00e1gokba, amelyeknek most meg\u00e1llapod\u00e1st kellene k\u00f6tni\u00fck Berlinnel a N\u00e9metorsz\u00e1gba igyekv\u0151 mened\u00e9kk\u00e9r\u0151k visszafogad\u00e1s\u00e1r\u00f3l.<br \/>\n    V\u00e9g\u00fcl kitoloncolt\u00e1k a j\u00f6v\u0151be, hiszen Horst Seehofer a meg\u00e1llapod\u00e1s el\u0151tt n\u00e9h\u00e1ny \u00f3r\u00e1val m\u00e9g &#8211; a S\u00fcddeutsche Zeitung c\u00edm\u0171 lapnak nyilatkozva &#8211; azt hangoztatta, hogy &#8222;nem hagyom, hogy menesszen egy kancell\u00e1r, aki csak miattam lett kancell\u00e1r&#8221;, \u00e9s azt is mondta, hogy &#8222;meg kellene hajolnom, de nem tehetem&#8221;, tov\u00e1bb\u00e1 megjegyezte, hogy &#8222;kidob az a szem\u00e9ly, akit \u00e9n seg\u00edtettem nyeregbe&#8221;, ilyen kijelent\u00e9seket pedig nem t\u0171rhet el egy korm\u00e1nyf\u0151 egy minisztert\u0151l.<br \/>\n    Angela Merkel m\u00e9gis elt\u0171ri, mert &#8222;a falhoz szor\u00edtott\u00e1k&#8221;, hiszen ha a k\u00f6z\u00f6s frakci\u00f3nak arr\u00f3l kellene d\u00f6ntenie, hogy feladj\u00e1k a p\u00e1rtsz\u00f6vets\u00e9get, &#8222;vagy fel\u00e1ldozz\u00e1k a kancell\u00e1rt, akkor Merkelnek val\u00f3sz\u00edn\u0171leg befellegzett&#8221; &#8211; \u00edrta a Spiegel Online.<br \/>\n    A CDU \u00e9s a CSU h\u00e9tf\u0151n egy h\u00e1rom pontb\u00f3l \u00e1ll\u00f3 meg\u00e1llapod\u00e1ssal z\u00e1rta le hetek \u00f3ta h\u00faz\u00f3d\u00f3 vit\u00e1j\u00e1t, amely arr\u00f3l sz\u00f3lt, hogy mik\u00e9nt lehet megtagadni a bel\u00e9p\u00e9st a n\u00e9met hat\u00e1r \u00e1lland\u00f3 ellen\u0151rz\u00e9s al\u00e1 vont pontjain &#8211; a bajor-osztr\u00e1k hat\u00e1r h\u00e1rom \u00e1tkel\u0151j\u00e9n\u00e9l &#8211; a m\u00e1shol m\u00e1r regisztr\u00e1lt mened\u00e9kk\u00e9r\u0151kt\u0151l.<br \/>\n    A testv\u00e9rp\u00e1rtok egyet\u00e9rt\u00e9sre jutottak, hogy a n\u00e9met-osztr\u00e1k hat\u00e1ron \u00faj hat\u00e1rigazgat\u00e1si rendszert kell bevezetni mindazon mened\u00e9kk\u00e9r\u0151k bel\u00e9p\u00e9s\u00e9nek akad\u00e1lyoz\u00e1s\u00e1ra, akik menek\u00fclt\u00fcgyi elj\u00e1r\u00e1s\u00e1t az EU-s szab\u00e1lyok alapj\u00e1n nem N\u00e9metorsz\u00e1gban kell lefolytatni, hanem abban a tag\u00e1llamban, amelyben els\u0151k\u00e9nt regisztr\u00e1lt\u00e1k \u0151ket.<br \/>\n    Ez\u00e9rt \u00fagynevezett tranzitk\u00f6zpontokat kell ki\u00e9p\u00edteni, amelyekb\u0151l visszasz\u00e1ll\u00edtj\u00e1k a k\u00e9relmez\u0151ket az \u00fcgy\u00fckben illet\u00e9kes \u00e1llamba. Amennyiben pedig a menek\u00fclt\u00fcgyi elj\u00e1r\u00e1s lefolytat\u00e1s\u00e1ban illet\u00e9kes orsz\u00e1g nem hajland\u00f3 meg\u00e1llapod\u00e1st k\u00f6tni az EU-s visszak\u00fcld\u00e9si szab\u00e1ly v\u00e9grehajt\u00e1s\u00e1t c\u00e9lz\u00f3 egy\u00fcttm\u0171k\u00f6d\u00e9s jav\u00edt\u00e1s\u00e1r\u00f3l, akkor az adott mened\u00e9kk\u00e9r\u0151t\u0151l megtagadj\u00e1k a bel\u00e9p\u00e9st egy Ausztri\u00e1val k\u00f6tend\u0151 egyezm\u00e9ny alapj\u00e1n.<br \/>\n(MTI)<\/p>\n","protected":false},"excerpt":{"rendered":"<p>A korm\u00e1nyf\u0151i \u00e9s p\u00e1rteln\u00f6ki tiszts\u00e9g\u00e9t fenyeget\u0151 veres\u00e9g vesz\u00e9lye miatt k\u00f6t\u00f6tt meg\u00e1llapod\u00e1st Angela Merkel n\u00e9met kancell\u00e1r, a Kereszt\u00e9nydemokrata Uni\u00f3 (CDU) eln\u00f6ke Horst Seehofer bel\u00fcgyminiszterrel, a testv\u00e9rp\u00e1rt bajor Kereszt\u00e9nyszoci\u00e1lis Uni\u00f3 (CSU) eln\u00f6k\u00e9vel a menek\u00fclt\u00fcgy k\u00f6r\u00fcli vit\u00e1juk lez\u00e1r\u00e1s\u00e1r\u00f3l &#8211; \u00edrta a Bild c\u00edm\u0171 n\u00e9met lap szerd\u00e1n.<\/p>\n","protected":false},"author":1,"featured_media":0,"comment_status":"closed","ping_status":"open","sticky":false,"template":"","format":"standard","meta":[],"categories":[12],"tags":[],"_links":{"self":[{"href":"https:\/\/gazdasagportal.hu\/index.php\/wp-json\/wp\/v2\/posts\/106787"}],"collection":[{"href":"https:\/\/gazdasagportal.hu\/index.php\/wp-json\/wp\/v2\/posts"}],"about":[{"href":"https:\/\/gazdasagportal.hu\/index.php\/wp-json\/wp\/v2\/types\/post"}],"author":[{"embeddable":true,"href":"https:\/\/gazdasagportal.hu\/index.php\/wp-json\/wp\/v2\/users\/1"}],"replies":[{"embeddable":true,"href":"https:\/\/gazdasagportal.hu\/index.php\/wp-json\/wp\/v2\/comments?post=106787"}],"version-history":[{"count":1,"href":"https:\/\/gazdasagportal.hu\/index.php\/wp-json\/wp\/v2\/posts\/106787\/revisions"}],"predecessor-version":[{"id":106788,"href":"https:\/\/gazdasagportal.hu\/index.php\/wp-json\/wp\/v2\/posts\/106787\/revisions\/106788"}],"wp:attachment":[{"href":"https:\/\/gazdasagportal.hu\/index.php\/wp-json\/wp\/v2\/media?parent=106787"}],"wp:term":[{"taxonomy":"category","embeddable":true,"href":"https:\/\/gazdasagportal.hu\/index.php\/wp-json\/wp\/v2\/categories?post=106787"},{"taxonomy":"post_tag","embeddable":true,"href":"https:\/\/gazdasagportal.hu\/index.php\/wp-json\/wp\/v2\/tags?post=106787"}],"curies":[{"name":"wp","href":"https:\/\/api.w.org\/{rel}","templated":true}]}}