{"id":106766,"date":"2018-07-04T12:10:28","date_gmt":"2018-07-04T10:10:28","guid":{"rendered":"http:\/\/gazdasagportal.hu\/?p=106766"},"modified":"2018-07-03T22:41:12","modified_gmt":"2018-07-03T20:41:12","slug":"tobb-mint-tizeves-melyponton-az-irorszagi-munkanelkuliseg","status":"publish","type":"post","link":"https:\/\/gazdasagportal.hu\/index.php\/tobb-mint-tizeves-melyponton-az-irorszagi-munkanelkuliseg\/","title":{"rendered":"T\u00f6bb mint t\u00edz\u00e9ves m\u00e9lyponton az \u00edrorsz\u00e1gi munkan\u00e9lk\u00fclis\u00e9g"},"content":{"rendered":"<p><strong>T\u00f6bb mint t\u00edz\u00e9ves m\u00e9lypontra esett j\u00faniusban az \u00edrorsz\u00e1gi munkan\u00e9lk\u00fclis\u00e9g &#8211; der\u00fcl ki az \u00edr statisztikai hivatal (CSO) keddi k\u00f6zl\u00e9s\u00e9b\u0151l.<\/strong><!--more--><\/p>\n<div class=\"ads-in-post1\"><div id=\"gazdasagportal.hu_fullbanner_wideboard\"><\/div>\r\n<\/div>\n<p>    A szezon\u00e1lisan kiigaz\u00edtott munkan\u00e9lk\u00fclis\u00e9gi r\u00e1ta j\u00faniusban 5,1 sz\u00e1zal\u00e9kra esett a m\u00e1jusi 5,2 sz\u00e1zal\u00e9kr\u00f3l.<br \/>\n    Egy \u00e9vvel kor\u00e1bban, j\u00faniusban m\u00e9g 6,6 sz\u00e1zal\u00e9k volt a munkan\u00e9lk\u00fclis\u00e9gi r\u00e1ta \u00cdrorsz\u00e1gban. A j\u00faniusi r\u00e1ta 2007 okt\u00f3bere \u00f3ta a legkedvez\u0151bb adat.<br \/>\n    A szezon\u00e1lisan kiigaz\u00edtott adatok szerint a munkan\u00e9lk\u00fcliek sz\u00e1ma 120 200-ra esett j\u00faniusban az el\u0151z\u0151 havi 123 100-r\u00f3l.<br \/>\n    Tavaly j\u00fanius \u00f3ta 34 300-zal zsugorodott az \u00e1ll\u00e1stalanok sz\u00e1ma \u00cdrorsz\u00e1gban.<br \/>\n<div class=\"ads-in-post2\"><script async src=\"https:\/\/pagead2.googlesyndication.com\/pagead\/js\/adsbygoogle.js\"><\/script>\r\n<ins class=\"adsbygoogle\"\r\n     style=\"display:block\"\r\n     data-ad-format=\"fluid\"\r\n     data-ad-layout-key=\"-6t+ed+2i-1n-4w\"\r\n     data-ad-client=\"ca-pub-1959107119989764\"\r\n     data-ad-slot=\"4008251320\"><\/ins>\r\n<script>\r\n     (adsbygoogle = window.adsbygoogle || []).push({});\r\n<\/script><\/div>\n    Az \u00e9v hatodik h\u00f3napj\u00e1ban a f\u00e9rfiakn\u00e1l 5,1 sz\u00e1zal\u00e9kos, a n\u0151kn\u00e9l 5,2 sz\u00e1zal\u00e9kos volt a munkan\u00e9lk\u00fclis\u00e9gi r\u00e1ta.<br \/>\n    A 15-24 \u00e9ves koroszt\u00e1lyban 11,4 sz\u00e1zal\u00e9k volt az \u00e1ll\u00e1stalanok ar\u00e1nya j\u00faniusban az el\u0151z\u0151 havi 11,8 sz\u00e1zal\u00e9k ut\u00e1n, a fiatalok munkan\u00e9lk\u00fclis\u00e9gi ar\u00e1nya 2008 m\u00e1jusa \u00f3ta nem volt ilyen alacsony \u00cdrorsz\u00e1gban.<br \/>\n    Az \u00edr RTE internetes oldala az adatokat komment\u00e1lva kedden k\u00f6z\u00f6lte: a Merrion elemz\u0151i szerint a munkaer\u0151piaci r\u00e9szv\u00e9teli ar\u00e1ny csak szer\u00e9ny m\u00e9rt\u00e9kben javult, a munkaer\u0151piac teljes helyre\u00e1ll\u00e1sa m\u00e9g nem t\u00f6rt\u00e9nt meg. Ugyanakkor a munkaer\u0151piaci helyzet javul\u00e1sa t\u00fckr\u00f6zi a gazdas\u00e1g \u00e1ltal\u00e1nos fellend\u00fcl\u00e9s\u00e9t, a sz\u0171k\u00fcl\u0151 munkaer\u0151piac lehet\u0151s\u00e9get teremt a b\u00e9rek emelked\u00e9s\u00e9re.<br \/>\n    Az \u00edrorsz\u00e1gi munkan\u00e9lk\u00fclis\u00e9gi r\u00e1ta a p\u00e9nz\u00fcgyi kr\u00edzis alatt, 2012-ben 16,0 sz\u00e1zal\u00e9kon tet\u0151z\u00f6tt, az\u00f3ta cs\u00f6kken.(MTI)<\/p>\n","protected":false},"excerpt":{"rendered":"<p>T\u00f6bb mint t\u00edz\u00e9ves m\u00e9lypontra esett j\u00faniusban az \u00edrorsz\u00e1gi munkan\u00e9lk\u00fclis\u00e9g &#8211; der\u00fcl ki az \u00edr statisztikai hivatal (CSO) keddi k\u00f6zl\u00e9s\u00e9b\u0151l.<\/p>\n","protected":false},"author":1,"featured_media":0,"comment_status":"closed","ping_status":"open","sticky":false,"template":"","format":"standard","meta":[],"categories":[12],"tags":[],"_links":{"self":[{"href":"https:\/\/gazdasagportal.hu\/index.php\/wp-json\/wp\/v2\/posts\/106766"}],"collection":[{"href":"https:\/\/gazdasagportal.hu\/index.php\/wp-json\/wp\/v2\/posts"}],"about":[{"href":"https:\/\/gazdasagportal.hu\/index.php\/wp-json\/wp\/v2\/types\/post"}],"author":[{"embeddable":true,"href":"https:\/\/gazdasagportal.hu\/index.php\/wp-json\/wp\/v2\/users\/1"}],"replies":[{"embeddable":true,"href":"https:\/\/gazdasagportal.hu\/index.php\/wp-json\/wp\/v2\/comments?post=106766"}],"version-history":[{"count":1,"href":"https:\/\/gazdasagportal.hu\/index.php\/wp-json\/wp\/v2\/posts\/106766\/revisions"}],"predecessor-version":[{"id":106767,"href":"https:\/\/gazdasagportal.hu\/index.php\/wp-json\/wp\/v2\/posts\/106766\/revisions\/106767"}],"wp:attachment":[{"href":"https:\/\/gazdasagportal.hu\/index.php\/wp-json\/wp\/v2\/media?parent=106766"}],"wp:term":[{"taxonomy":"category","embeddable":true,"href":"https:\/\/gazdasagportal.hu\/index.php\/wp-json\/wp\/v2\/categories?post=106766"},{"taxonomy":"post_tag","embeddable":true,"href":"https:\/\/gazdasagportal.hu\/index.php\/wp-json\/wp\/v2\/tags?post=106766"}],"curies":[{"name":"wp","href":"https:\/\/api.w.org\/{rel}","templated":true}]}}