{"id":106764,"date":"2018-07-04T11:09:27","date_gmt":"2018-07-04T09:09:27","guid":{"rendered":"http:\/\/gazdasagportal.hu\/?p=106764"},"modified":"2018-07-03T22:40:15","modified_gmt":"2018-07-03T20:40:15","slug":"franciaorszag-132-menekultet-fogad-be-az-auqarius-es-a-lifeline-mentohajokrol-2","status":"publish","type":"post","link":"https:\/\/gazdasagportal.hu\/index.php\/franciaorszag-132-menekultet-fogad-be-az-auqarius-es-a-lifeline-mentohajokrol-2\/","title":{"rendered":"Franciaorsz\u00e1g 132 menek\u00fcltet fogad be az Auqarius \u00e9s a Lifeline ment\u0151haj\u00f3kr\u00f3l"},"content":{"rendered":"<p><strong>Franciaorsz\u00e1g 132 embernek adja meg a menek\u00fcltst\u00e1tuszt az Aquarius \u00e9s a Lifeline ment\u0151haj\u00f3k utasai k\u00f6z\u00fcl &#8211; jelentette be kedden Pascal Brice, a francia menek\u00fclt- \u00e9s hontalan\u00fcgyi hivatal (OFPRA) vezet\u0151je.<\/strong><!--more--><\/p>\n<div class=\"ads-in-post1\"><div id=\"gazdasagportal.hu_fullbanner_wideboard\"><\/div>\r\n<\/div>\n<p>    Az Aquarius \u00e9s a Lifeline az a k\u00e9t &#8211; nem korm\u00e1nyzati szervek \u00e1ltal m\u0171k\u00f6dtetett &#8211; illeg\u00e1lis bev\u00e1ndorl\u00f3kat ment\u0151 haj\u00f3 a F\u00f6ldk\u00f6zi-tengeren, amelyeket j\u00faniusban Olaszorsz\u00e1g nem engedett a partjain\u00e1l kik\u00f6tni. Az Aquarius v\u00e9g\u00fcl Spanyolorsz\u00e1gban, a Lifeline pedig M\u00e1lt\u00e1n k\u00f6thetett ki t\u00f6bb sz\u00e1z emberrel a fed\u00e9lzet\u00fck\u00f6n.<br \/>\n    A Franciaorsz\u00e1g \u00e1ltal befogadott menek\u00fcltek mindk\u00e9t esetben els\u0151sorban olyan eritreaiak \u00e9s szud\u00e1niak, akik a mened\u00e9kjog krit\u00e9riumainak megfelelnek, &#8222;hamarosan&#8221; meg\u00e9rkeznek Franciaorsz\u00e1gba, ahol r\u00f6vid id\u0151n bel\u00fcl menek\u00fcltst\u00e1tuszt kapnak &#8211; jelezte az OFPRA.<br \/>\n<div class=\"ads-in-post2\"><script async src=\"https:\/\/pagead2.googlesyndication.com\/pagead\/js\/adsbygoogle.js\"><\/script>\r\n<ins class=\"adsbygoogle\"\r\n     style=\"display:block\"\r\n     data-ad-format=\"fluid\"\r\n     data-ad-layout-key=\"-6t+ed+2i-1n-4w\"\r\n     data-ad-client=\"ca-pub-1959107119989764\"\r\n     data-ad-slot=\"4008251320\"><\/ins>\r\n<script>\r\n     (adsbygoogle = window.adsbygoogle || []).push({});\r\n<\/script><\/div>\n    Franciaorsz\u00e1got belf\u00f6ld\u00f6n \u00e9s k\u00fclf\u00f6ldr\u0151l is sz\u00e1mos b\u00edr\u00e1lat \u00e9rte, ami\u00e9rt nem nyitotta meg a kik\u00f6t\u0151it a ment\u0151haj\u00f3k el\u0151tt. A francia korm\u00e1ny a tengeri jogra hivatkozva, amely kimondja, hogy a ment\u0151haj\u00f3knak a legk\u00f6zelebbi kik\u00f6t\u0151ben kell partot \u00e9rni\u00fck, a haj\u00f3k befogad\u00e1s\u00e1t elutas\u00edtotta, ellenben \u00edg\u00e9retet tett arra, hogy a mened\u00e9kre szorul\u00f3 utasok befogad\u00e1st nyernek Franciaorsz\u00e1gban.<br \/>\n    A j\u00fanius 17-\u00e9n v\u00e9g\u00fcl Valenci\u00e1ban kik\u00f6t\u00f6tt Aquariuson utaz\u00f3 630 migr\u00e1ns k\u00f6z\u00fcl a francia menek\u00fclt\u00fcgyi szakemberek 135 embert hallgattak meg, s k\u00f6z\u00fcl\u00fck mintegy 80-an kaphatnak v\u00e9delmet Franciaorsz\u00e1gban. A haj\u00f3 kik\u00f6t\u00e9s\u00e9t k\u00f6vet\u0151en a spanyol korm\u00e1ny azt k\u00f6z\u00f6lte, hogy az emberek fele Franciaorsz\u00e1gban szeretne mened\u00e9kst\u00e1tuszt k\u00e9rni. A francia h\u00edr\u00fcgyn\u00f6ks\u00e9g szerint a Franciaorsz\u00e1gba igyekv\u0151 emberek list\u00e1j\u00e1n 286 n\u00e9v szerepelt. A Le Monde c\u00edm\u0171 napilap 215 emberr\u0151l tud, k\u00f6zt\u00fck 121 szud\u00e1ni, 39 eritreai \u00e9s 37 alg\u00e9riai \u00e1llampolg\u00e1r szerepelt.<br \/>\n    Az OFPRA az\u00e9rt csak 135-\u00f6t hallgatott meg k\u00f6z\u00fcl\u00fck, mert a t\u00f6bbiek v\u00e9g\u00fcl \u00fagy d\u00f6nt\u00f6ttek: m\u00e9gis Spanyolorsz\u00e1gban ny\u00fajtanak be k\u00e9relmet, s nem jelentek meg a francia illet\u00e9kesek el\u0151tt.<br \/>\n    A M\u00e1lt\u00e1ra j\u00fanius 27-\u00e9n befutott Lifeline ment\u0151haj\u00f3n utaz\u00f3 234 migr\u00e1ns k\u00f6z\u00fcl 52-en kapnak v\u00e9delmet Franciaorsz\u00e1gban az OFPRA vezet\u0151je szerint, aki elmondta: M\u00e1lt\u00e1n a francia szakembereken k\u00edv\u00fcl a portug\u00e1l, a belga, a holland \u00e9s az \u00edr menek\u00fclt\u00fcgyi hivatal munkat\u00e1rsai is jelen vannak. Pascal Brice \u00fcdv\u00f6z\u00f6lte, hogy a menek\u00fcltek eloszt\u00e1sa &#8222;eur\u00f3pai dimenzi\u00f3t&#8221; nyert, ami szerinte referenciak\u00e9nt szolg\u00e1lat a j\u00f6v\u0151beni hasonl\u00f3 helyzetekben.<br \/>\n    &#8222;A probl\u00e9ma Eur\u00f3p\u00e1n k\u00edv\u00fcli kezel\u00e9s\u00e9nek k\u00eds\u00e9rt\u00e9s\u00e9vel szemben bebizony\u00edtottuk, hogy j\u00f3 k\u00f6r\u00fclm\u00e9nyek k\u00f6z\u00f6tt meg tudjuk oldani a feladatot&#8221; &#8211; hangs\u00falyozta a francia illet\u00e9kes.<br \/>\n    A m\u00falt heti eur\u00f3pai uni\u00f3s cs\u00facstal\u00e1lkoz\u00f3n a migr\u00e1ci\u00f3 kezel\u00e9s\u00e9r\u0151l sz\u00fcletett meg\u00e1llapod\u00e1sban szerepel olyan ellen\u0151rz\u00f6tt eloszt\u00f3k\u00f6zpontok l\u00e9trehoz\u00e1sa \u00f6nk\u00e9ntes alapon az Eur\u00f3pai Uni\u00f3 tag\u00e1llamaiban, ahol az eur\u00f3pai vizekb\u0151l kimentett illeg\u00e1lis bev\u00e1ndorl\u00f3kat ell\u00e1tn\u00e1k, majd sz\u00e9tv\u00e1lasztan\u00e1k a gazdas\u00e1gi bev\u00e1ndorl\u00f3kat a mened\u00e9kre szorul\u00f3kt\u00f3l, akiket szint\u00e9n \u00f6nk\u00e9ntes alapon fogadhatn\u00e1nak be a tag\u00e1llamok.(MTI)<\/p>\n","protected":false},"excerpt":{"rendered":"<p>Franciaorsz\u00e1g 132 embernek adja meg a menek\u00fcltst\u00e1tuszt az Aquarius \u00e9s a Lifeline ment\u0151haj\u00f3k utasai k\u00f6z\u00fcl &#8211; jelentette be kedden Pascal Brice, a francia menek\u00fclt- \u00e9s hontalan\u00fcgyi hivatal (OFPRA) vezet\u0151je.<\/p>\n","protected":false},"author":1,"featured_media":0,"comment_status":"closed","ping_status":"open","sticky":false,"template":"","format":"standard","meta":[],"categories":[12],"tags":[],"_links":{"self":[{"href":"https:\/\/gazdasagportal.hu\/index.php\/wp-json\/wp\/v2\/posts\/106764"}],"collection":[{"href":"https:\/\/gazdasagportal.hu\/index.php\/wp-json\/wp\/v2\/posts"}],"about":[{"href":"https:\/\/gazdasagportal.hu\/index.php\/wp-json\/wp\/v2\/types\/post"}],"author":[{"embeddable":true,"href":"https:\/\/gazdasagportal.hu\/index.php\/wp-json\/wp\/v2\/users\/1"}],"replies":[{"embeddable":true,"href":"https:\/\/gazdasagportal.hu\/index.php\/wp-json\/wp\/v2\/comments?post=106764"}],"version-history":[{"count":1,"href":"https:\/\/gazdasagportal.hu\/index.php\/wp-json\/wp\/v2\/posts\/106764\/revisions"}],"predecessor-version":[{"id":106765,"href":"https:\/\/gazdasagportal.hu\/index.php\/wp-json\/wp\/v2\/posts\/106764\/revisions\/106765"}],"wp:attachment":[{"href":"https:\/\/gazdasagportal.hu\/index.php\/wp-json\/wp\/v2\/media?parent=106764"}],"wp:term":[{"taxonomy":"category","embeddable":true,"href":"https:\/\/gazdasagportal.hu\/index.php\/wp-json\/wp\/v2\/categories?post=106764"},{"taxonomy":"post_tag","embeddable":true,"href":"https:\/\/gazdasagportal.hu\/index.php\/wp-json\/wp\/v2\/tags?post=106764"}],"curies":[{"name":"wp","href":"https:\/\/api.w.org\/{rel}","templated":true}]}}