{"id":106760,"date":"2018-07-04T09:07:35","date_gmt":"2018-07-04T07:07:35","guid":{"rendered":"http:\/\/gazdasagportal.hu\/?p=106760"},"modified":"2018-07-03T22:38:24","modified_gmt":"2018-07-03T20:38:24","slug":"a-greenpeace-dront-repitett-be-egy-francia-atomeromube","status":"publish","type":"post","link":"https:\/\/gazdasagportal.hu\/index.php\/a-greenpeace-dront-repitett-be-egy-francia-atomeromube\/","title":{"rendered":"A Greenpeace dr\u00f3nt rep\u00edtett be egy francia atomer\u0151m\u0171be"},"content":{"rendered":"<p><strong>A Greenpeace nemzetk\u00f6zi k\u00f6rnyezetv\u00e9d\u0151 szervezet bejelentette, hogy egy Supermant form\u00e1z\u00f3 dr\u00f3nt rep\u00edtett be egy francia atomer\u0151m\u0171be kedden, ahol egy &#8222;\u00e9rz\u00e9keny&#8221; \u00e9p\u00edtm\u00e9nynek \u00fctk\u00f6ztette a szerkezetet. Az incidenst a francia nukle\u00e1ris parkot m\u0171k\u00f6dtet\u0151 EDG energia\u00f3ri\u00e1s meger\u0151s\u00edtette, de jelezte, hogy az nem volt hat\u00e1ssal a l\u00e9tes\u00edtm\u00e9ny biztons\u00e1g\u00e1ra.<\/strong><!--more--><\/p>\n<div class=\"ads-in-post1\"><div id=\"gazdasagportal.hu_fullbanner_wideboard\"><\/div>\r\n<\/div>\n<p>    A Greenpeace szerint az &#8222;er\u0151sen jelk\u00e9pes&#8221; akci\u00f3 c\u00e9lja az volt, hogy r\u00e1vil\u00e1g\u00edtson a haszn\u00e1lt f\u0171t\u0151elemek pihentet\u00e9s\u00e9re szolg\u00e1l\u00f3 medence s\u00e9r\u00fcl\u00e9kenys\u00e9g\u00e9re. Az atomer\u0151m\u0171be k\u00fcld\u00f6tt dr\u00f3nt ugyanis a medence fal\u00e1nak \u00fctk\u00f6ztette a k\u00f6rnyezetv\u00e9delmi szervezet a k\u00f6z\u00e9p-franciaorsz\u00e1gi Lyonhoz k\u00f6zeli Saint Vulbasban tal\u00e1lhat\u00f3 atomer\u0151m\u0171ben.<br \/>\n    &#8222;Miut\u00e1n a tiltott l\u00e9gt\u00e9rbe bel\u00e9ptett\u00e9k, az aktivist\u00e1k sz\u00e1nd\u00e9kosan ir\u00e1ny\u00edtott\u00e1k a dr\u00f3nt a kettes reaktor melletti pihentet\u0151medence fal\u00e1nak. Ez az akci\u00f3 \u00fajb\u00f3l bebizony\u00edtotta az ilyen jelleg\u0171 \u00e9p\u00edtm\u00e9nyek nagyon nagy s\u00e9r\u00fcl\u00e9kenys\u00e9g\u00e9t, pedig ez az, amely a legjelent\u0151sebb radioaktivit\u00e1st tartalmazza az eg\u00e9sz nukle\u00e1ris k\u00f6zpontban&#8221; &#8211; olvashat\u00f3 a Greenpeace k\u00f6zlem\u00e9ny\u00e9ben.<br \/>\n    Yannick Rousselet, a Greenpeace franciaorsz\u00e1gi kamp\u00e1nyainak felel\u0151se a francia sajt\u00f3nak elmondta: a pihentet\u0151medenc\u00e9ket nagyon k\u00f6nny\u0171 megk\u00f6zel\u00edteni, m\u00e9gpedig a leveg\u0151b\u0151l, ez\u00e9rt a k\u00fcls\u0151 t\u00e1mad\u00e1soknak k\u00fcl\u00f6n\u00f6sen kitettek.<br \/>\n<div class=\"ads-in-post2\"><script async src=\"https:\/\/pagead2.googlesyndication.com\/pagead\/js\/adsbygoogle.js\"><\/script>\r\n<ins class=\"adsbygoogle\"\r\n     style=\"display:block\"\r\n     data-ad-format=\"fluid\"\r\n     data-ad-layout-key=\"-6t+ed+2i-1n-4w\"\r\n     data-ad-client=\"ca-pub-1959107119989764\"\r\n     data-ad-slot=\"4008251320\"><\/ins>\r\n<script>\r\n     (adsbygoogle = window.adsbygoogle || []).push({});\r\n<\/script><\/div>\n    Az EDF \u00e1ramszolg\u00e1ltat\u00f3 a francia h\u00edr\u00fcgyn\u00f6ks\u00e9ggel azt k\u00f6z\u00f6lte, hogy k\u00e9t dr\u00f3n \u00e1trep\u00fcl\u00e9s\u00e9t \u00e9szlelte a csend\u0151rs\u00e9g.<br \/>\n    &#8222;A dr\u00f3nok jelenl\u00e9t\u00e9nek semmilyen hat\u00e1sa nincs a l\u00e9tes\u00edtm\u00e9nyek biztons\u00e1g\u00e1ra. A v\u00e9delmi szab\u00e1lyok szempontj\u00e1b\u00f3l viszont szab\u00e1lys\u00e9rt\u00e9s t\u00f6rt\u00e9nt, amely feljelent\u00e9st von maga ut\u00e1n&#8221; &#8211; jelezte az EDF.<br \/>\n    A Greenpeace okt\u00f3berben \u00e9s novemberben ugyanezen c\u00e9llal hasonl\u00f3 akci\u00f3kat szervezett k\u00e9t m\u00e1sik franciaorsz\u00e1gi atomer\u0151m\u0171n\u00e9l a pihentet\u0151medenc\u00e9k biztons\u00e1gi hi\u00e1nyoss\u00e1gainak leleplez\u00e9s\u00e9re. 2014-ben \u00e9s 2015-ben rendszeresek voltak a dr\u00f3nreptet\u00e9sek a francia atomer\u0151m\u0171vek felett, de akkor a Greenpeace c\u00e1folta az \u00e9rintetts\u00e9g\u00e9t.<br \/>\n    A nukle\u00e1ris energia jelenleg a legjelent\u0151sebb forr\u00e1s a francia lakoss\u00e1gi energiaell\u00e1t\u00e1sban, mintegy 75 sz\u00e1zal\u00e9kban biztos\u00edtja azt. Francois Hollande el\u0151z\u0151, baloldali \u00e1llamf\u0151 kezdem\u00e9nyez\u00e9s\u00e9re 2015-ben fogadta el a nemzetgy\u0171l\u00e9s az energetikai \u00e1tmenetr\u0151l sz\u00f3l\u00f3 t\u00f6rv\u00e9nytervezetet, amely kimondja, hogy az ar\u00e1nyt 2025-ig 50 sz\u00e1zal\u00e9kra kell cs\u00f6kkenteni.(MTI)<\/p>\n","protected":false},"excerpt":{"rendered":"<p>A Greenpeace nemzetk\u00f6zi k\u00f6rnyezetv\u00e9d\u0151 szervezet bejelentette, hogy egy Supermant form\u00e1z\u00f3 dr\u00f3nt rep\u00edtett be egy francia atomer\u0151m\u0171be kedden, ahol egy &#8222;\u00e9rz\u00e9keny&#8221; \u00e9p\u00edtm\u00e9nynek \u00fctk\u00f6ztette a szerkezetet. Az incidenst a francia nukle\u00e1ris parkot m\u0171k\u00f6dtet\u0151 EDG energia\u00f3ri\u00e1s meger\u0151s\u00edtette, de jelezte, hogy az nem volt hat\u00e1ssal a l\u00e9tes\u00edtm\u00e9ny biztons\u00e1g\u00e1ra.<\/p>\n","protected":false},"author":1,"featured_media":0,"comment_status":"closed","ping_status":"open","sticky":false,"template":"","format":"standard","meta":[],"categories":[12],"tags":[],"_links":{"self":[{"href":"https:\/\/gazdasagportal.hu\/index.php\/wp-json\/wp\/v2\/posts\/106760"}],"collection":[{"href":"https:\/\/gazdasagportal.hu\/index.php\/wp-json\/wp\/v2\/posts"}],"about":[{"href":"https:\/\/gazdasagportal.hu\/index.php\/wp-json\/wp\/v2\/types\/post"}],"author":[{"embeddable":true,"href":"https:\/\/gazdasagportal.hu\/index.php\/wp-json\/wp\/v2\/users\/1"}],"replies":[{"embeddable":true,"href":"https:\/\/gazdasagportal.hu\/index.php\/wp-json\/wp\/v2\/comments?post=106760"}],"version-history":[{"count":1,"href":"https:\/\/gazdasagportal.hu\/index.php\/wp-json\/wp\/v2\/posts\/106760\/revisions"}],"predecessor-version":[{"id":106761,"href":"https:\/\/gazdasagportal.hu\/index.php\/wp-json\/wp\/v2\/posts\/106760\/revisions\/106761"}],"wp:attachment":[{"href":"https:\/\/gazdasagportal.hu\/index.php\/wp-json\/wp\/v2\/media?parent=106760"}],"wp:term":[{"taxonomy":"category","embeddable":true,"href":"https:\/\/gazdasagportal.hu\/index.php\/wp-json\/wp\/v2\/categories?post=106760"},{"taxonomy":"post_tag","embeddable":true,"href":"https:\/\/gazdasagportal.hu\/index.php\/wp-json\/wp\/v2\/tags?post=106760"}],"curies":[{"name":"wp","href":"https:\/\/api.w.org\/{rel}","templated":true}]}}