{"id":106698,"date":"2018-07-01T13:44:55","date_gmt":"2018-07-01T11:44:55","guid":{"rendered":"http:\/\/gazdasagportal.hu\/?p=106698"},"modified":"2018-07-01T13:44:55","modified_gmt":"2018-07-01T11:44:55","slug":"szlovakia-atvette-a-visegradi-csoport-soros-elnokseget","status":"publish","type":"post","link":"https:\/\/gazdasagportal.hu\/index.php\/szlovakia-atvette-a-visegradi-csoport-soros-elnokseget\/","title":{"rendered":"Szlov\u00e1kia \u00e1tvette a visegr\u00e1di csoport soros eln\u00f6ks\u00e9g\u00e9t"},"content":{"rendered":"<p><strong>Vas\u00e1rnapt\u00f3l egy \u00e9ven \u00e1t Szlov\u00e1kia t\u00f6lti be a visegr\u00e1di csoport soros eln\u00f6ki tiszt\u00e9t, amelyet Magyarorsz\u00e1gt\u00f3l vett \u00e1t \u00e9s egy \u00e9v m\u00falva Csehorsz\u00e1gnak ad tov\u00e1bb.<\/strong><!--more--><\/p>\n<div class=\"ads-in-post1\"><div id=\"gazdasagportal.hu_fullbanner_wideboard\"><\/div>\r\n<\/div>\n<p>    Peter Pellegrini szlov\u00e1k minisztereln\u00f6k a Magyarorsz\u00e1gb\u00f3l, Szlov\u00e1ki\u00e1b\u00f3l, Csehorsz\u00e1gb\u00f3l \u00e9s Lengyelorsz\u00e1gb\u00f3l \u00e1ll\u00f3 region\u00e1lis t\u00f6m\u00f6r\u00fcl\u00e9s eln\u00f6ki tiszts\u00e9g\u00e9t hivatalosan Budapesten j\u00fanius 21-\u00e9n vette \u00e1t Orb\u00e1n Viktor korm\u00e1nyf\u0151t\u0151l.<br \/>\n    &#8222;Az eln\u00f6ks\u00e9get egy olyan k\u00e9nyes id\u0151szakban vessz\u00fck \u00e1t, amikor Eur\u00f3p\u00e1ban sok a nyitott k\u00e9rd\u00e9s, de konstrukt\u00edv partner akarunk lenni, aki konstrukt\u00edv megold\u00e1sokkal \u00e1ll el\u0151&#8221; &#8211; mondta az eln\u00f6ks\u00e9g \u00e1tv\u00e9tel\u00e9nek alkalm\u00e1b\u00f3l Peter Pellegrini, hozz\u00e1t\u00e9ve, a szlov\u00e1k eln\u00f6ks\u00e9g c\u00e9lja, hogy konkr\u00e9t eredm\u00e9nyeket hozzon a visegr\u00e1di orsz\u00e1gok lakosainak.<br \/>\n<div class=\"ads-in-post2\"><script async src=\"https:\/\/pagead2.googlesyndication.com\/pagead\/js\/adsbygoogle.js\"><\/script>\r\n<ins class=\"adsbygoogle\"\r\n     style=\"display:block\"\r\n     data-ad-format=\"fluid\"\r\n     data-ad-layout-key=\"-6t+ed+2i-1n-4w\"\r\n     data-ad-client=\"ca-pub-1959107119989764\"\r\n     data-ad-slot=\"4008251320\"><\/ins>\r\n<script>\r\n     (adsbygoogle = window.adsbygoogle || []).push({});\r\n<\/script><\/div>\n    A mostani m\u00e1r az \u00f6t\u00f6dik olyan alkalom, amikor Szlov\u00e1kia t\u00f6lti be a visegr\u00e1di csoport eln\u00f6ki tiszt\u00e9t. A szlov\u00e1k eln\u00f6ks\u00e9g a &#8222;Dinamikus Visegr\u00e1d Eur\u00f3p\u00e1nak&#8221; mott\u00f3t adta programj\u00e1nak, amely h\u00e1rom pill\u00e9rre \u00e9p\u00fcl, ezek az er\u0151s Eur\u00f3pa, a biztons\u00e1gos k\u00f6rnyezet \u00e9s az intelligens megold\u00e1sok.<br \/>\n    &#8222;Hangs\u00falyt fogunk fektetni a bels\u0151 dinamika meger\u0151s\u00edt\u00e9s\u00e9re, a versenyk\u00e9pess\u00e9gre, a biztons\u00e1gra, a visegr\u00e1di r\u00e9gi\u00f3 \u00f6sszetart\u00e1s\u00e1ra&#8221; &#8211; \u00edrta az eln\u00f6ks\u00e9gr\u0151l \u00e1ll\u00e1sfoglal\u00e1s\u00e1ban a szlov\u00e1k k\u00fcl\u00fcgyi t\u00e1rca, amely szerint az egy\u00e9ves id\u0151szakban saj\u00e1t programjukkal folytonoss\u00e1got akarnak teremteni a szlov\u00e1kot megel\u0151z\u0151 magyar, illetve az azt k\u00f6vet\u0151 cseh eln\u00f6ks\u00e9g programjai k\u00f6z\u00f6tt. A szlov\u00e1k eln\u00f6ks\u00e9g sor\u00e1n hangs\u00falyozni akarj\u00e1k a V4-ek fontoss\u00e1g\u00e1t, kiemelve, hogy a csoport a region\u00e1lis egy\u00fcttm\u0171k\u00f6d\u00e9s eszk\u00f6ze, valamint garanci\u00e1ja a r\u00e9gi\u00f3 stabilit\u00e1s\u00e1nak \u00e9s a j\u00f3szomsz\u00e9di kapcsolatoknak.<br \/>\n(MTI)<\/p>\n","protected":false},"excerpt":{"rendered":"<p>Vas\u00e1rnapt\u00f3l egy \u00e9ven \u00e1t Szlov\u00e1kia t\u00f6lti be a visegr\u00e1di csoport soros eln\u00f6ki tiszt\u00e9t, amelyet Magyarorsz\u00e1gt\u00f3l vett \u00e1t \u00e9s egy \u00e9v m\u00falva Csehorsz\u00e1gnak ad tov\u00e1bb.<\/p>\n","protected":false},"author":1,"featured_media":0,"comment_status":"closed","ping_status":"open","sticky":false,"template":"","format":"standard","meta":[],"categories":[4,12],"tags":[],"_links":{"self":[{"href":"https:\/\/gazdasagportal.hu\/index.php\/wp-json\/wp\/v2\/posts\/106698"}],"collection":[{"href":"https:\/\/gazdasagportal.hu\/index.php\/wp-json\/wp\/v2\/posts"}],"about":[{"href":"https:\/\/gazdasagportal.hu\/index.php\/wp-json\/wp\/v2\/types\/post"}],"author":[{"embeddable":true,"href":"https:\/\/gazdasagportal.hu\/index.php\/wp-json\/wp\/v2\/users\/1"}],"replies":[{"embeddable":true,"href":"https:\/\/gazdasagportal.hu\/index.php\/wp-json\/wp\/v2\/comments?post=106698"}],"version-history":[{"count":1,"href":"https:\/\/gazdasagportal.hu\/index.php\/wp-json\/wp\/v2\/posts\/106698\/revisions"}],"predecessor-version":[{"id":106699,"href":"https:\/\/gazdasagportal.hu\/index.php\/wp-json\/wp\/v2\/posts\/106698\/revisions\/106699"}],"wp:attachment":[{"href":"https:\/\/gazdasagportal.hu\/index.php\/wp-json\/wp\/v2\/media?parent=106698"}],"wp:term":[{"taxonomy":"category","embeddable":true,"href":"https:\/\/gazdasagportal.hu\/index.php\/wp-json\/wp\/v2\/categories?post=106698"},{"taxonomy":"post_tag","embeddable":true,"href":"https:\/\/gazdasagportal.hu\/index.php\/wp-json\/wp\/v2\/tags?post=106698"}],"curies":[{"name":"wp","href":"https:\/\/api.w.org\/{rel}","templated":true}]}}