{"id":106568,"date":"2018-06-28T09:53:18","date_gmt":"2018-06-28T07:53:18","guid":{"rendered":"http:\/\/gazdasagportal.hu\/?p=106568"},"modified":"2018-06-28T09:53:18","modified_gmt":"2018-06-28T07:53:18","slug":"nyaron-celszeru-legalabb-az-idoaranyos-szabadsagot-kiadni","status":"publish","type":"post","link":"https:\/\/gazdasagportal.hu\/index.php\/nyaron-celszeru-legalabb-az-idoaranyos-szabadsagot-kiadni\/","title":{"rendered":"Ny\u00e1ron c\u00e9lszer\u0171 legal\u00e1bb az id\u0151ar\u00e1nyos szabads\u00e1got kiadni"},"content":{"rendered":"<p><strong>Az els\u0151 f\u00e9l\u00e9v v\u00e9g\u00e9hez k\u00f6zeledve a tapasztalatok szerint f\u0151leg a kisebb c\u00e9gek vannak elmaradva a szabads\u00e1gok id\u0151ar\u00e1nyos kiad\u00e1s\u00e1val. Mivel jogszab\u00e1lys\u00e9rt\u00e9snek sz\u00e1m\u00edt, ha a munk\u00e1ltat\u00f3 nem adja ki az adott \u00e9vre j\u00e1r\u00f3 szabads\u00e1got, a ny\u00e1ri id\u0151szakban nem csup\u00e1n az elmarad\u00e1sok p\u00f3tl\u00e1s\u00e1r\u00f3l c\u00e9lszer\u0171 int\u00e9zkedni, hanem lehet\u0151s\u00e9g szerint az \u00e9ves szabads\u00e1gkeretek min\u00e9l nagyobb m\u00e9rt\u00e9k\u0171 tov\u00e1bbi cs\u00f6kkent\u00e9s\u00e9r\u0151l is \u2013 figyelmeztet a Trenkwalder.<\/strong><!--more--><\/p>\n<div class=\"ads-in-post1\"><div id=\"gazdasagportal.hu_fullbanner_wideboard\"><\/div>\r\n<\/div>\n<p>&nbsp;<\/p>\n<p>A Munka T\u00f6rv\u00e9nyk\u00f6nyve (Mt.) csup\u00e1n az \u00e9letkor szerint j\u00e1r\u00f3 (a kort\u00f3l f\u00fcgg\u0151en 1-10 napnyi) p\u00f3tszabads\u00e1got engedi \u00e1tvinni korl\u00e1toz\u00e1sok n\u00e9lk\u00fcl a k\u00f6vetkez\u0151 \u00e9vre, \u00e9s ezt is \u00e9vente k\u00fcl\u00f6n meg\u00e1llapod\u00e1sban kell lefektetnie a feleknek. Ez\u00e9rt a c\u00e9geknek m\u00e1r most c\u00e9lszer\u0171 \u00e1tvil\u00e1g\u00edtania, melyik munkav\u00e1llal\u00f3juk hol tart az idei szabads\u00e1gkeret\u00e9nek felhaszn\u00e1l\u00e1s\u00e1ban.<\/p><div id=\"gazda-2944047475\" class=\"gazda-tartalomban gazda-entity-placement\"><script async src=\"https:\/\/pagead2.googlesyndication.com\/pagead\/js\/adsbygoogle.js\"><\/script>\r\n<ins class=\"adsbygoogle\"\r\n     style=\"display:block\"\r\n     data-ad-format=\"fluid\"\r\n     data-ad-layout-key=\"-6t+ed+2i-1n-4w\"\r\n     data-ad-client=\"ca-pub-1959107119989764\"\r\n     data-ad-slot=\"4008251320\"><\/ins>\r\n<script>\r\n     (adsbygoogle = window.adsbygoogle || []).push({});\r\n<\/script><\/div>\n<p>&nbsp;<\/p>\n<p>\u201e<em>Az \u00e9v v\u00e9g\u00e9hez k\u00f6zeledve k\u00fcl\u00f6n\u00f6sen azokn\u00e1l a c\u00e9gekn\u00e9l okozhat probl\u00e9m\u00e1t a szabads\u00e1gok \u2019bennragad\u00e1sa\u2019, amelyek id\u0151szakos cs\u00facsszezonja \u00e9ppen az \u00e9v utols\u00f3 h\u00f3napjaira esik (ilyen a kereskedelmi, sz\u00e1ll\u00edtm\u00e1nyoz\u00e1si, de a termel\u0151 c\u00e9gek jelent\u0151s r\u00e9sze is)<\/em> \u2013 magyar\u00e1zza Hujber Tibor, a Trenkwalder \u00fcgyvezet\u0151 igazgat\u00f3ja. \u2013 <em>Kiemelten \u00e9rintettek a kisebb v\u00e1llalkoz\u00e1sok, ahol a munkav\u00e1llal\u00f3k kisebb l\u00e9tsz\u00e1ma miatt nehezebb is megoldani a szabads\u00e1gol\u00e1sok miatt sz\u00fcks\u00e9gess\u00e9 v\u00e1l\u00f3 helyettes\u00edt\u00e9seket. A munkaer\u0151hi\u00e1ny s\u00falyosbod\u00e1sa miatt ugyanakkor a nagyobb v\u00e1llalatokn\u00e1l is k\u00f6nnyen okozhat az \u00e9v v\u00e9g\u00e9re probl\u00e9m\u00e1t a szabads\u00e1gok kiad\u00e1sa miatt sz\u00fcks\u00e9ges helyettes\u00edt\u00e9sek megold\u00e1sa<\/em>.\u201d<\/p>\n<div class=\"ads-in-post2\"><script async src=\"https:\/\/pagead2.googlesyndication.com\/pagead\/js\/adsbygoogle.js\"><\/script>\r\n<ins class=\"adsbygoogle\"\r\n     style=\"display:block\"\r\n     data-ad-format=\"fluid\"\r\n     data-ad-layout-key=\"-6t+ed+2i-1n-4w\"\r\n     data-ad-client=\"ca-pub-1959107119989764\"\r\n     data-ad-slot=\"4008251320\"><\/ins>\r\n<script>\r\n     (adsbygoogle = window.adsbygoogle || []).push({});\r\n<\/script><\/div>\n&nbsp;<\/p>\n<p>A munkav\u00e1llal\u00f3nak szint\u00e9n \u00e9rdeke, hogy folyamatosan nyomon k\u00f6vesse, mennyi kivehet\u0151 szabads\u00e1ga maradt. A szabads\u00e1gkeret\u00e9b\u0151l \u0151 ugyanis mind\u00f6ssze 7 munkanapr\u00f3l rendelkezhet szabadon, a t\u00f6bbir\u0151l a munk\u00e1ltat\u00f3 d\u00f6nti el, mikor adja ki azt. \u00c9v k\u00f6zben pedig a munk\u00e1ltat\u00f3 rugalmasabban d\u00f6nthet a munkav\u00e1llal\u00f3 egy\u00e9ni ig\u00e9nyei szerint, mint az \u00e9v v\u00e9gi hajr\u00e1ban. B\u00e1rmelyik f\u00e9l is kezdem\u00e9nyezi azonban a rendelkez\u00e9si k\u00f6r\u00e9be tartoz\u00f3 szabads\u00e1g kiv\u00e9tel\u00e9t, sz\u00e1nd\u00e9k\u00e1r\u00f3l a m\u00e1sik felet a jogszab\u00e1ly szerint legal\u00e1bb 15 nappal kor\u00e1bban t\u00e1j\u00e9koztatnia kell.<\/p>\n<p>&nbsp;<\/p>\n<p>A munkav\u00e1llal\u00f3k sz\u00e1m\u00e1ra fontos t\u00e9ny, hogy a term\u00e9szetben ki nem adott szabads\u00e1g nem v\u00e9sz el, annak kiad\u00e1s\u00e1t a munkav\u00e1llal\u00f3 a munkaviszony tartama alatt k\u00f6vetelheti. Igaz, a szabads\u00e1g p\u00e9nzben ekkor sem v\u00e1lthat\u00f3 meg \u2013 arra csak a munkaviszony megsz\u0171n\u00e9se eset\u00e9n van lehet\u0151s\u00e9g.<\/p>\n<p>&nbsp;<\/p>\n<p><strong>\u00a0<\/strong><\/p>\n<p><strong>Trenkwalder Szem\u00e9lyzeti Szolg\u00e1ltat\u00f3 Kft.<\/strong><\/p>\n<p>A Magyarorsz\u00e1gon imm\u00e1r t\u00f6bb mint k\u00e9t \u00e9vtizede jelenl\u00e9v\u0151 Trenkwalder Szem\u00e9lyzeti Szolg\u00e1ltat\u00f3 Kft. a munkaer\u0151-k\u00f6lcs\u00f6nz\u00e9s ter\u00fclet\u00e9n az egyik piacvezet\u0151 t\u00e1rsas\u00e1g: 2017-ben t\u00f6bb mint 5\u00a0000 f\u0151 k\u00f6lcs\u00f6nz\u00f6tt munkav\u00e1llal\u00f3t foglalkoztatott, nett\u00f3 \u00e1rbev\u00e9tele pedig megk\u00f6zel\u00edti a 18 milli\u00e1rd forintot.<\/p>\n<p>&nbsp;<\/p>\n<p>A Trenkwalder t\u00f6bb mint 20 irod\u00e1b\u00f3l \u00e1ll\u00f3 orsz\u00e1gos lefedetts\u00e9g\u0171 h\u00e1l\u00f3zatot m\u0171k\u00f6dtetve komplex szolg\u00e1ltat\u00e1sokat ny\u00fajt munkaer\u0151-k\u00f6lcs\u00f6nz\u00e9s, -k\u00f6zvet\u00edt\u00e9s, vezet\u0151kiv\u00e1laszt\u00e1s, b\u00e9rsz\u00e1mfejt\u00e9s-kiszervez\u00e9s, di\u00e1kmunka \u00e9s egy\u00e9b HR szolg\u00e1ltat\u00e1sok ter\u00e9n. Partnerei f\u0151k\u00e9nt ipari gy\u00e1rt\u00f3\/termel\u0151 v\u00e1llalatok \u00e9s besz\u00e1ll\u00edt\u00f3ik, kereskedelmi \u00e9s szolg\u00e1ltat\u00f3 c\u00e9gek, valamint a p\u00e9nz\u00fcgyi szektor, a hazai telekommunik\u00e1ci\u00f3 \u00e9s az FMCG prominens k\u00e9pvisel\u0151i.<\/p>\n<p>&nbsp;<\/p>\n<p>A Trenkwalder International AG piacvezet\u0151 szerepet t\u00f6lt be Ausztri\u00e1ban \u00e9s vezet\u0151 szem\u00e9lyzeti szolg\u00e1ltat\u00f3 K\u00f6z\u00e9p- \u00e9s Kelet-, valamint D\u00e9l-Eur\u00f3p\u00e1ban. A t\u00f6bb mint 50 000 embert foglalkoztat\u00f3 c\u00e9gcsoport t\u00f6bb mint 300 kirendelts\u00e9g\u00e9vel Eur\u00f3pa 17 orsz\u00e1g\u00e1ban van jelen. 2011 \u00f3ta a Trenkwalder a n\u00e9met Droege International AG csoport tagja.<\/p>\n","protected":false},"excerpt":{"rendered":"<p>Az els\u0151 f\u00e9l\u00e9v v\u00e9g\u00e9hez k\u00f6zeledve a tapasztalatok szerint f\u0151leg a kisebb c\u00e9gek vannak elmaradva a szabads\u00e1gok id\u0151ar\u00e1nyos kiad\u00e1s\u00e1val. Mivel jogszab\u00e1lys\u00e9rt\u00e9snek sz\u00e1m\u00edt, ha a munk\u00e1ltat\u00f3 nem adja ki az adott \u00e9vre j\u00e1r\u00f3 szabads\u00e1got, a ny\u00e1ri id\u0151szakban nem csup\u00e1n az elmarad\u00e1sok p\u00f3tl\u00e1s\u00e1r\u00f3l c\u00e9lszer\u0171 int\u00e9zkedni, hanem lehet\u0151s\u00e9g szerint az \u00e9ves szabads\u00e1gkeretek min\u00e9l nagyobb m\u00e9rt\u00e9k\u0171 tov\u00e1bbi cs\u00f6kkent\u00e9s\u00e9r\u0151l is \u2013 &#8230;<\/p>\n","protected":false},"author":1,"featured_media":0,"comment_status":"closed","ping_status":"open","sticky":false,"template":"","format":"standard","meta":[],"categories":[4],"tags":[],"_links":{"self":[{"href":"https:\/\/gazdasagportal.hu\/index.php\/wp-json\/wp\/v2\/posts\/106568"}],"collection":[{"href":"https:\/\/gazdasagportal.hu\/index.php\/wp-json\/wp\/v2\/posts"}],"about":[{"href":"https:\/\/gazdasagportal.hu\/index.php\/wp-json\/wp\/v2\/types\/post"}],"author":[{"embeddable":true,"href":"https:\/\/gazdasagportal.hu\/index.php\/wp-json\/wp\/v2\/users\/1"}],"replies":[{"embeddable":true,"href":"https:\/\/gazdasagportal.hu\/index.php\/wp-json\/wp\/v2\/comments?post=106568"}],"version-history":[{"count":1,"href":"https:\/\/gazdasagportal.hu\/index.php\/wp-json\/wp\/v2\/posts\/106568\/revisions"}],"predecessor-version":[{"id":106569,"href":"https:\/\/gazdasagportal.hu\/index.php\/wp-json\/wp\/v2\/posts\/106568\/revisions\/106569"}],"wp:attachment":[{"href":"https:\/\/gazdasagportal.hu\/index.php\/wp-json\/wp\/v2\/media?parent=106568"}],"wp:term":[{"taxonomy":"category","embeddable":true,"href":"https:\/\/gazdasagportal.hu\/index.php\/wp-json\/wp\/v2\/categories?post=106568"},{"taxonomy":"post_tag","embeddable":true,"href":"https:\/\/gazdasagportal.hu\/index.php\/wp-json\/wp\/v2\/tags?post=106568"}],"curies":[{"name":"wp","href":"https:\/\/api.w.org\/{rel}","templated":true}]}}