{"id":106558,"date":"2018-06-28T07:54:20","date_gmt":"2018-06-28T05:54:20","guid":{"rendered":"http:\/\/gazdasagportal.hu\/?p=106558"},"modified":"2018-06-28T07:17:20","modified_gmt":"2018-06-28T05:17:20","slug":"a-jovoben-a-part-osszes-jeloltje-felel-a-kampanytamogatas-visszafizeteseert","status":"publish","type":"post","link":"https:\/\/gazdasagportal.hu\/index.php\/a-jovoben-a-part-osszes-jeloltje-felel-a-kampanytamogatas-visszafizeteseert\/","title":{"rendered":"A j\u00f6v\u0151ben a p\u00e1rt \u00f6sszes jel\u00f6ltje felel a kamp\u00e1nyt\u00e1mogat\u00e1s visszafizet\u00e9s\u00e9\u00e9rt"},"content":{"rendered":"<p><strong>A j\u00f6v\u0151ben nemcsak a p\u00e1rt vezet\u0151 tiszts\u00e9gvisel\u0151inek, hanem a p\u00e1rt list\u00e1s \u00e9s egy\u00e9ni k\u00e9pvisel\u0151jel\u00f6ltjeinek is felel\u0151s\u00e9get kell v\u00e1llalnia a kamp\u00e1nyt\u00e1mogat\u00e1s visszafizet\u00e9s\u00e9\u00e9rt &#8211; ezt is tartalmazza az egyes v\u00e1laszt\u00e1sokkal kapcsolatos t\u00f6rv\u00e9nyek m\u00f3dos\u00edt\u00e1sa, amely pontos\u00edtja a lev\u00e9lben \u00e9rkez\u0151 szavazatok \u00e9rv\u00e9nyess\u00e9g\u00e9nek szab\u00e1lyait is.<\/strong><!--more--><\/p>\n<div class=\"ads-in-post1\"><div id=\"gazdasagportal.hu_fullbanner_wideboard\"><\/div>\r\n<\/div>\n<p>    Az Orsz\u00e1ggy\u0171l\u00e9s honlapj\u00e1n olvashat\u00f3, fideszes k\u00e9pvisel\u0151k \u00e1ltal kedden beny\u00fajtott t\u00f6rv\u00e9nyjavaslat indokl\u00e1sa szerint a m\u00f3dos\u00edt\u00e1s els\u0151dleges funkci\u00f3ja az, hogy a v\u00e1laszt\u00e1sok lebonyol\u00edt\u00e1s\u00e1val kapcsolatban felmer\u00fclt neh\u00e9zs\u00e9geket kezelje, a v\u00e1laszt\u00f3polg\u00e1rok joggyakorl\u00e1s\u00e1nak k\u00f6nny\u00edt\u00e9se \u00e9s a szavaz\u00e1s megszervez\u00e9s\u00e9nek kisz\u00e1m\u00edthat\u00f3v\u00e1 t\u00e9tele \u00fatj\u00e1n.<br \/>\n    Az orsz\u00e1ggy\u0171l\u00e9si k\u00e9pvisel\u0151k v\u00e1laszt\u00e1sa kamp\u00e1nyk\u00f6lts\u00e9geinek \u00e1tl\u00e1that\u00f3v\u00e1 t\u00e9tel\u00e9r\u0151l sz\u00f3l\u00f3 t\u00f6rv\u00e9ny m\u00f3dos\u00edt\u00e1s\u00e1val az egyetemleges felel\u0151ss\u00e9gv\u00e1llal\u00e1s szab\u00e1lyainak v\u00e1ltoztat\u00e1sa mellett el\u0151\u00edrj\u00e1k, hogy az a p\u00e1rt, amely az el\u0151z\u0151 orsz\u00e1ggy\u0171l\u00e9si v\u00e1laszt\u00e1sokon foly\u00f3s\u00edtott \u00e1llami kamp\u00e1nyt\u00e1mogat\u00e1ssal nem sz\u00e1molt el, az nem tarthat ig\u00e9nyt \u00fajabb kamp\u00e1nyt\u00e1mogat\u00e1sra sem.<br \/>\n    A v\u00e1laszt\u00e1si elj\u00e1r\u00e1sr\u00f3l sz\u00f3l\u00f3 t\u00f6rv\u00e9nyben m\u00f3dos\u00edtj\u00e1k az \u00e1tjelentkez\u00e9s hat\u00e1ridej\u00e9t. Jelenleg a szavaz\u00e1st megel\u0151z\u0151 m\u00e1sodik napon meg kell \u00e9rkeznie ennek a k\u00e9relemnek, ez a mostani javaslattal \u00fagy v\u00e1ltozik, hogy a k\u00e9relemnek legk\u00e9s\u0151bb a szavaz\u00e1st megel\u0151z\u0151 negyedik napon kell meg\u00e9rkeznie a helyi v\u00e1laszt\u00e1si irod\u00e1hoz. A j\u00f6v\u0151ben ekkor z\u00e1rj\u00e1k le a n\u00e9vjegyz\u00e9ket is.<br \/>\n    A t\u00f6rv\u00e9nym\u00f3dos\u00edt\u00e1s sz\u00e1mos r\u00e9szletszab\u00e1lyt tartalmaz a szavazatsz\u00e1ml\u00e1l\u00f3 bizotts\u00e1gokra, a v\u00e1laszt\u00e1si bizotts\u00e1gok tagjainak \u00f6sszef\u00e9rhetetlens\u00e9g\u00e9re. Lehet\u0151v\u00e9 v\u00e1lik p\u00e9ld\u00e1ul, hogy t\u00f6bb tagja legyen annak a szavazatsz\u00e1ml\u00e1l\u00f3 bizotts\u00e1gnak, ahol ezt a mozg\u00f3urn\u00e1s szavaz\u00f3k nagy sz\u00e1ma indokolja.<br \/>\n<div class=\"ads-in-post2\"><script async src=\"https:\/\/pagead2.googlesyndication.com\/pagead\/js\/adsbygoogle.js\"><\/script>\r\n<ins class=\"adsbygoogle\"\r\n     style=\"display:block\"\r\n     data-ad-format=\"fluid\"\r\n     data-ad-layout-key=\"-6t+ed+2i-1n-4w\"\r\n     data-ad-client=\"ca-pub-1959107119989764\"\r\n     data-ad-slot=\"4008251320\"><\/ins>\r\n<script>\r\n     (adsbygoogle = window.adsbygoogle || []).push({});\r\n<\/script><\/div>\n    V\u00e1ltozik a mozg\u00f3urna ir\u00e1nti k\u00e9relem beny\u00fajt\u00e1s\u00e1nak hat\u00e1rideje is: a szavaz\u00e1s napj\u00e1n a jelenlegi 15 \u00f3ra helyett 12 \u00f3r\u00e1ig lehet mozg\u00f3urn\u00e1t ig\u00e9nyelni.<br \/>\n    Bevezetik a regisztr\u00e1ci\u00f3 meger\u0151s\u00edt\u00e9s\u00e9t a k\u00fclf\u00f6ld\u00f6n \u00e9l\u0151, azaz magyarorsz\u00e1gi lakc\u00edmmel nem rendelkez\u0151 v\u00e1laszt\u00f3polg\u00e1roknak. A k\u00f6zponti n\u00e9vjegyz\u00e9kben szerepl\u0151, a k\u00fclk\u00e9pviseleten szem\u00e9lyesen megjelen\u0151 \u00e9s szem\u00e9lyazonoss\u00e1g\u00e1t igazol\u00f3 v\u00e1laszt\u00f3polg\u00e1r regisztr\u00e1ci\u00f3j\u00e1t a k\u00fclk\u00e9pviseleti v\u00e1laszt\u00e1si iroda meger\u0151s\u00edti.<br \/>\n    Egyszer\u0171s\u00f6dik a n\u00e9vjegyz\u00e9kkel kapcsolatos k\u00e9relmek beny\u00fajt\u00e1sa, cs\u00f6kken a megadand\u00f3 szem\u00e9lyes adatok k\u00f6re. Elhagyj\u00e1k az &#8222;anyja nev\u00e9t&#8221; mint azonos\u00edt\u00f3 adatot. A regisztr\u00e1ci\u00f3s k\u00e9relmek \u00e9s a szavaz\u00e1si iratok \u00e9rv\u00e9nytelens\u00e9g\u00e9nek egyik jellemz\u0151 oka eddig ugyanis az anyja nev\u00e9nek pontatlan megad\u00e1sa volt, mivel jellemz\u0151en nem a le\u00e1nykori nevet adt\u00e1k meg a v\u00e1laszt\u00f3k &#8211; indokoltak.<br \/>\n    A javaslat elfogad\u00e1sa ut\u00e1n v\u00e1laszt\u00e1si plak\u00e1ton impresszumot kell felt\u00fcntetni. Kiv\u00e9tel ez al\u00f3l, ha a plak\u00e1t \u00e1ltal n\u00e9pszer\u0171s\u00edtett jel\u00f6l\u0151 szervezet vagy a f\u00fcggetlen jel\u00f6lt neve, illetve a n\u00e9pszer\u0171s\u00edtett jel\u00f6lt k\u00e9pm\u00e1sa a plak\u00e1ton megjelenik. Plak\u00e1tot elhelyezni kiz\u00e1r\u00f3lag a tulajdonos vagy a b\u00e9rl\u0151, vagy az \u00e1llami vagy \u00f6nkorm\u00e1nyzati tulajdonban l\u00e9v\u0151 dolgon a vagyonkezel\u0151i jog gyakorl\u00f3j\u00e1nak el\u0151zetes, \u00edr\u00e1sbeli hozz\u00e1j\u00e1rul\u00e1s\u00e1val lehet.<br \/>\n    El\u0151\u00edrj\u00e1k, hogy a politikai hirdet\u00e9st k\u00f6zz\u00e9tev\u0151 sajt\u00f3term\u00e9k minden politikai hirdet\u00e9sre vonatkoz\u00f3an k\u00f6teles k\u00f6zz\u00e9tenni azt is, hogy a hirdet\u00e9st kinek a megrendel\u00e9s\u00e9re teszi k\u00f6zz\u00e9.<br \/>\n    Lehet\u0151v\u00e9 v\u00e1lik, hogy a v\u00e1laszt\u00f3polg\u00e1rok adatait nem, \u00e9letkor, vagy lakc\u00edm szerinti csoportos\u00edt\u00e1sban k\u00e9rje ki a jel\u00f6lt, vagy a jel\u00f6l\u0151 szervezet.<br \/>\n    A lev\u00e9lszavaz\u00e1s kor\u00e1bbi megkezd\u00e9s\u00e9nek el\u0151seg\u00edt\u00e9s\u00e9vel indokolj\u00e1k, hogy a jel\u00f6lt \u00e9s a lista bejelent\u00e9s\u00e9t kor\u00e1bbi id\u0151pontra, a szavaz\u00e1st megel\u0151z\u0151 harminchetedik \u00e9s<br \/>\nharminchatodik napra v\u00e1ltoztatt\u00e1k. A hat\u00e1lyos szab\u00e1lyoz\u00e1s szerint egy\u00e9ni v\u00e1laszt\u00f3ker\u00fcleti jel\u00f6ltet legk\u00e9s\u0151bb a szavaz\u00e1st megel\u0151z\u0151 harmincnegyedik napon, m\u00edg az orsz\u00e1gos list\u00e1t legk\u00e9s\u0151bb a szavaz\u00e1st megel\u0151z\u0151 harmincharmadik napon kell bejelenteni.<br \/>\n    A t\u00f6rv\u00e9nyjavaslat indokl\u00e1s\u00e1ban az olvashat\u00f3: a 2014-es \u00e9s 2018-as orsz\u00e1ggy\u0171l\u00e9si v\u00e1laszt\u00e1sok, valamint a 2016-os n\u00e9pszavaz\u00e1s tapasztalatai alapj\u00e1n a lev\u00e9lben szavaz\u00e1s szavaz\u00f3lapjainak kik\u00fcld\u00e9s\u00e9re \u00e9s vissza\u00e9rkez\u00e9s\u00e9re rendk\u00edv\u00fcl sz\u0171k a jelenleg biztos\u00edtott hat\u00e1rid\u0151. Ez\u00e9rt el\u0151r\u00e9bb hozz\u00e1k a t\u00f6bbi k\u00f6z\u00f6tt a regisztr\u00e1ci\u00f3 jelenlegi hat\u00e1ridej\u00e9t is.<br \/>\n    Jelenleg az a magyarorsz\u00e1gi lakc\u00edmmel nem rendelkez\u0151 v\u00e1laszt\u00f3polg\u00e1r ker\u00fclhet be a lev\u00e9lben szavaz\u00f3k n\u00e9vjegyz\u00e9k\u00e9be, aki a legk\u00e9s\u0151bb a szavaz\u00e1st megel\u0151z\u0151 tizen\u00f6t\u00f6dik napon beny\u00fajtotta k\u00e9relm\u00e9t. A j\u00f6v\u0151ben a k\u00e9relmet a legk\u00e9s\u0151bb a szavaz\u00e1st megel\u0151z\u0151 huszon\u00f6t\u00f6dik napon kell beny\u00fajtani.<br \/>\n    Pontos\u00edtj\u00e1k a v\u00e1laszbor\u00edt\u00e9kok \u00e9rv\u00e9nyess\u00e9g\u00e9nek szab\u00e1lyait, amely miatt az \u00e1prilisi v\u00e1laszt\u00e1son is vita volt. A javaslat szerint a v\u00e1laszt\u00f3polg\u00e1r b\u00e1rmilyen bor\u00edt\u00e9kban elk\u00fcldheti a lev\u00e9lszavazatot, \u00e9s a Nemzeti V\u00e1laszt\u00e1si Irod\u00e1ba be\u00e9rkezett s\u00e9r\u00fclt bor\u00edt\u00e9k is csak akkor min\u0151s\u00fcl felnyitottnak, ha a bor\u00edt\u00e9k s\u00e9r\u00fcl\u00e9s\u00e9nek jelleg\u00e9re \u00e9s kiterjed\u00e9s\u00e9re tekintettel annak tartalma megismerhet\u0151v\u00e9 v\u00e1lhatott.<br \/>\n    A t\u00f6rv\u00e9nyjavaslat indokl\u00e1sa szerint a v\u00e1laszt\u00f3polg\u00e1ri akarat \u00e9rv\u00e9nyes\u00fcl\u00e9s\u00e9nek el\u0151seg\u00edt\u00e9se \u00e9rdek\u00e9ben nyilv\u00e1nval\u00f3v\u00e1 teszik, hogy a &#8222;k\u00fclk\u00e9pviseletre eljuttat\u00e1s&#8221; fordulat a postai \u00faton t\u00f6rt\u00e9n\u0151 megk\u00fcld\u00e9st is mag\u00e1ba foglalja.<br \/>\n    Az eur\u00f3pai parlamenti v\u00e1laszt\u00e1sokkal kapcsolatos v\u00e1ltoztat\u00e1s, hogy k\u00f6zz\u00e9 lehet tenni a szavaz\u00e1son megjelen\u0151 v\u00e1laszt\u00f3polg\u00e1rok sz\u00e1m\u00e1t. Ez a szab\u00e1ly azzal f\u00fcgg \u00f6ssze, hogy az Eur\u00f3pai Uni\u00f3 tag\u00e1llamaiban p\u00e1rhuzamosan zajl\u00f3 szavaz\u00e1sok miatt a v\u00e1laszt\u00e1s nem hiteles eredm\u00e9ny\u00e9t tartalmaz\u00f3 t\u00e1j\u00e9koztat\u00f3 adatokat, valamint a v\u00e1laszt\u00e1si eredm\u00e9nyt csak azt k\u00f6vet\u0151en lehet k\u00f6zz\u00e9tenni, hogy a szavaz\u00e1s valamennyi tag\u00e1llamban befejez\u0151d\u00f6tt.<br \/>\n    A t\u00f6rv\u00e9nyjavaslatot Guly\u00e1s Gergely (Fidesz), Bajkai Istv\u00e1n (Fidesz), Zsigmond Barna P\u00e1l (Fidesz), Kocsis M\u00e1t\u00e9 (Fidesz) \u00e9s N\u00e9meth Szil\u00e1rd (Fidesz) ny\u00fajtotta be.<br \/>\n(MTI)<\/p>\n","protected":false},"excerpt":{"rendered":"<p>A j\u00f6v\u0151ben nemcsak a p\u00e1rt vezet\u0151 tiszts\u00e9gvisel\u0151inek, hanem a p\u00e1rt list\u00e1s \u00e9s egy\u00e9ni k\u00e9pvisel\u0151jel\u00f6ltjeinek is felel\u0151s\u00e9get kell v\u00e1llalnia a kamp\u00e1nyt\u00e1mogat\u00e1s visszafizet\u00e9s\u00e9\u00e9rt &#8211; ezt is tartalmazza az egyes v\u00e1laszt\u00e1sokkal kapcsolatos t\u00f6rv\u00e9nyek m\u00f3dos\u00edt\u00e1sa, amely pontos\u00edtja a lev\u00e9lben \u00e9rkez\u0151 szavazatok \u00e9rv\u00e9nyess\u00e9g\u00e9nek szab\u00e1lyait is.<\/p>\n","protected":false},"author":1,"featured_media":0,"comment_status":"closed","ping_status":"open","sticky":false,"template":"","format":"standard","meta":[],"categories":[4,18],"tags":[],"_links":{"self":[{"href":"https:\/\/gazdasagportal.hu\/index.php\/wp-json\/wp\/v2\/posts\/106558"}],"collection":[{"href":"https:\/\/gazdasagportal.hu\/index.php\/wp-json\/wp\/v2\/posts"}],"about":[{"href":"https:\/\/gazdasagportal.hu\/index.php\/wp-json\/wp\/v2\/types\/post"}],"author":[{"embeddable":true,"href":"https:\/\/gazdasagportal.hu\/index.php\/wp-json\/wp\/v2\/users\/1"}],"replies":[{"embeddable":true,"href":"https:\/\/gazdasagportal.hu\/index.php\/wp-json\/wp\/v2\/comments?post=106558"}],"version-history":[{"count":1,"href":"https:\/\/gazdasagportal.hu\/index.php\/wp-json\/wp\/v2\/posts\/106558\/revisions"}],"predecessor-version":[{"id":106559,"href":"https:\/\/gazdasagportal.hu\/index.php\/wp-json\/wp\/v2\/posts\/106558\/revisions\/106559"}],"wp:attachment":[{"href":"https:\/\/gazdasagportal.hu\/index.php\/wp-json\/wp\/v2\/media?parent=106558"}],"wp:term":[{"taxonomy":"category","embeddable":true,"href":"https:\/\/gazdasagportal.hu\/index.php\/wp-json\/wp\/v2\/categories?post=106558"},{"taxonomy":"post_tag","embeddable":true,"href":"https:\/\/gazdasagportal.hu\/index.php\/wp-json\/wp\/v2\/tags?post=106558"}],"curies":[{"name":"wp","href":"https:\/\/api.w.org\/{rel}","templated":true}]}}