{"id":106550,"date":"2018-06-28T06:47:51","date_gmt":"2018-06-28T04:47:51","guid":{"rendered":"http:\/\/gazdasagportal.hu\/?p=106550"},"modified":"2018-06-28T06:47:51","modified_gmt":"2018-06-28T04:47:51","slug":"a-kulfoldi-munkavallalassal-kapcsolatos-veszelyekre-figyelmeztet-a-nemzeti-bunmegelozesi-tanacs","status":"publish","type":"post","link":"https:\/\/gazdasagportal.hu\/index.php\/a-kulfoldi-munkavallalassal-kapcsolatos-veszelyekre-figyelmeztet-a-nemzeti-bunmegelozesi-tanacs\/","title":{"rendered":"A k\u00fclf\u00f6ldi munkav\u00e1llal\u00e1ssal kapcsolatos vesz\u00e9lyekre figyelmeztet a Nemzeti B\u0171nmegel\u0151z\u00e9si Tan\u00e1cs"},"content":{"rendered":"<p><strong>A Bel\u00fcgyminiszt\u00e9rium Nemzeti B\u0171nmegel\u0151z\u00e9si Tan\u00e1csa kamp\u00e1nyt ind\u00edtott a k\u00fclf\u00f6ld\u00f6n munk\u00e1t v\u00e1llal\u00f3k t\u00e1j\u00e9koztat\u00e1s\u00e1ra, a munkav\u00e1llal\u00e1ssal kapcsolatos vesz\u00e9lyek felh\u00edv\u00e1s\u00e1ra.<\/strong><!--more--><\/p>\n<div class=\"ads-in-post1\"><div id=\"gazdasagportal.hu_fullbanner_wideboard\"><\/div>\r\n<\/div>\n<p>    Mint az MTI-hez eljuttatott k\u00f6zlem\u00e9ny\u00fckben kiemelt\u00e9k: a munkaer\u0151 szabad \u00e1raml\u00e1sa a &#8222;munkac\u00e9l\u00fa kizs\u00e1km\u00e1nyol\u00e1s&#8221; terjed\u00e9s\u00e9vel is j\u00e1rt Eur\u00f3p\u00e1ban.<br \/>\n    Az &#8222;EUmelo&#8221; elnevez\u00e9s\u0171 kamp\u00e1nyhoz weboldal k\u00e9sz\u00fclt, amely nyilv\u00e1nval\u00f3an hamis \u00edg\u00e9retekkel, a realit\u00e1st\u00f3l teljesen elrugaszkodva cs\u00e1b\u00edtotta a munk\u00e1t keres\u0151ket. Az eumelo.eu azt \u00e1ll\u00edtotta, hogy a Londonban bejegyzett oldalt olyan emberek hozt\u00e1k l\u00e9tre, akik maguk is uni\u00f3s munkav\u00e1llal\u00f3k. Azt \u00edg\u00e9rt\u00e9k b\u00e1rkinek nyelvtud\u00e1s vagy szaktud\u00e1s n\u00e9lk\u00fcl, 80-100 sz\u00e1zal\u00e9kos sikerrel tal\u00e1lnak munk\u00e1t, s\u0151t sz\u00e1ll\u00e1st biztos\u00edtanak, a m\u00e9g nem dolgoz\u00f3 csal\u00e1dtagokat seg\u00e9lyhez juttatj\u00e1k, a gyerekeket az iskol\u00e1ba be\u00edratj\u00e1k, 2000 eur\u00f3s b\u00e9rt \u00e9s lakhat\u00e1st k\u00edn\u00e1lnak. Az oldalt a Facebookon hirdett\u00e9k, \u00e9s hamar nagy \u00e9rdekl\u0151d\u00e9s mutatkozott ir\u00e1nta.<br \/>\n<div class=\"ads-in-post2\"><script async src=\"https:\/\/pagead2.googlesyndication.com\/pagead\/js\/adsbygoogle.js\"><\/script>\r\n<ins class=\"adsbygoogle\"\r\n     style=\"display:block\"\r\n     data-ad-format=\"fluid\"\r\n     data-ad-layout-key=\"-6t+ed+2i-1n-4w\"\r\n     data-ad-client=\"ca-pub-1959107119989764\"\r\n     data-ad-slot=\"4008251320\"><\/ins>\r\n<script>\r\n     (adsbygoogle = window.adsbygoogle || []).push({});\r\n<\/script><\/div>\n    K\u00f6zlem\u00e9ny\u00fckben azt \u00edrt\u00e1k: a jelentkez\u0151k t\u00f6red\u00e9ke volt csak szkeptikus, holott sok sz\u00e1nd\u00e9kos hib\u00e1t rejtettek el az oldal \u00f6sszerak\u00e1sa k\u00f6zben. A felhaszn\u00e1l\u00f3k sz\u00e1mos jelb\u0151l r\u00e1j\u00f6hettek volna, hogy nem val\u00f3s lehet\u0151s\u00e9get l\u00e1tnak. P\u00e9ldak\u00e9nt eml\u00edtett\u00e9k, hogy az \u00c1ltal\u00e1nos Szerz\u0151d\u00e9si Felt\u00e9telek men\u00fcpont alatt le is leplezte mag\u00e1t a &#8222;projekt&#8221;, ott ugyanis le\u00edrt\u00e1k: ez az NBT t\u00e1j\u00e9koztat\u00f3 kamp\u00e1ny. Emellett gmailes email-c\u00edmet haszn\u00e1ltak, a c\u00e9g pedig egy l\u00e9tez\u0151 londoni c\u00edmen m\u0171k\u00f6d\u00f6tt a weblap szerint, de arra a c\u00edmre nem volt bejelentve semmi.<br \/>\n    A c\u00e9l az volt, hogy az eumelo.eu oldalra min\u00e9l nagyobb forgalom terel\u0151dj\u00f6n, ez\u00e1ltal min\u00e9l t\u00f6bb potenci\u00e1lis jelentkez\u0151 \u00e9rdekl\u0151dj\u00f6n. Aki ugyanis jelentkezett munk\u00e1ra az oldalon, az automatikus v\u00e1laszlevelet kapott, amelyben k\u00e9preg\u00e9nyes form\u00e1ban t\u00e1j\u00e9koztat\u00e1st kapott a k\u00fclf\u00f6ldi munkakeres\u00e9s vesz\u00e9lyeir\u0151l, \u00e9s felsorolt\u00e1k azokat a gyan\u00fas jeleket, amelyek l\u00e1tt\u00e1n r\u00e9sen kell lenni &#8211; olvashat\u00f3 a BM k\u00f6zlem\u00e9ny\u00e9ben.(MTI)<\/p>\n","protected":false},"excerpt":{"rendered":"<p>A Bel\u00fcgyminiszt\u00e9rium Nemzeti B\u0171nmegel\u0151z\u00e9si Tan\u00e1csa kamp\u00e1nyt ind\u00edtott a k\u00fclf\u00f6ld\u00f6n munk\u00e1t v\u00e1llal\u00f3k t\u00e1j\u00e9koztat\u00e1s\u00e1ra, a munkav\u00e1llal\u00e1ssal kapcsolatos vesz\u00e9lyek felh\u00edv\u00e1s\u00e1ra.<\/p>\n","protected":false},"author":1,"featured_media":0,"comment_status":"closed","ping_status":"open","sticky":false,"template":"","format":"standard","meta":[],"categories":[4],"tags":[],"_links":{"self":[{"href":"https:\/\/gazdasagportal.hu\/index.php\/wp-json\/wp\/v2\/posts\/106550"}],"collection":[{"href":"https:\/\/gazdasagportal.hu\/index.php\/wp-json\/wp\/v2\/posts"}],"about":[{"href":"https:\/\/gazdasagportal.hu\/index.php\/wp-json\/wp\/v2\/types\/post"}],"author":[{"embeddable":true,"href":"https:\/\/gazdasagportal.hu\/index.php\/wp-json\/wp\/v2\/users\/1"}],"replies":[{"embeddable":true,"href":"https:\/\/gazdasagportal.hu\/index.php\/wp-json\/wp\/v2\/comments?post=106550"}],"version-history":[{"count":1,"href":"https:\/\/gazdasagportal.hu\/index.php\/wp-json\/wp\/v2\/posts\/106550\/revisions"}],"predecessor-version":[{"id":106551,"href":"https:\/\/gazdasagportal.hu\/index.php\/wp-json\/wp\/v2\/posts\/106550\/revisions\/106551"}],"wp:attachment":[{"href":"https:\/\/gazdasagportal.hu\/index.php\/wp-json\/wp\/v2\/media?parent=106550"}],"wp:term":[{"taxonomy":"category","embeddable":true,"href":"https:\/\/gazdasagportal.hu\/index.php\/wp-json\/wp\/v2\/categories?post=106550"},{"taxonomy":"post_tag","embeddable":true,"href":"https:\/\/gazdasagportal.hu\/index.php\/wp-json\/wp\/v2\/tags?post=106550"}],"curies":[{"name":"wp","href":"https:\/\/api.w.org\/{rel}","templated":true}]}}