{"id":106548,"date":"2018-06-27T20:43:58","date_gmt":"2018-06-27T18:43:58","guid":{"rendered":"http:\/\/gazdasagportal.hu\/?p=106548"},"modified":"2018-06-27T20:43:58","modified_gmt":"2018-06-27T18:43:58","slug":"nemetorszag-egyelore-senkit-sem-fogad-be-a-lifeline-utasai-kozul","status":"publish","type":"post","link":"https:\/\/gazdasagportal.hu\/index.php\/nemetorszag-egyelore-senkit-sem-fogad-be-a-lifeline-utasai-kozul\/","title":{"rendered":"N\u00e9metorsz\u00e1g egyel\u0151re senkit sem fogad be a Lifeline utasai k\u00f6z\u00fcl"},"content":{"rendered":"<p><strong>N\u00e9metorsz\u00e1g egyel\u0151re egyetlen f\u0151t sem fogad be a Mission Life n\u00e9met civil szervezet Lifeline nev\u0171 ment\u0151haj\u00f3ja \u00e1ltal kimentett emberek k\u00f6z\u00fcl &#8211; jelezt\u00e9k szerd\u00e1n Berlinben a sz\u00f6vets\u00e9gi korm\u00e1ny sz\u00f3viv\u0151i. K\u00e9s\u0151bb Horst Seehofer bel\u00fcgyminiszter a sz\u00f6vets\u00e9gi parlamentben (Bundestag) azt mondta, hogy a korm\u00e1nynak nincs tennival\u00f3ja az \u00fcgyben, vagyis N\u00e9metorsz\u00e1g val\u00f3ban nem fogad be senkit a Lifeline-r\u00f3l.<\/strong><!--more--><\/p>\n<div class=\"ads-in-post1\"><div id=\"gazdasagportal.hu_fullbanner_wideboard\"><\/div>\r\n<\/div>\n<p>    Steffen Seibert korm\u00e1nysz\u00f3viv\u0151 t\u00e1j\u00e9koztat\u00f3j\u00e1n k\u00e9rd\u00e9sre v\u00e1laszolva elmondta, hogy a korm\u00e1ny aggodalommal szeml\u00e9li a ment\u0151haj\u00f3 sors\u00e1nak alakul\u00e1s\u00e1t, \u00e9s bels\u0151 egyeztet\u00e9st folytat a mintegy 230 ember elhelyez\u00e9s\u00e9nek \u00fcgy\u00e9r\u0151l. Hangs\u00falyozta, hogy k\u00f6z\u00f6s eur\u00f3pai megold\u00e1st tartanak sz\u00fcks\u00e9gesnek.<br \/>\n    Kit\u00e9r\u0151 v\u00e1laszokat adott azokra a felvet\u00e9sekre, hogy hasonl\u00f3 helyzetekben a korm\u00e1nysz\u00f3viv\u0151i t\u00e1j\u00e9koztat\u00f3kon rendre elhangzik, hogy g\u0151zer\u0151vel dolgoznak az elesettek megseg\u00edt\u00e9s\u00e9n, 2015 szeptember\u00e9ben pedig humanit\u00e1rius sz\u00fcks\u00e9ghelyzetnek min\u0151s\u00edtett\u00e9k a N\u00e9metorsz\u00e1g fel\u00e9 tart\u00f3 mened\u00e9kk\u00e9r\u0151k \u00fcgy\u00e9t \u00e9s beengedt\u00e9k \u0151ket az orsz\u00e1gba.<br \/>\n    Megjegyezte: a menek\u00fclt\u00fcgyi elj\u00e1r\u00e1s sor\u00e1n kell meg\u00e1llap\u00edtani, hogy a Lifeline fed\u00e9lzet\u00e9re felvett emberek &#8222;menek\u00fcltek-e vagy migr\u00e1nsok&#8221;.<br \/>\n<div class=\"ads-in-post2\"><script async src=\"https:\/\/pagead2.googlesyndication.com\/pagead\/js\/adsbygoogle.js\"><\/script>\r\n<ins class=\"adsbygoogle\"\r\n     style=\"display:block\"\r\n     data-ad-format=\"fluid\"\r\n     data-ad-layout-key=\"-6t+ed+2i-1n-4w\"\r\n     data-ad-client=\"ca-pub-1959107119989764\"\r\n     data-ad-slot=\"4008251320\"><\/ins>\r\n<script>\r\n     (adsbygoogle = window.adsbygoogle || []).push({});\r\n<\/script><\/div>\n    Azokkal a sajt\u00f3h\u00edrekkel kapcsolatban, amelyek szerint Horst Seehofer bel\u00fcgyminiszter, a bajor Kereszt\u00e9nyszoci\u00e1lis Uni\u00f3 (CSU) ellen\u00e1ll\u00e1sa miatt nem siker\u00fclt d\u00f6nt\u00e9sre jutni a Lifeline utasainak \u00fcgy\u00e9ben, Eleonore Peterman bel\u00fcgyminiszt\u00e9riumi sz\u00f3viv\u0151 azt mondta, nincs tudom\u00e1sa arr\u00f3l, hogy a t\u00e1rcavezet\u0151 ilyen ir\u00e1ny\u00fa tev\u00e9kenys\u00e9get folytat.<br \/>\n    Steffen Seibert nem k\u00edv\u00e1nt nyilatkozni arr\u00f3l, hogy Angela Merkel kancell\u00e1r, a Kereszt\u00e9nydemokrata Uni\u00f3 (CDU) eln\u00f6ke t\u00e1mogatja-e a Lifeline utasainak vagy az utasok egy r\u00e9sz\u00e9nek befogad\u00e1s\u00e1t. A sz\u00f3viv\u0151 kiemelte, fontos, hogy a korm\u00e1ny egys\u00e9gesen l\u00e9pjen fel.<br \/>\n    A Lifeline 17 f\u0151s n\u00e9met szem\u00e9lyzettel \u00e9s a kimentett emberekkel a fed\u00e9lzet\u00e9n egy h\u00e9tig v\u00e1rakozott nemzetk\u00f6zi vizeken a F\u00f6ldk\u00f6zi-tengeren, mert nem kapott enged\u00e9lyt a kik\u00f6t\u00e9sre az Eur\u00f3pai Uni\u00f3ban. V\u00e9g\u00fcl Joseph Muscat m\u00e1ltai minisztereln\u00f6k szerd\u00e1n k\u00f6z\u00f6lte, hogy a haj\u00f3 kik\u00f6thet a szigetorsz\u00e1gban.<br \/>\n    Szerd\u00e1n az ellenz\u00e9ki p\u00e1rtok kezdem\u00e9nyez\u00e9s\u00e9re berendelt\u00e9k a Bundestagba Horst Seehofer bel\u00fcgyminisztert, hogy az azonnali k\u00e9rd\u00e9sek \u00f3r\u00e1j\u00e1n ismertesse a korm\u00e1ny \u00e1ll\u00e1spontj\u00e1t a Lifeline-\u00fcgyben. A miniszter hangs\u00falyozta, hogy N\u00e9metorsz\u00e1g nem kell l\u00e9p\u00e9seket tennie, mert nyolc eur\u00f3pai uni\u00f3s (EU-) tagorsz\u00e1g v\u00e1llalja a kimentett haj\u00f3t\u00f6r\u00f6ttek befogad\u00e1s\u00e1t.<br \/>\n    A n\u00e9met ment\u0151haj\u00f3 &#8222;sajn\u00e1latos esete&#8221; is mutatja, mennyire fontos egy eur\u00f3pai szint\u0171 menek\u00fclt\u00fcgyi szab\u00e1lyrendszer kidolgoz\u00e1sa \u00e9s az EU k\u00fcls\u0151 hat\u00e1r\u00e1nak hat\u00e9kony ellen\u0151rz\u00e9se \u00e9s v\u00e9delme &#8211; mondta.<br \/>\n    Al\u00e1h\u00fazta, hogy &#8222;v\u00e9dett \u00f6vezeteket&#8221; kell kialak\u00edtani \u00fagynevezett harmadik orsz\u00e1gokban, vagyis az EU-n k\u00edv\u00fcl.<br \/>\n    Visszautas\u00edtotta az ellenz\u00e9ki Z\u00f6ldek \u00e9s a Baloldal (Die Linke) sz\u00f3nokainak v\u00e1dj\u00e1t, miszerint a korm\u00e1ny embertelen m\u00f3don j\u00e1r el. Kiemelte, hogy N\u00e9metorsz\u00e1g 2016-ban \u00e9s 2017-ben t\u00f6bb mened\u00e9kk\u00e9r\u0151t fogadott be, mint az \u00f6sszes t\u00f6bbi EU-s tagorsz\u00e1g egy\u00fcttv\u00e9ve.(MTI)<\/p>\n","protected":false},"excerpt":{"rendered":"<p>N\u00e9metorsz\u00e1g egyel\u0151re egyetlen f\u0151t sem fogad be a Mission Life n\u00e9met civil szervezet Lifeline nev\u0171 ment\u0151haj\u00f3ja \u00e1ltal kimentett emberek k\u00f6z\u00fcl &#8211; jelezt\u00e9k szerd\u00e1n Berlinben a sz\u00f6vets\u00e9gi korm\u00e1ny sz\u00f3viv\u0151i. K\u00e9s\u0151bb Horst Seehofer bel\u00fcgyminiszter a sz\u00f6vets\u00e9gi parlamentben (Bundestag) azt mondta, hogy a korm\u00e1nynak nincs tennival\u00f3ja az \u00fcgyben, vagyis N\u00e9metorsz\u00e1g val\u00f3ban nem fogad be senkit a Lifeline-r\u00f3l.<\/p>\n","protected":false},"author":1,"featured_media":0,"comment_status":"closed","ping_status":"open","sticky":false,"template":"","format":"standard","meta":[],"categories":[12],"tags":[],"_links":{"self":[{"href":"https:\/\/gazdasagportal.hu\/index.php\/wp-json\/wp\/v2\/posts\/106548"}],"collection":[{"href":"https:\/\/gazdasagportal.hu\/index.php\/wp-json\/wp\/v2\/posts"}],"about":[{"href":"https:\/\/gazdasagportal.hu\/index.php\/wp-json\/wp\/v2\/types\/post"}],"author":[{"embeddable":true,"href":"https:\/\/gazdasagportal.hu\/index.php\/wp-json\/wp\/v2\/users\/1"}],"replies":[{"embeddable":true,"href":"https:\/\/gazdasagportal.hu\/index.php\/wp-json\/wp\/v2\/comments?post=106548"}],"version-history":[{"count":1,"href":"https:\/\/gazdasagportal.hu\/index.php\/wp-json\/wp\/v2\/posts\/106548\/revisions"}],"predecessor-version":[{"id":106549,"href":"https:\/\/gazdasagportal.hu\/index.php\/wp-json\/wp\/v2\/posts\/106548\/revisions\/106549"}],"wp:attachment":[{"href":"https:\/\/gazdasagportal.hu\/index.php\/wp-json\/wp\/v2\/media?parent=106548"}],"wp:term":[{"taxonomy":"category","embeddable":true,"href":"https:\/\/gazdasagportal.hu\/index.php\/wp-json\/wp\/v2\/categories?post=106548"},{"taxonomy":"post_tag","embeddable":true,"href":"https:\/\/gazdasagportal.hu\/index.php\/wp-json\/wp\/v2\/tags?post=106548"}],"curies":[{"name":"wp","href":"https:\/\/api.w.org\/{rel}","templated":true}]}}