{"id":106534,"date":"2018-06-27T11:00:59","date_gmt":"2018-06-27T09:00:59","guid":{"rendered":"http:\/\/gazdasagportal.hu\/?p=106534"},"modified":"2018-06-27T11:00:59","modified_gmt":"2018-06-27T09:00:59","slug":"kedves-katas-vallalkozok-kossek-be-oveiket-es-szamlazojukat","status":"publish","type":"post","link":"https:\/\/gazdasagportal.hu\/index.php\/kedves-katas-vallalkozok-kossek-be-oveiket-es-szamlazojukat\/","title":{"rendered":"Kedves kat\u00e1s v\u00e1llalkoz\u00f3k, k\u00f6ss\u00e9k be \u00f6veiket \u00e9s sz\u00e1ml\u00e1z\u00f3jukat"},"content":{"rendered":"<p><b>A kisv\u00e1llalkoz\u00f3kat rendszerint a k\u00f6nyvel\u0151j\u00fck t\u00e1j\u00e9koztatja az \u00faj ad\u00f3z\u00e1si szab\u00e1lyokr\u00f3l, mint p\u00e9ld\u00e1ul a napokban \u00e9letbe l\u00e9p\u0151 online sz\u00e1mlaadat szolg\u00e1ltat\u00e1si k\u00f6telezetts\u00e9g. Igen \u00e1m, de sok kat\u00e1s v\u00e1llalkoz\u00f3nak nincs k\u00f6nyvel\u0151je, \u00edgy maguknak kell(ene) ut\u00e1naj\u00e1rniuk a teend\u0151knek. Gyakori k\u00e9rd\u00e9s, hogy r\u00e1juk is vonatkozik-e a v\u00e1ltoz\u00e1s? Val\u00f3j\u00e1ban m\u00e1r a k\u00e9rd\u00e9s is rossz.<\/b><!--more--><\/p>\n<div class=\"ads-in-post1\"><div id=\"gazdasagportal.hu_fullbanner_wideboard\"><\/div>\r\n<\/div>\n<p>Mint a legt\u00f6bb v\u00e1ltoz\u00e1sn\u00e1l, f\u00e9lre\u00e9rt\u00e9s most is akad b\u0151ven. \u201eAz elm\u00falt hetekben sok kat\u00e1s v\u00e1llalkoz\u00f3 k\u00e9rdezte, hogy neki is kell-e regisztr\u00e1lnia? Val\u00f3j\u00e1ban ez nem ad\u00f3z\u00e1si nemt\u0151l, \u00e9s m\u00e9g csak nem is \u00e1fa-k\u00f6telezetts\u00e9gt\u0151l f\u00fcgg, ugyanis bizonyos helyzetekben m\u00e9g az ad\u00f3mentes v\u00e1llalkoz\u00f3knak is kell \u00e1f\u00e1t fizetni\u00fck. Teh\u00e1t ez az \u00faj szab\u00e1ly nem a kat\u00e1sokr\u00f3l sz\u00f3l, de \u0151ket is \u00e9rintheti\u201d \u2013 emelte ki B\u00f6r\u00f6czkyn\u00e9 Vereb\u00e9lyi Zsuzsanna, a kiv\u00e1llalati ad\u00f3z\u00e1s szak\u00e9rt\u0151je.<\/p>\n<p>Az eg\u00e9sz hazai v\u00e1llalkoz\u00f3i r\u00e9teget foglalkoztat\u00f3, a j\u00falius elsej\u00e9t\u0151l \u00e9letbe l\u00e9p\u0151 \u00faj adatszolg\u00e1ltat\u00e1si k\u00f6telezetts\u00e9g szerint minden v\u00e1llalkoz\u00f3nak, aki 100 ezer forint, vagy ann\u00e1l nagyobb \u00e1fa tartalm\u00fa sz\u00e1ml\u00e1t \u00e1ll\u00edt ki, annak adatszolg\u00e1ltat\u00e1si k\u00f6telezetts\u00e9ge van a NAV fel\u00e9. Azoknak, akik a sz\u00e1ml\u00e1t sz\u00e1mlat\u00f6mbbe, k\u00e9zi sz\u00e1ml\u00e1zz\u00e1ssal oldj\u00e1k meg, az adatszolg\u00e1ltat\u00e1st \u00f6t napon bel\u00fcl kell teljes\u00edteni, ha pedig a sz\u00e1mla \u00e1fatartalma \u00f6tsz\u00e1zezer forintn\u00e1l nagyobb \u00f6sszeg, akkor egy napon bel\u00fcl.<\/p><div id=\"gazda-310416498\" class=\"gazda-tartalomban gazda-entity-placement\"><script async src=\"https:\/\/pagead2.googlesyndication.com\/pagead\/js\/adsbygoogle.js\"><\/script>\r\n<ins class=\"adsbygoogle\"\r\n     style=\"display:block\"\r\n     data-ad-format=\"fluid\"\r\n     data-ad-layout-key=\"-6t+ed+2i-1n-4w\"\r\n     data-ad-client=\"ca-pub-1959107119989764\"\r\n     data-ad-slot=\"4008251320\"><\/ins>\r\n<script>\r\n     (adsbygoogle = window.adsbygoogle || []).push({});\r\n<\/script><\/div>\n<div class=\"ads-in-post2\"><script async src=\"https:\/\/pagead2.googlesyndication.com\/pagead\/js\/adsbygoogle.js\"><\/script>\r\n<ins class=\"adsbygoogle\"\r\n     style=\"display:block\"\r\n     data-ad-format=\"fluid\"\r\n     data-ad-layout-key=\"-6t+ed+2i-1n-4w\"\r\n     data-ad-client=\"ca-pub-1959107119989764\"\r\n     data-ad-slot=\"4008251320\"><\/ins>\r\n<script>\r\n     (adsbygoogle = window.adsbygoogle || []).push({});\r\n<\/script><\/div>\n<b>Az \u00e1famentess\u00e9g nem felment\u00e9s<\/b><\/p>\n<p>Ez pedig azt jelenti, hogy egy kat\u00e1s v\u00e1llalkoz\u00e1s, \u00e1tl\u00e9pve az \u00e1famentess\u00e9g hat\u00e1r\u00e1t, b\u00e1rmikor \u00e9rintett\u00e9 v\u00e1lthat. S\u0151t! Vannak olyan \u00fcgyletek, amikor hi\u00e1ba \u00e1famentes a v\u00e1llalkoz\u00f3, m\u00e9gis \u00e1fafizet\u00e9si k\u00f6telezetts\u00e9ge t\u00e1mad. El\u0151fordulhat p\u00e9ld\u00e1ul olyan esetben, ha elad egy, a v\u00e1llalkoz\u00e1sban haszn\u00e1lt eszk\u00f6zt. Ebben az esetben \u00e1f\u00e1t kell fizetnie f\u00fcggetlen\u00fcl att\u00f3l, hogy egy\u00e9bk\u00e9nt \u00e1famentes v\u00e1llalkoz\u00f3. Ez az egyik ok, ami\u00e9rt \u00e9rdemes minden v\u00e1llalkoz\u00f3nak regisztr\u00e1lnia \u2013 tan\u00e1csolja B\u00f6r\u00f6czkyn\u00e9 Vereb\u00e9lyi Zsuzsanna.<\/p>\n<p>El\u0151bb-ut\u00f3bb mindenkinek regisztr\u00e1lnia kell majd, mivel a nemzetgazdas\u00e1gi miniszter elmond\u00e1sa szerint 2021-ben m\u00e1r minden bevall\u00e1st a NAV fog elk\u00e9sz\u00edteni. Ez\u00e9rt is nagy a val\u00f3sz\u00edn\u0171s\u00e9ge, hogy ezt a sz\u00e1zezer forintos \u00e9rt\u00e9khat\u00e1rt lesz\u00e1ll\u00edtj\u00e1k majd, vagy teljesen elt\u00f6rlik \u2013 v\u00e9li a szak\u00e9rt\u0151.<\/p>\n<p><b>Online k\u00f6nnyebb<\/b><\/p>\n<p>Tov\u00e1bb nehez\u00edt a helyzeten, hogy az adatszolg\u00e1ltat\u00e1s hat\u00e1ridej\u00e9t nem munkanapokban, hanem napt\u00e1ri napokban m\u00e9rik. A hat\u00e1rid\u0151 r\u00f6vids\u00e9ge miatt pedig sok esetben nem v\u00e1llalhatj\u00e1k a k\u00f6nyvel\u0151k a bejelent\u00e9s terh\u00e9t, \u00edgy minden felel\u0151ss\u00e9g a v\u00e1llalkoz\u00f3\u00e9 \u2013 figyelmeztet B\u00f6r\u00f6czkyn\u00e9 Vereb\u00e9lyi Zsuzsanna.<\/p>\n<p>Az online sz\u00e1ml\u00e1z\u00f3 program \u00e9ppen ez\u00e9rt jelent k\u00f6nnyebbs\u00e9get a k\u00e9zzel \u00edrt sz\u00e1ml\u00e1kkal szemben. Egy r\u00f6vid regisztr\u00e1ci\u00f3 ut\u00e1n a sz\u00e1ml\u00e1z\u00f3 automatikusan, minden emberi beavatkoz\u00e1s n\u00e9lk\u00fcl azonnal k\u00fcldi az adatot a NAV-nak.<\/p>\n<p><b>Nincs t\u00fcrelmi id\u0151<\/b><\/p>\n<p>Aki h\u00f3napokon kereszt\u00fcl \u00e1ll\u00edt ki olyan \u00e1f\u00e1s sz\u00e1ml\u00e1kat, amelyek \u00e1fa\u00e9rt\u00e9ke nem \u00e9ri el a sz\u00e1zezer forintot, azzal nincs semmi probl\u00e9ma, \u00e9s nincs adatszolg\u00e1ltat\u00e1si k\u00f6telezetts\u00e9ge sem. Abban az esetben viszont, ha ki\u00e1ll\u00edt egy legal\u00e1bb sz\u00e1zezer forint \u00e1fa\u00e9rt\u00e9k\u0171 sz\u00e1ml\u00e1t, \u00e9s a v\u00e1llalkoz\u00f3 nem k\u00fcld adatot err\u0151l a NAV-nak, a mulaszt\u00e1si b\u00edrs\u00e1g ak\u00e1r az \u00f6tsz\u00e1zezer forintot is el\u00e9rheti, de ami a sokkol\u00f3, hogy sz\u00e1ml\u00e1nk\u00e9nt.<\/p>\n<p>Teh\u00e1t ah\u00e1ny sz\u00e1mla eset\u00e9ben marad el az adatszolg\u00e1ltat\u00e1s, annyiszor szabhat\u00f3 ki a b\u00edrs\u00e1g. A regisztr\u00e1ci\u00f3 j\u00fanius 18-\u00e1n indult, az adatszolg\u00e1ltat\u00e1si fel\u00fcletet pedig j\u00falius elsej\u00e9n kapcsolj\u00e1k be. Nincs pr\u00f3baid\u0151, m\u00e1r az els\u0151 napt\u00f3l kiszabhat\u00f3 a b\u00edrs\u00e1g, ha elmarad az adatszolg\u00e1ltat\u00e1s.<\/p>\n<p><b>K\u00fcsz\u00f6b\u00f6n egy \u00fajabb v\u00e1ltoz\u00e1s<\/b><\/p>\n<p>A j\u00f6v\u0151 \u00e9vi k\u00f6lts\u00e9gvet\u00e9si tervezet szerint az ev\u00e1s ad\u00f3z\u00e1s utolj\u00e1ra 2018. december 20-ig lehet bejelenteni. Ez\u00e9rt aki ebben az ad\u00f3z\u00e1si m\u00f3dban l\u00e1t fant\u00e1zi\u00e1t, \u00e9rdemes min\u00e9l el\u0151bb v\u00e9giggondolnia, \u00e9s v\u00e1ltani, erre ugyanis lehet, hogy m\u00e1r csak id\u00e9n van lehet\u0151s\u00e9ge. Ez a l\u00e9p\u00e9s azt is el\u0151re vet\u00edti, hogy hamarosan megsz\u0171nhet az eva.<\/p>\n<p>&nbsp;<\/p>\n<p><b>B\u00f6r\u00f6czkyn\u00e9 Vereb\u00e9lyi Zsuzsann\u00e1r\u00f3l<\/b><\/p>\n<p>K\u00f6nyvvizsg\u00e1l\u00f3, ad\u00f3szak\u00e9rt\u0151 a kisv\u00e1llalati ad\u00f3z\u00e1s szak\u00e9rt\u0151je, az Ad\u00f3navig\u00e1tor Kft. szakmai vezet\u0151je. 1996 \u00f3ta foglalkozik kisv\u00e1llalkoz\u00e1sok sz\u00e1mvitel\u00e9vel \u00e9s k\u00f6nyvvizsg\u00e1lat\u00e1val kecskem\u00e9ti k\u00f6nyvel\u0151irod\u00e1j\u00e1ban. Tanulm\u00e1nyait a Budapesti K\u00f6zgazdas\u00e1gtudom\u00e1nyi Egyetem sz\u00e1mvitel szak\u00e1n v\u00e9gezte. Szakmai konferenci\u00e1k, el\u0151ad\u00e1sok, k\u00e9pz\u00e9sek rendszeres el\u0151ad\u00f3ja. Rendszeresen publik\u00e1l. Az\u00a0<a href=\"http:\/\/adonavigator.hu\/\" target=\"_blank\" rel=\"noopener noreferrer\" data-saferedirecturl=\"https:\/\/www.google.com\/url?hl=hu&amp;q=http:\/\/adonavigator.hu&amp;source=gmail&amp;ust=1530175818935000&amp;usg=AFQjCNG6k7ENnmWLOhEIEmMHr_w94P5I-Q\">adonavigator.hu<\/a>\u00a0\u00e9s az Ir\u00e1nyad\u00f3 Magazinnak szak\u00e9rt\u0151je.<b><\/b><\/p>\n<p><b>Megjelent k\u00f6nyvei<\/b><\/p>\n<p>Kisv\u00e1llalati ad\u00f3megtakar\u00edt\u00e1s ABC-je (2012-2014)<\/p>\n<p>EK\u00c1ER a gyakorlatban (2015)<\/p>\n<p>Tao-kedvezm\u00e9nyek (2016)<\/p>\n<p>Az \u00c9N k\u00f6nyvel\u0151irod\u00e1m (2016)<\/p>\n<p>Kisad\u00f3z\u00f3k ABC-je (2018)<\/p>\n","protected":false},"excerpt":{"rendered":"<p>A kisv\u00e1llalkoz\u00f3kat rendszerint a k\u00f6nyvel\u0151j\u00fck t\u00e1j\u00e9koztatja az \u00faj ad\u00f3z\u00e1si szab\u00e1lyokr\u00f3l, mint p\u00e9ld\u00e1ul a napokban \u00e9letbe l\u00e9p\u0151 online sz\u00e1mlaadat szolg\u00e1ltat\u00e1si k\u00f6telezetts\u00e9g. Igen \u00e1m, de sok kat\u00e1s v\u00e1llalkoz\u00f3nak nincs k\u00f6nyvel\u0151je, \u00edgy maguknak kell(ene) ut\u00e1naj\u00e1rniuk a teend\u0151knek. Gyakori k\u00e9rd\u00e9s, hogy r\u00e1juk is vonatkozik-e a v\u00e1ltoz\u00e1s? Val\u00f3j\u00e1ban m\u00e1r a k\u00e9rd\u00e9s is rossz.<\/p>\n","protected":false},"author":1,"featured_media":0,"comment_status":"closed","ping_status":"open","sticky":false,"template":"","format":"standard","meta":[],"categories":[20,4,19],"tags":[],"_links":{"self":[{"href":"https:\/\/gazdasagportal.hu\/index.php\/wp-json\/wp\/v2\/posts\/106534"}],"collection":[{"href":"https:\/\/gazdasagportal.hu\/index.php\/wp-json\/wp\/v2\/posts"}],"about":[{"href":"https:\/\/gazdasagportal.hu\/index.php\/wp-json\/wp\/v2\/types\/post"}],"author":[{"embeddable":true,"href":"https:\/\/gazdasagportal.hu\/index.php\/wp-json\/wp\/v2\/users\/1"}],"replies":[{"embeddable":true,"href":"https:\/\/gazdasagportal.hu\/index.php\/wp-json\/wp\/v2\/comments?post=106534"}],"version-history":[{"count":1,"href":"https:\/\/gazdasagportal.hu\/index.php\/wp-json\/wp\/v2\/posts\/106534\/revisions"}],"predecessor-version":[{"id":106535,"href":"https:\/\/gazdasagportal.hu\/index.php\/wp-json\/wp\/v2\/posts\/106534\/revisions\/106535"}],"wp:attachment":[{"href":"https:\/\/gazdasagportal.hu\/index.php\/wp-json\/wp\/v2\/media?parent=106534"}],"wp:term":[{"taxonomy":"category","embeddable":true,"href":"https:\/\/gazdasagportal.hu\/index.php\/wp-json\/wp\/v2\/categories?post=106534"},{"taxonomy":"post_tag","embeddable":true,"href":"https:\/\/gazdasagportal.hu\/index.php\/wp-json\/wp\/v2\/tags?post=106534"}],"curies":[{"name":"wp","href":"https:\/\/api.w.org\/{rel}","templated":true}]}}