{"id":106530,"date":"2018-06-27T10:02:23","date_gmt":"2018-06-27T08:02:23","guid":{"rendered":"http:\/\/gazdasagportal.hu\/?p=106530"},"modified":"2018-06-27T10:02:23","modified_gmt":"2018-06-27T08:02:23","slug":"juniusban-romlott-a-francia-fogyasztoi-hangulat","status":"publish","type":"post","link":"https:\/\/gazdasagportal.hu\/index.php\/juniusban-romlott-a-francia-fogyasztoi-hangulat\/","title":{"rendered":"J\u00faniusban romlott a francia fogyaszt\u00f3i hangulat"},"content":{"rendered":"<p><strong>A v\u00e1rt stagn\u00e1l\u00e1s helyett 21 havi m\u00e9lypontra cs\u00f6kkent j\u00faniusban a fogyaszt\u00f3i bizalom Franciaorsz\u00e1gban a nemzeti statisztikai hivatal, az Insee szerd\u00e1n k\u00f6zz\u00e9tett kimutat\u00e1sa szerint.<\/strong><!--more--><\/p>\n<div class=\"ads-in-post1\"><div id=\"gazdasagportal.hu_fullbanner_wideboard\"><\/div>\r\n<\/div>\n<p>    J\u00faniusban 97 pontra, 2016 szeptembere \u00f3ta a legalacsonyabb szintre cs\u00f6kkent az Insee fogyaszt\u00f3i bizalmi indexe az el\u0151z\u0151 havi 99 pontr\u00f3l. Az elemz\u0151k 100 pontot v\u00e1rtak.<br \/>\n    A m\u00e1jusi indexet 100 pontr\u00f3l 99 pontra cs\u00f6kkentette az Insee. A mutat\u00f3 m\u00e1rciusban is 100 ponton \u00e1llt. Az index hossz\u00fa t\u00e1v\u00fa \u00e1tlaga is 100 pont.<br \/>\n    A lakoss\u00e1gnak az elk\u00f6vetkez\u0151 12 h\u00f3napban v\u00e1rhat\u00f3 \u00e9letmin\u0151s\u00e9gr\u0151l alkotott v\u00e9lem\u00e9nye 5 ponttal, m\u00ednusz 9 pontra cs\u00f6kkent m\u00ednusz 4 pontr\u00f3l.<br \/>\n<div class=\"ads-in-post2\"><script async src=\"https:\/\/pagead2.googlesyndication.com\/pagead\/js\/adsbygoogle.js\"><\/script>\r\n<ins class=\"adsbygoogle\"\r\n     style=\"display:block\"\r\n     data-ad-format=\"fluid\"\r\n     data-ad-layout-key=\"-6t+ed+2i-1n-4w\"\r\n     data-ad-client=\"ca-pub-1959107119989764\"\r\n     data-ad-slot=\"4008251320\"><\/ins>\r\n<script>\r\n     (adsbygoogle = window.adsbygoogle || []).push({});\r\n<\/script><\/div>\n    A munkan\u00e9lk\u00fclis\u00e9ggel szembeni aggodalmakat t\u00fckr\u00f6z\u0151 mutat\u00f3 null\u00e1r\u00f3l 18 pontra, 2017 m\u00e1jusa \u00f3ta a legmagasabb \u00e9rt\u00e9ket \u00e9rte el, de ezzel egy\u00fctt is messze a 34 pontos hossz\u00fa t\u00e1v\u00fa \u00e1tlag alatti.<br \/>\n    Az Insee az id\u00e9n 1,7 sz\u00e1zal\u00e9kos GDP-n\u00f6veked\u00e9sre sz\u00e1m\u00edt a tavalyi 2,3 sz\u00e1zal\u00e9k ut\u00e1n, ami a francia gazdas\u00e1gnak egy \u00e9vtizede a leglend\u00fcletesebb n\u00f6veked\u00e9se volt.<br \/>\n(MTI)<\/p>\n","protected":false},"excerpt":{"rendered":"<p>A v\u00e1rt stagn\u00e1l\u00e1s helyett 21 havi m\u00e9lypontra cs\u00f6kkent j\u00faniusban a fogyaszt\u00f3i bizalom Franciaorsz\u00e1gban a nemzeti statisztikai hivatal, az Insee szerd\u00e1n k\u00f6zz\u00e9tett kimutat\u00e1sa szerint.<\/p>\n","protected":false},"author":1,"featured_media":0,"comment_status":"closed","ping_status":"open","sticky":false,"template":"","format":"standard","meta":[],"categories":[246],"tags":[],"_links":{"self":[{"href":"https:\/\/gazdasagportal.hu\/index.php\/wp-json\/wp\/v2\/posts\/106530"}],"collection":[{"href":"https:\/\/gazdasagportal.hu\/index.php\/wp-json\/wp\/v2\/posts"}],"about":[{"href":"https:\/\/gazdasagportal.hu\/index.php\/wp-json\/wp\/v2\/types\/post"}],"author":[{"embeddable":true,"href":"https:\/\/gazdasagportal.hu\/index.php\/wp-json\/wp\/v2\/users\/1"}],"replies":[{"embeddable":true,"href":"https:\/\/gazdasagportal.hu\/index.php\/wp-json\/wp\/v2\/comments?post=106530"}],"version-history":[{"count":1,"href":"https:\/\/gazdasagportal.hu\/index.php\/wp-json\/wp\/v2\/posts\/106530\/revisions"}],"predecessor-version":[{"id":106531,"href":"https:\/\/gazdasagportal.hu\/index.php\/wp-json\/wp\/v2\/posts\/106530\/revisions\/106531"}],"wp:attachment":[{"href":"https:\/\/gazdasagportal.hu\/index.php\/wp-json\/wp\/v2\/media?parent=106530"}],"wp:term":[{"taxonomy":"category","embeddable":true,"href":"https:\/\/gazdasagportal.hu\/index.php\/wp-json\/wp\/v2\/categories?post=106530"},{"taxonomy":"post_tag","embeddable":true,"href":"https:\/\/gazdasagportal.hu\/index.php\/wp-json\/wp\/v2\/tags?post=106530"}],"curies":[{"name":"wp","href":"https:\/\/api.w.org\/{rel}","templated":true}]}}