{"id":106496,"date":"2018-06-26T12:00:40","date_gmt":"2018-06-26T10:00:40","guid":{"rendered":"http:\/\/gazdasagportal.hu\/?p=106496"},"modified":"2018-06-26T12:00:40","modified_gmt":"2018-06-26T10:00:40","slug":"kevesebb-penzunk-szokik-el-a-falakon","status":"publish","type":"post","link":"https:\/\/gazdasagportal.hu\/index.php\/kevesebb-penzunk-szokik-el-a-falakon\/","title":{"rendered":"Kevesebb p\u00e9nz\u00fcnk sz\u00f6kik el a falakon"},"content":{"rendered":"<p style=\"font-weight: 400;\"><strong>Megdupl\u00e1z\u00f3dott a csal\u00e1di h\u00e1zakra ker\u00fcl\u0151 szigetel\u00e9sek vastags\u00e1ga az elm\u00falt h\u00e9t \u00e9vben. A Knauf Insulation adatai szerint az \u00faj, illetve fel\u00faj\u00edtott csal\u00e1di h\u00e1zak homlokzat\u00e1n ma m\u00e1r \u00e1ltal\u00e1nos a 15-20 cm vastag h\u0151szigetel\u00e9s. A javul\u00e1s egyr\u00e9szt energiatudatoss\u00e1gunk er\u0151s\u00f6d\u00e9s\u00e9nek, m\u00e1sr\u00e9szt az \u00e9v elej\u00e9n \u00e9letbe l\u00e9pett TNM rendeletnek k\u00f6sz\u00f6nhet\u0151. Ez nemcsak a csal\u00e1dok p\u00e9nzt\u00e1rc\u00e1j\u00e1t k\u00edm\u00e9li, hiszen f\u0171t\u00e9si k\u00f6lts\u00e9geik ak\u00e1r 50%-kal is cs\u00f6kkenhetnek, de egyes orsz\u00e1gr\u00e9szekben ak\u00e1r 5-6 milli\u00f3 forinttal is n\u00f6velheti az ingatlanok \u00e1r\u00e1t. A Knauf Insulation szakemberei szerint azonban m\u00e1r most \u00e9rdemes el\u0151re tekinteni \u00e9s jobb min\u0151s\u00e9g\u0171 szigetel\u0151anyagot v\u00e1lasztani, mert az Uni\u00f3ban 2019-t\u0151l tov\u00e1bb szigorodnak az \u00e9p\u00fclet energiahat\u00e9konys\u00e1gi el\u0151\u00edr\u00e1sok.<\/strong><\/p>\n<p style=\"font-weight: 400;\"><strong>\u00a0<\/strong><\/p>\n<p><!--more--><\/p>\n<div class=\"ads-in-post1\"><div id=\"gazdasagportal.hu_fullbanner_wideboard\"><\/div>\r\n<\/div>\n<p style=\"font-weight: 400;\"><strong>Ma m\u00e1r energiahat\u00e9kony csal\u00e1di h\u00e1zak \u00e9p\u00fclnek<\/strong><\/p>\n<p style=\"font-weight: 400;\">A KSH szerint az id\u00e9n 7%-kal t\u00f6bb, \u00f6sszesen 10.078 csal\u00e1di h\u00e1z \u00e9p\u00fcl, mik\u00f6zben ennek t\u00f6bbsz\u00f6r\u00f6s\u00e9t, mintegy 25-30 ezer otthont \u00faj\u00edtanak fel tulajdonosaik.<strong>\u00a0<\/strong>Ezeknek az ingatlanoknak m\u00e1r meg kell felelni\u00fck a 2018. janu\u00e1r 1-t\u0151l hat\u00e1lyos, \u00e9p\u00fcletszerkezeti elemek h\u0151\u00e1tbocs\u00e1t\u00e1si t\u00e9nyez\u0151j\u00e9re vonatkoz\u00f3 szab\u00e1lyoz\u00e1snak.<\/p><div id=\"gazda-2371861412\" class=\"gazda-tartalomban gazda-entity-placement\"><script async src=\"https:\/\/pagead2.googlesyndication.com\/pagead\/js\/adsbygoogle.js\"><\/script>\r\n<ins class=\"adsbygoogle\"\r\n     style=\"display:block\"\r\n     data-ad-format=\"fluid\"\r\n     data-ad-layout-key=\"-6t+ed+2i-1n-4w\"\r\n     data-ad-client=\"ca-pub-1959107119989764\"\r\n     data-ad-slot=\"4008251320\"><\/ins>\r\n<script>\r\n     (adsbygoogle = window.adsbygoogle || []).push({});\r\n<\/script><\/div>\n<p style=\"font-weight: 400;\">\n<p style=\"font-weight: 400;\">A rendelkez\u00e9s \u00e9rtelm\u00e9ben az \u00e9p\u00fclethomlokzatok h\u0151\u00e1tbocs\u00e1t\u00e1si t\u00e9nyez\u0151je (U-\u00e9rt\u00e9k) nem lehet nagyobb, mint 0,24 W\/m2, ami a kor\u00e1bbin\u00e1l jellemz\u0151en vastagabb, falszerkezett\u0151l f\u00fcgg\u0151en 10-15 cm-es homlokzati h\u0151szigetel\u0151 rendszer (ETICS) alkalmaz\u00e1s\u00e1val \u00e9rhet\u0151 el.<\/p>\n<p style=\"font-weight: 400;\"><strong>\u00a0<\/strong><\/p>\n<p style=\"font-weight: 400;\"><strong>Eur\u00f3pai \u00f6sszehasonl\u00edt\u00e1sban is egyre energiahat\u00e9konyabbak az otthonaink<\/strong><\/p>\n<p style=\"font-weight: 400;\">A szab\u00e1lyoz\u00e1s eredm\u00e9nyek\u00e9nt az \u00faj \u00e9p\u00edt\u00e9s\u0171 magyar csal\u00e1di h\u00e1zak tulajdonosainak imm\u00e1r energiahat\u00e9konyabb \u00e9s jobban szigetelt falszerkezeteket kell \u00e9p\u00edteni, mint p\u00e9ld\u00e1ul a lengyel \u00e9s a horv\u00e1t (U=0,30), a szlov\u00e9n (U=0,28), a cseh (U=0,25) vagy ak\u00e1r az osztr\u00e1k (U=0,35), illetve a n\u00e9met (U=0,28) csal\u00e1di h\u00e1zak \u00e9p\u00edttet\u0151inek. Ezzel egy\u00fctt a most \u00e9p\u00fcl\u0151 magyar csal\u00e1di h\u00e1zak energiahat\u00e9konys\u00e1ga m\u00e9g j\u00f3csk\u00e1n elmarad a sv\u00e9d (U=0,18), finn \u00e9s norv\u00e9g (U=0,18), vagy ak\u00e1r a szlov\u00e1k (U=0,22) otthonok energiahat\u00e9konys\u00e1g\u00e1t\u00f3l.<\/p>\n<p style=\"font-weight: 400;\">\n<div class=\"ads-in-post2\"><script async src=\"https:\/\/pagead2.googlesyndication.com\/pagead\/js\/adsbygoogle.js\"><\/script>\r\n<ins class=\"adsbygoogle\"\r\n     style=\"display:block\"\r\n     data-ad-format=\"fluid\"\r\n     data-ad-layout-key=\"-6t+ed+2i-1n-4w\"\r\n     data-ad-client=\"ca-pub-1959107119989764\"\r\n     data-ad-slot=\"4008251320\"><\/ins>\r\n<script>\r\n     (adsbygoogle = window.adsbygoogle || []).push({});\r\n<\/script><\/div>\n<p style=\"font-weight: 400;\"><em>\u201eEgy napjainkban \u00e1tadott, megfelel\u0151en szigetelt csal\u00e1di h\u00e1z f\u0171t\u00e9si c\u00e9l\u00fa energiafelhaszn\u00e1l\u00e1sa m\u00e1r ak\u00e1r 40-50%-kal is kisebb lehet, mint egy hasonl\u00f3, de nem szigetelt otthon\u00e9\u201d<\/em>\u00a0\u2013 mondta Asz\u00f3dy Tam\u00e1s, a Knauf Insulation Kft. \u00fcgyvezet\u0151 igazgat\u00f3ja.\u00a0<em>\u201eA szigetel\u00e9s emellett a h\u00e1z \u00e9rt\u00e9k\u00e9t is n\u00f6veli. A Knauf Insulation kor\u00e1bbi felm\u00e9r\u00e9se szerint egy professzion\u00e1lis h\u0151szigetel\u00e9si rendszerrel ell\u00e1tott csal\u00e1di h\u00e1z minimum 10%-kal, de az orsz\u00e1g egyes ter\u00fcletein ak\u00e1r 6 milli\u00f3 Forinttal is magasabb \u00e1ron \u00e9rt\u00e9kes\u00edthet\u0151, mint egy nem szigetelt ingatlan\u201d<\/em>\u00a0\u2013 tette hozz\u00e1 a szakember.<\/p>\n<p style=\"font-weight: 400;\">\n<p style=\"font-weight: 400;\"><strong>2020 ut\u00e1n m\u00e9g fontosabb lesz a szigetel\u00e9s<\/strong><\/p>\n<p style=\"font-weight: 400;\">\u00c9p\u00fcleteink energiahat\u00e9konys\u00e1g\u00e1nak javul\u00e1sa \u00f6rvendetes t\u00e9ny, de ezzel m\u00e9g kor\u00e1ntsem lehet\u00fcnk el\u00e9gedettek, hiszen az Uni\u00f3 v\u00e9gs\u0151 c\u00e9lja az, hogy az \u00faj \u00e9p\u00fcletek nulla, vagy k\u00f6zel nulla energiaig\u00e9ny\u0171 \u00e9p\u00fcletek legyenek, vagyis f\u0171t\u00e9s\u00fckh\u00f6z ne kelljen primer energi\u00e1t haszn\u00e1lni.<\/p>\n<p style=\"font-weight: 400;\">\n<p style=\"font-weight: 400;\">Ebbe az ir\u00e1nyba mutat az is, hogy az Eur\u00f3pai Uni\u00f3 \u00e9ppen a napokban szigor\u00edtott a 2016-ban elfogadott a k\u00f6z\u00f6s, uni\u00f3s energiamegtakar\u00edt\u00e1si c\u00e9lon. E szerint 2030-ra, a tag\u00e1llamoknak uni\u00f3s szinten imm\u00e1r nem 30%-os, hanem 32,5%-os energiamegtakar\u00e1st kell el\u00e9rni\u00fck, amely csak \u00fagy lehets\u00e9ges, hogy az \u00f6sszes energiafelhaszn\u00e1l\u00e1s 40%-\u00e1\u00e9rt felel\u0151s \u00e9p\u00fcletek f\u0171t\u00e9si c\u00e9l\u00fa energiafelhaszn\u00e1l\u00e1s\u00e1t drasztikusan, 10-12 \u00e9ven bel\u00fcl szinte null\u00e1ra cs\u00f6kkentj\u00fck.<\/p>\n<p style=\"font-weight: 400;\">\n<p style=\"font-weight: 400;\">M\u00e1r szinte minden EU tag\u00e1llam rendelkezik nemzeti tervvel a nulla \u00e9s k\u00f6zel nulla energiaig\u00e9ny- szint el\u00e9r\u00e9s\u00e9hez sz\u00fcks\u00e9ges \u00e9p\u00edt\u00e9si szab\u00e1lyok bevezet\u00e9s\u00e9re, sz\u00e1mos tagorsz\u00e1g pedig m\u00e1r be is vezette az Uni\u00f3 \u00c9p\u00fclet Energiahat\u00e9konys\u00e1gi Ir\u00e1nyelv\u00e9nek erre vonatkoz\u00f3 aj\u00e1nl\u00e1sait.<\/p>\n<p style=\"font-weight: 400;\">\n<p style=\"font-weight: 400;\">Az ir\u00e1nyelv szerint, ezekben az orsz\u00e1gokban 2018. december 31. ut\u00e1n m\u00e1r csak k\u00f6zel nulla energiaig\u00e9ny\u0171 k\u00f6z\u00e9p\u00fcletek \u00e9p\u00edthet\u0151ek, 2020. december 31. ut\u00e1n pedig minden \u00e1tadott \u00e9p\u00fcletnek teljes\u00edtenie kell ezt az energiahat\u00e9konys\u00e1gi szintet.<\/p>\n<p style=\"font-weight: 400;\">\n<p style=\"font-weight: 400;\">Ez, a korszer\u0171 ny\u00edl\u00e1sz\u00e1r\u00f3k \u00e9s g\u00e9p\u00e9szet, valamint a meg\u00fajul\u00f3 energiaforr\u00e1sok \u2013 napelem, napkollektor, h\u0151szivatty\u00fa \u2013 haszn\u00e1lata mellett, a Knauf Insulation szakembereinek sz\u00e1m\u00edt\u00e1sai szerint, a jelenlegin\u00e9l is jobb min\u0151s\u00e9g\u0171, a falazatt\u00f3l f\u00fcgg\u0151en 25-30-35 cm vastags\u00e1g\u00fa homlokzati szigetel\u0151anyagok alkalmaz\u00e1s\u00e1val lesz el\u00e9rhet\u0151, vagyis a szigetel\u00e9s szerepe a k\u00f6vetkez\u0151 \u00e9vekben \u00e9s \u00e9vtizedekben m\u00e9g jobban fel\u00e9rt\u00e9kel\u0151dik majd.<\/p>\n","protected":false},"excerpt":{"rendered":"<p>Megdupl\u00e1z\u00f3dott a csal\u00e1di h\u00e1zakra ker\u00fcl\u0151 szigetel\u00e9sek vastags\u00e1ga az elm\u00falt h\u00e9t \u00e9vben. A Knauf Insulation adatai szerint az \u00faj, illetve fel\u00faj\u00edtott csal\u00e1di h\u00e1zak homlokzat\u00e1n ma m\u00e1r \u00e1ltal\u00e1nos a 15-20 cm vastag h\u0151szigetel\u00e9s. A javul\u00e1s egyr\u00e9szt energiatudatoss\u00e1gunk er\u0151s\u00f6d\u00e9s\u00e9nek, m\u00e1sr\u00e9szt az \u00e9v elej\u00e9n \u00e9letbe l\u00e9pett TNM rendeletnek k\u00f6sz\u00f6nhet\u0151. Ez nemcsak a csal\u00e1dok p\u00e9nzt\u00e1rc\u00e1j\u00e1t k\u00edm\u00e9li, hiszen f\u0171t\u00e9si k\u00f6lts\u00e9geik ak\u00e1r &#8230;<\/p>\n","protected":false},"author":1,"featured_media":0,"comment_status":"closed","ping_status":"open","sticky":false,"template":"","format":"standard","meta":[],"categories":[4],"tags":[],"_links":{"self":[{"href":"https:\/\/gazdasagportal.hu\/index.php\/wp-json\/wp\/v2\/posts\/106496"}],"collection":[{"href":"https:\/\/gazdasagportal.hu\/index.php\/wp-json\/wp\/v2\/posts"}],"about":[{"href":"https:\/\/gazdasagportal.hu\/index.php\/wp-json\/wp\/v2\/types\/post"}],"author":[{"embeddable":true,"href":"https:\/\/gazdasagportal.hu\/index.php\/wp-json\/wp\/v2\/users\/1"}],"replies":[{"embeddable":true,"href":"https:\/\/gazdasagportal.hu\/index.php\/wp-json\/wp\/v2\/comments?post=106496"}],"version-history":[{"count":1,"href":"https:\/\/gazdasagportal.hu\/index.php\/wp-json\/wp\/v2\/posts\/106496\/revisions"}],"predecessor-version":[{"id":106497,"href":"https:\/\/gazdasagportal.hu\/index.php\/wp-json\/wp\/v2\/posts\/106496\/revisions\/106497"}],"wp:attachment":[{"href":"https:\/\/gazdasagportal.hu\/index.php\/wp-json\/wp\/v2\/media?parent=106496"}],"wp:term":[{"taxonomy":"category","embeddable":true,"href":"https:\/\/gazdasagportal.hu\/index.php\/wp-json\/wp\/v2\/categories?post=106496"},{"taxonomy":"post_tag","embeddable":true,"href":"https:\/\/gazdasagportal.hu\/index.php\/wp-json\/wp\/v2\/tags?post=106496"}],"curies":[{"name":"wp","href":"https:\/\/api.w.org\/{rel}","templated":true}]}}