{"id":106492,"date":"2018-06-26T11:00:58","date_gmt":"2018-06-26T09:00:58","guid":{"rendered":"http:\/\/gazdasagportal.hu\/?p=106492"},"modified":"2018-06-26T11:00:58","modified_gmt":"2018-06-26T09:00:58","slug":"csaknem-ketharmadot-szerzett-erdogan-a-nemetorszagi-torokok-koreben","status":"publish","type":"post","link":"https:\/\/gazdasagportal.hu\/index.php\/csaknem-ketharmadot-szerzett-erdogan-a-nemetorszagi-torokok-koreben\/","title":{"rendered":"Csaknem k\u00e9tharmadot szerzett Erdogan a n\u00e9metorsz\u00e1gi t\u00f6r\u00f6k\u00f6k k\u00f6r\u00e9ben"},"content":{"rendered":"<p><strong>Csaknem k\u00e9tharmados t\u00f6bbs\u00e9gben Recep Tayyip Erdogant t\u00e1mogatt\u00e1k a t\u00f6r\u00f6korsz\u00e1gi eln\u00f6kv\u00e1laszt\u00e1son r\u00e9szt vett n\u00e9metorsz\u00e1gi t\u00f6r\u00f6k\u00f6k a n\u00e9met sajt\u00f3ban kedden ismertetett adatok szerint. Az \u00fajrav\u00e1lasztott \u00e1llamf\u0151 magas t\u00e1mogatotts\u00e1ga r\u00e9v\u00e9n \u00faj lend\u00fcletet vett a n\u00e9metorsz\u00e1gi t\u00f6r\u00f6k k\u00f6z\u00f6ss\u00e9g t\u00e1rsadalmi integr\u00e1ci\u00f3ja k\u00f6r\u00fcli vita. Recep Tayyip Erdogannak Angela Merkel n\u00e9met kancell\u00e1r is gratul\u00e1lt, t\u00e1virat\u00e1ban a jog\u00e1llamis\u00e1g fontoss\u00e1g\u00e1t hangs\u00falyozta.<\/strong><!--more--><\/p>\n<div class=\"ads-in-post1\"><div id=\"gazdasagportal.hu_fullbanner_wideboard\"><\/div>\r\n<\/div>\n<p>    N\u00e9metorsz\u00e1gban \u00e9l a legt\u00f6bb hat\u00e1ron t\u00fali t\u00f6r\u00f6k, a nagyj\u00e1b\u00f3l h\u00e1rommilli\u00f3s k\u00f6z\u00f6ss\u00e9g 1,44 milli\u00f3 tagja rendelkezik t\u00f6r\u00f6korsz\u00e1gi v\u00e1laszt\u00f3joggal. A hivatalos adatok szerint Recep Tayyip Erdoganra szavazott a r\u00e9sztvev\u0151k 64,8 sz\u00e1zal\u00e9ka, az eln\u00f6kv\u00e1laszt\u00e1ssal egybek\u00f6t\u00f6tt parlamenti v\u00e1laszt\u00e1son pedig 55,7 sz\u00e1zal\u00e9kos volt az \u00e1llamf\u0151 vezette korm\u00e1nyz\u00f3 Igazs\u00e1g \u00e9s Fejl\u0151d\u00e9s P\u00e1rtja (AKP) t\u00e1mogatotts\u00e1ga.<br \/>\n    Valamennyi szavazatot egy\u00fcttv\u00e9ve Recep Tayyip Erdogan 52,59 sz\u00e1zal\u00e9kot, az AKP 42,5 sz\u00e1zal\u00e9kot szerzett, vagyis az \u00fajrav\u00e1lasztott eln\u00f6k \u00e9s p\u00e1rtja N\u00e9metorsz\u00e1gban j\u00f3val n\u00e9pszer\u0171bb, mint T\u00f6r\u00f6korsz\u00e1gban. Ez az ut\u00f3bbi \u00e9vekben rendre \u00edgy volt &#8211; p\u00e9ld\u00e1ul a 2015-\u00f6s parlamenti v\u00e1laszt\u00e1son az AKP csaknem 60 sz\u00e1zal\u00e9kos eredm\u00e9nyt \u00e9rt el a n\u00e9metorsz\u00e1gi t\u00f6r\u00f6k\u00f6k k\u00f6r\u00e9ben -, m\u00e9gis ism\u00e9t elindult a t\u00e1rsadalmi integr\u00e1ci\u00f3r\u00f3l sz\u00f3l\u00f3 vita.<br \/>\n<div class=\"ads-in-post2\"><script async src=\"https:\/\/pagead2.googlesyndication.com\/pagead\/js\/adsbygoogle.js\"><\/script>\r\n<ins class=\"adsbygoogle\"\r\n     style=\"display:block\"\r\n     data-ad-format=\"fluid\"\r\n     data-ad-layout-key=\"-6t+ed+2i-1n-4w\"\r\n     data-ad-client=\"ca-pub-1959107119989764\"\r\n     data-ad-slot=\"4008251320\"><\/ins>\r\n<script>\r\n     (adsbygoogle = window.adsbygoogle || []).push({});\r\n<\/script><\/div>\n    Az egyik f\u0151 v\u00e9lem\u00e9ny\u00e1ramlat szerint a n\u00e9metorsz\u00e1gi berendezked\u00e9st\u0151l, politikai rendszert\u0151l hangs\u00falyosan elt\u00e9r\u0151 ir\u00e1nyba t\u00f6rekv\u0151 Recep Tayyip Erdogan magas t\u00e1mogatotts\u00e1ga a beilleszked\u00e9s sikertelens\u00e9g\u00e9t jelzi. Ezt emelte ki a legnagyobb n\u00e9met ellenz\u00e9ki p\u00e1rt, a Kereszt\u00e9nydemokrata Uni\u00f3t\u00f3l (CDU) \u00e9s bajor testv\u00e9rp\u00e1rtj\u00e1t\u00f3l, a Kereszt\u00e9nyszoci\u00e1lis Uni\u00f3t\u00f3l (CSU) jobbra \u00e1ll\u00f3 Alternat\u00edva N\u00e9metorsz\u00e1gnak (AfD) t\u00e1rseln\u00f6ke, Alexander Gauland is, aki szerint az \u00fajrav\u00e1lasztott t\u00f6r\u00f6k \u00e1llamf\u0151 n\u00e9metorsz\u00e1gi t\u00e1mogat\u00f3inak t\u00e1vozniuk kell, mert bebizony\u00edtott\u00e1k, hogy nem tartj\u00e1k haz\u00e1juknak N\u00e9metorsz\u00e1got.<br \/>\n    Azonban a k\u00e9pet \u00e1rnyalja, hogy a r\u00e9szv\u00e9teli ar\u00e1ny nem \u00e9rte el az 50 sz\u00e1zal\u00e9kot, \u00e9s az \u00e1llamf\u0151 64,8 sz\u00e1zal\u00e9kos t\u00e1mogatotts\u00e1ga mintegy 420 ezer szavazatot jelent, ami a k\u00f6z\u00f6ss\u00e9g teljes l\u00e9tsz\u00e1m\u00e1t \u00e9s a v\u00e1laszt\u00e1sra jogosultak sz\u00e1m\u00e1t tekintve is messze elmarad a t\u00f6bbs\u00e9gt\u0151l.<br \/>\n    Angela Merkel kancell\u00e1r h\u00e9tf\u0151 este t\u00e1viratban gratul\u00e1lt Recep Tayyip Erdogannak az \u00fajrav\u00e1laszt\u00e1s\u00e1hoz. A kancell\u00e1ri hivatal \u00e1ltal nyilv\u00e1noss\u00e1gra hozott \u00edr\u00e1s\u00e1ban kiemelte, hogy T\u00f6r\u00f6korsz\u00e1got \u00e9s N\u00e9metorsz\u00e1got egyar\u00e1nt jelent\u0151sen \u00e9rintik a k\u00f6zel-, \u00e9s a k\u00f6z\u00e9p-keleti t\u00e9rs\u00e9g megr\u00e1zk\u00f3dtat\u00e1sai \u00e9s az azokb\u00f3l fakad\u00f3 menek\u00fclthull\u00e1mok. &#8222;Ann\u00e1l is ink\u00e1bb akarunk egy stabil \u00e9s pluralisztikus T\u00f6r\u00f6korsz\u00e1g partnerei lenni, ahol er\u0151s\u00f6dik a demokratikus r\u00e9szv\u00e9tel \u00e9s a jog\u00e1llami rend v\u00e9delme&#8221; &#8211; \u00edrta Angela Merkel.<br \/>\n(MTI)<\/p>\n","protected":false},"excerpt":{"rendered":"<p>Csaknem k\u00e9tharmados t\u00f6bbs\u00e9gben Recep Tayyip Erdogant t\u00e1mogatt\u00e1k a t\u00f6r\u00f6korsz\u00e1gi eln\u00f6kv\u00e1laszt\u00e1son r\u00e9szt vett n\u00e9metorsz\u00e1gi t\u00f6r\u00f6k\u00f6k a n\u00e9met sajt\u00f3ban kedden ismertetett adatok szerint. Az \u00fajrav\u00e1lasztott \u00e1llamf\u0151 magas t\u00e1mogatotts\u00e1ga r\u00e9v\u00e9n \u00faj lend\u00fcletet vett a n\u00e9metorsz\u00e1gi t\u00f6r\u00f6k k\u00f6z\u00f6ss\u00e9g t\u00e1rsadalmi integr\u00e1ci\u00f3ja k\u00f6r\u00fcli vita. Recep Tayyip Erdogannak Angela Merkel n\u00e9met kancell\u00e1r is gratul\u00e1lt, t\u00e1virat\u00e1ban a jog\u00e1llamis\u00e1g fontoss\u00e1g\u00e1t hangs\u00falyozta.<\/p>\n","protected":false},"author":1,"featured_media":0,"comment_status":"closed","ping_status":"open","sticky":false,"template":"","format":"standard","meta":[],"categories":[12],"tags":[],"_links":{"self":[{"href":"https:\/\/gazdasagportal.hu\/index.php\/wp-json\/wp\/v2\/posts\/106492"}],"collection":[{"href":"https:\/\/gazdasagportal.hu\/index.php\/wp-json\/wp\/v2\/posts"}],"about":[{"href":"https:\/\/gazdasagportal.hu\/index.php\/wp-json\/wp\/v2\/types\/post"}],"author":[{"embeddable":true,"href":"https:\/\/gazdasagportal.hu\/index.php\/wp-json\/wp\/v2\/users\/1"}],"replies":[{"embeddable":true,"href":"https:\/\/gazdasagportal.hu\/index.php\/wp-json\/wp\/v2\/comments?post=106492"}],"version-history":[{"count":1,"href":"https:\/\/gazdasagportal.hu\/index.php\/wp-json\/wp\/v2\/posts\/106492\/revisions"}],"predecessor-version":[{"id":106493,"href":"https:\/\/gazdasagportal.hu\/index.php\/wp-json\/wp\/v2\/posts\/106492\/revisions\/106493"}],"wp:attachment":[{"href":"https:\/\/gazdasagportal.hu\/index.php\/wp-json\/wp\/v2\/media?parent=106492"}],"wp:term":[{"taxonomy":"category","embeddable":true,"href":"https:\/\/gazdasagportal.hu\/index.php\/wp-json\/wp\/v2\/categories?post=106492"},{"taxonomy":"post_tag","embeddable":true,"href":"https:\/\/gazdasagportal.hu\/index.php\/wp-json\/wp\/v2\/tags?post=106492"}],"curies":[{"name":"wp","href":"https:\/\/api.w.org\/{rel}","templated":true}]}}