{"id":106490,"date":"2018-06-26T10:44:49","date_gmt":"2018-06-26T08:44:49","guid":{"rendered":"http:\/\/gazdasagportal.hu\/?p=106490"},"modified":"2018-06-26T10:44:49","modified_gmt":"2018-06-26T08:44:49","slug":"itm-11-banyaszati-koncessziora-indul-palyazat","status":"publish","type":"post","link":"https:\/\/gazdasagportal.hu\/index.php\/itm-11-banyaszati-koncessziora-indul-palyazat\/","title":{"rendered":"ITM: 11 b\u00e1ny\u00e1szati koncesszi\u00f3ra indul p\u00e1ly\u00e1zat"},"content":{"rendered":"<p><strong>A 2013-ban indult b\u00e1ny\u00e1szati koncesszi\u00f3s rendszer keret\u00e9ben 11 ter\u00fclet b\u00e1ny\u00e1szati koncesszi\u00f3s jog\u00e1ra lehet p\u00e1ly\u00e1zni &#8211; k\u00f6z\u00f6lte az Innov\u00e1ci\u00f3s \u00e9s Technol\u00f3giai Miniszt\u00e9rium (ITM) kedden az MTI-vel. <\/strong><!--more--><\/p>\n<div class=\"ads-in-post1\"><div id=\"gazdasagportal.hu_fullbanner_wideboard\"><\/div>\r\n<\/div>\n<p>    Szeptember 26-\u00e1n a B\u00e9k\u00e9scsaba, Dr\u00e1va, K\u00f6r\u00f6slad\u00e1ny, Szeged-D\u00e9lkelet, Tard \u00e9s Tiszaf\u00fcred ter\u00fcletre, szeptember 27-\u00e9n pedig a Tiszatarj\u00e1n, \u00dajszilv\u00e1s, Zalaerd\u0151d, G\u00e1doros \u00e9s Nagykanizsa-Nyugat ter\u00fcletre sz\u00f3l\u00f3 p\u00e1ly\u00e1zatokat lehet beny\u00fajtani 10 \u00e9s 12 \u00f3ra k\u00f6z\u00f6tt a Magyar B\u00e1ny\u00e1szati \u00e9s F\u00f6ldtani Szolg\u00e1lat \u00dcgyf\u00e9lszolg\u00e1lati Irod\u00e1j\u00e1ban. Ut\u00f3bbi k\u00e9t ter\u00fcleten geotermikus energia kutat\u00e1s\u00e1ra \u00e9s hasznos\u00edt\u00e1s\u00e1ra, m\u00e1sutt sz\u00e9nhidrog\u00e9n kutat\u00e1s\u00e1ra \u00e9s kitermel\u00e9sre lehet jelentkezni. A p\u00e1ly\u00e1zati ki\u00edr\u00e1sok a kit\u00f6lt\u00f6tt koncesszi\u00f3s p\u00e1ly\u00e1zati azonos\u00edt\u00f3 lap beny\u00fajt\u00e1s\u00e1val, ter\u00fcletenk\u00e9nt nett\u00f3 sz\u00e1zezer forintos v\u00e9tel\u00e1ron v\u00e1s\u00e1rolhat\u00f3k meg.<br \/>\n<div class=\"ads-in-post2\"><script async src=\"https:\/\/pagead2.googlesyndication.com\/pagead\/js\/adsbygoogle.js\"><\/script>\r\n<ins class=\"adsbygoogle\"\r\n     style=\"display:block\"\r\n     data-ad-format=\"fluid\"\r\n     data-ad-layout-key=\"-6t+ed+2i-1n-4w\"\r\n     data-ad-client=\"ca-pub-1959107119989764\"\r\n     data-ad-slot=\"4008251320\"><\/ins>\r\n<script>\r\n     (adsbygoogle = window.adsbygoogle || []).push({});\r\n<\/script><\/div>\n    A p\u00e1ly\u00e1zati elj\u00e1r\u00e1sban belf\u00f6ldi vagy k\u00fclf\u00f6ldi term\u00e9szetes szem\u00e9lyek, valamint a nemzeti vagyonr\u00f3l sz\u00f3l\u00f3 t\u00f6rv\u00e9nyben meghat\u00e1rozott szervezetek indulhatnak k\u00f6z\u00f6s aj\u00e1nlatt\u00e9tel keret\u00e9ben is &#8211; \u00edrt\u00e1k.<br \/>\n    A felt\u00e9teleknek megfelel\u0151 p\u00e1ly\u00e1zatokat a beny\u00fajt\u00e1si hat\u00e1rid\u0151t k\u00f6vet\u0151 90 napon bel\u00fcl elb\u00edr\u00e1lj\u00e1k, a szerz\u0151d\u00e9seket az eredm\u00e9nyhirdet\u00e9st\u0151l sz\u00e1m\u00edtva 90 napon bel\u00fcl kell megk\u00f6tni. A hat\u00e1rid\u0151t a szakminiszter egy alkalommal \u00e9s legfeljebb 60 nappal meghosszabb\u00edthatja.<br \/>\n    A koncesszi\u00f3 id\u0151tartama geotermikus ter\u00fcletekre a szerz\u0151d\u00e9s hat\u00e1lyba l\u00e9p\u00e9s\u00e9t\u0151l sz\u00e1m\u00edtott 35 \u00e9v, a sz\u00e9nhidrog\u00e9n-kutat\u00e1si ter\u00fcletekn\u00e9l 20 \u00e9v. Szerz\u0151d\u00e9sszer\u0171 \u00e9s k\u00e9sedelem n\u00e9lk\u00fcli k\u00f6telezetts\u00e9g-teljes\u00edt\u00e9s eset\u00e9n a koncesszi\u00f3 egy alkalommal, eredeti id\u0151tartam\u00e1nak legfeljebb a fel\u00e9vel p\u00e1ly\u00e1zat ki\u00edr\u00e1sa n\u00e9lk\u00fcl is meghosszabb\u00edthat\u00f3.<br \/>\n    A k\u00f6zlem\u00e9ny szerint eddig meghirdetett \u00e9s lez\u00e1rult \u00f6t koncesszi\u00f3 p\u00e1ly\u00e1zatai nyom\u00e1n az \u00e1llamnak \u00f6sszesen 10,5 milli\u00e1rd forint bev\u00e9tele keletkezett a befizetett nett\u00f3 koncesszi\u00f3s d\u00edjakb\u00f3l.<br \/>\n    A p\u00e1ly\u00e1zati felh\u00edv\u00e1sok \u00e9s tov\u00e1bbi inform\u00e1ci\u00f3k el\u00e9rhet\u0151k a t\u00f6bbi k\u00f6zt a Magyar B\u00e1ny\u00e1szati \u00e9s F\u00f6ldtani Szolg\u00e1lat honlapj\u00e1n a korm\u00e1nyzati port\u00e1lon, az ITM h\u00edrei k\u00f6z\u00f6tt is.<br \/>\n(MTI)<\/p>\n","protected":false},"excerpt":{"rendered":"<p>A 2013-ban indult b\u00e1ny\u00e1szati koncesszi\u00f3s rendszer keret\u00e9ben 11 ter\u00fclet b\u00e1ny\u00e1szati koncesszi\u00f3s jog\u00e1ra lehet p\u00e1ly\u00e1zni &#8211; k\u00f6z\u00f6lte az Innov\u00e1ci\u00f3s \u00e9s Technol\u00f3giai Miniszt\u00e9rium (ITM) kedden az MTI-vel.<\/p>\n","protected":false},"author":1,"featured_media":0,"comment_status":"closed","ping_status":"open","sticky":false,"template":"","format":"standard","meta":[],"categories":[19],"tags":[],"_links":{"self":[{"href":"https:\/\/gazdasagportal.hu\/index.php\/wp-json\/wp\/v2\/posts\/106490"}],"collection":[{"href":"https:\/\/gazdasagportal.hu\/index.php\/wp-json\/wp\/v2\/posts"}],"about":[{"href":"https:\/\/gazdasagportal.hu\/index.php\/wp-json\/wp\/v2\/types\/post"}],"author":[{"embeddable":true,"href":"https:\/\/gazdasagportal.hu\/index.php\/wp-json\/wp\/v2\/users\/1"}],"replies":[{"embeddable":true,"href":"https:\/\/gazdasagportal.hu\/index.php\/wp-json\/wp\/v2\/comments?post=106490"}],"version-history":[{"count":1,"href":"https:\/\/gazdasagportal.hu\/index.php\/wp-json\/wp\/v2\/posts\/106490\/revisions"}],"predecessor-version":[{"id":106491,"href":"https:\/\/gazdasagportal.hu\/index.php\/wp-json\/wp\/v2\/posts\/106490\/revisions\/106491"}],"wp:attachment":[{"href":"https:\/\/gazdasagportal.hu\/index.php\/wp-json\/wp\/v2\/media?parent=106490"}],"wp:term":[{"taxonomy":"category","embeddable":true,"href":"https:\/\/gazdasagportal.hu\/index.php\/wp-json\/wp\/v2\/categories?post=106490"},{"taxonomy":"post_tag","embeddable":true,"href":"https:\/\/gazdasagportal.hu\/index.php\/wp-json\/wp\/v2\/tags?post=106490"}],"curies":[{"name":"wp","href":"https:\/\/api.w.org\/{rel}","templated":true}]}}