{"id":106478,"date":"2018-06-26T06:44:06","date_gmt":"2018-06-26T04:44:06","guid":{"rendered":"http:\/\/gazdasagportal.hu\/?p=106478"},"modified":"2018-06-26T06:16:56","modified_gmt":"2018-06-26T04:16:56","slug":"a-jovo-evi-adovaltoztatasokat-targyaljak-a-kepviselok","status":"publish","type":"post","link":"https:\/\/gazdasagportal.hu\/index.php\/a-jovo-evi-adovaltoztatasokat-targyaljak-a-kepviselok\/","title":{"rendered":"A j\u00f6v\u0151 \u00e9vi ad\u00f3v\u00e1ltoztat\u00e1sokat t\u00e1rgyalj\u00e1k a k\u00e9pvisel\u0151k"},"content":{"rendered":"<p><strong>A k\u00e9pvisel\u0151k ma kezdik t\u00e1rgyalni az Orsz\u00e1ggy\u0171l\u00e9sben a korm\u00e1ny j\u00f6v\u0151 \u00e9vi ad\u00f3v\u00e1ltoztat\u00e1si javaslatait. <\/strong><!--more--><\/p>\n<div class=\"ads-in-post1\"><div id=\"gazdasagportal.hu_fullbanner_wideboard\"><\/div>\r\n<\/div>\n<p>    Az \u00fcl\u00e9snap reggel 8 \u00f3rakor napirend el\u0151tti felsz\u00f3lal\u00e1sokkal kezd\u0151dik, majd \u00f6sszesen hat korm\u00e1nyzati el\u0151terjeszt\u00e9s \u00e1ltal\u00e1nos vit\u00e1j\u00e1t bonyol\u00edtj\u00e1k le. Ter\u00edt\u00e9kre ker\u00fcl p\u00e9ld\u00e1ul a bel\u00fcgyminiszter Magyarorsz\u00e1g biztons\u00e1gi \u00e9rdek\u00e9t s\u00e9rt\u0151 k\u00fclf\u00f6ldi befektet\u00e9sek ellen\u0151rz\u00e9s\u00e9r\u0151l sz\u00f3l\u00f3 ind\u00edtv\u00e1nya, valamint a p\u00e9nz\u00fcgyminiszter szoci\u00e1lis hozz\u00e1j\u00e1rul\u00e1si ad\u00f3r\u00f3l sz\u00f3l\u00f3 el\u0151terjeszt\u00e9se.<br \/>\n    A kabinet j\u00f6v\u0151 \u00e9vi ad\u00f3v\u00e1ltoztat\u00e1si javaslatair\u00f3l az utols\u00f3 napirendi pontban kezd\u0151dik \u00e1ltal\u00e1nos vita, \u00f6t\u00f3r\u00e1s id\u0151keretben. A parlament h\u00e9tf\u0151i d\u00f6nt\u00e9se alapj\u00e1n az el\u0151terjeszt\u0151i nyit\u00f3besz\u00e9dre f\u00e9l \u00f3ra \u00e1ll rendelkez\u00e9sre, amit a vez\u00e9rsz\u00f3noki felsz\u00f3lal\u00e1sok k\u00f6vetnek egyenk\u00e9nt 20 percben. Az \u00e1ltal\u00e1nos vita a korm\u00e1ny legfeljebb 30 perces z\u00e1rszav\u00e1val \u00e9r v\u00e9get.<br \/>\n    A H\u00e1z szerd\u00e1t\u00f3l p\u00e9ntekig a 2019-es k\u00f6lts\u00e9gvet\u00e9sr\u0151l sz\u00f3l\u00f3 el\u0151terjeszt\u00e9st t\u00e1rgyalja.(MTI)<br \/>\n<div class=\"ads-in-post2\"><script async src=\"https:\/\/pagead2.googlesyndication.com\/pagead\/js\/adsbygoogle.js\"><\/script>\r\n<ins class=\"adsbygoogle\"\r\n     style=\"display:block\"\r\n     data-ad-format=\"fluid\"\r\n     data-ad-layout-key=\"-6t+ed+2i-1n-4w\"\r\n     data-ad-client=\"ca-pub-1959107119989764\"\r\n     data-ad-slot=\"4008251320\"><\/ins>\r\n<script>\r\n     (adsbygoogle = window.adsbygoogle || []).push({});\r\n<\/script><\/div>\n","protected":false},"excerpt":{"rendered":"<p>A k\u00e9pvisel\u0151k ma kezdik t\u00e1rgyalni az Orsz\u00e1ggy\u0171l\u00e9sben a korm\u00e1ny j\u00f6v\u0151 \u00e9vi ad\u00f3v\u00e1ltoztat\u00e1si javaslatait.<\/p>\n","protected":false},"author":1,"featured_media":0,"comment_status":"closed","ping_status":"open","sticky":false,"template":"","format":"standard","meta":[],"categories":[20,4,19],"tags":[],"_links":{"self":[{"href":"https:\/\/gazdasagportal.hu\/index.php\/wp-json\/wp\/v2\/posts\/106478"}],"collection":[{"href":"https:\/\/gazdasagportal.hu\/index.php\/wp-json\/wp\/v2\/posts"}],"about":[{"href":"https:\/\/gazdasagportal.hu\/index.php\/wp-json\/wp\/v2\/types\/post"}],"author":[{"embeddable":true,"href":"https:\/\/gazdasagportal.hu\/index.php\/wp-json\/wp\/v2\/users\/1"}],"replies":[{"embeddable":true,"href":"https:\/\/gazdasagportal.hu\/index.php\/wp-json\/wp\/v2\/comments?post=106478"}],"version-history":[{"count":1,"href":"https:\/\/gazdasagportal.hu\/index.php\/wp-json\/wp\/v2\/posts\/106478\/revisions"}],"predecessor-version":[{"id":106479,"href":"https:\/\/gazdasagportal.hu\/index.php\/wp-json\/wp\/v2\/posts\/106478\/revisions\/106479"}],"wp:attachment":[{"href":"https:\/\/gazdasagportal.hu\/index.php\/wp-json\/wp\/v2\/media?parent=106478"}],"wp:term":[{"taxonomy":"category","embeddable":true,"href":"https:\/\/gazdasagportal.hu\/index.php\/wp-json\/wp\/v2\/categories?post=106478"},{"taxonomy":"post_tag","embeddable":true,"href":"https:\/\/gazdasagportal.hu\/index.php\/wp-json\/wp\/v2\/tags?post=106478"}],"curies":[{"name":"wp","href":"https:\/\/api.w.org\/{rel}","templated":true}]}}