{"id":106439,"date":"2018-06-24T16:06:45","date_gmt":"2018-06-24T14:06:45","guid":{"rendered":"http:\/\/gazdasagportal.hu\/?p=106439"},"modified":"2018-06-24T16:06:45","modified_gmt":"2018-06-24T14:06:45","slug":"a-jovo-heten-kezdodik-a-2019-es-koltsegvetes-es-az-adovaltoztatasok-targyalasa","status":"publish","type":"post","link":"https:\/\/gazdasagportal.hu\/index.php\/a-jovo-heten-kezdodik-a-2019-es-koltsegvetes-es-az-adovaltoztatasok-targyalasa\/","title":{"rendered":"A j\u00f6v\u0151 h\u00e9ten kezd\u0151dik a 2019-es k\u00f6lts\u00e9gvet\u00e9s \u00e9s az ad\u00f3v\u00e1ltoztat\u00e1sok t\u00e1rgyal\u00e1sa"},"content":{"rendered":"<p><strong>Az Orsz\u00e1ggy\u0171l\u00e9s \u00f6tnapos \u00fcl\u00e9st tart h\u00e9tf\u0151t\u0151l. A k\u00e9pvisel\u0151k szerd\u00e1t\u00f3l p\u00e9ntekig &#8211; a tervek szerint 30 \u00f3r\u00e1s id\u0151keretben &#8211; v\u00e9lem\u00e9nyezhetik a korm\u00e1ny j\u00f6v\u0151 \u00e9vi k\u00f6lts\u00e9gvet\u00e9si javaslat\u00e1t, emellett \u00f6t \u00f3r\u00e1ban vitathatj\u00e1k meg a 2019-es ad\u00f3v\u00e1ltoztat\u00e1si terveket.<\/strong><!--more--><\/p>\n<div class=\"ads-in-post1\"><div id=\"gazdasagportal.hu_fullbanner_wideboard\"><\/div>\r\n<\/div>\n<p>    Az \u00fcl\u00e9s h\u00e9tf\u0151n 13 \u00f3rakor a k\u00f6zelm\u00faltban elhunyt Komor S\u00e1ndor egykori MDF-es k\u00e9pvisel\u0151re t\u00f6rt\u00e9n\u0151 eml\u00e9kez\u00e9ssel, majd napirend el\u0151tti felsz\u00f3lal\u00e1sokkal kezd\u0151dik. A parlament honlapj\u00e1n el\u00e9rhet\u0151 napirendi javaslat alapj\u00e1n az interpell\u00e1ci\u00f3k, azonnali k\u00e9rd\u00e9sek \u00e9s k\u00e9rd\u00e9sek ez\u00fattal is h\u00e9tf\u0151n hangzanak el.<br \/>\n    Kedden reggel 8 \u00f3rakor szint\u00e9n napirend el\u0151tti felsz\u00f3lal\u00e1sokkal kezd\u0151dik az \u00fcl\u00e9snap, majd hat korm\u00e1nyzati javaslat \u00e1ltal\u00e1nos vit\u00e1j\u00e1t bonyol\u00edthatj\u00e1k le. Ter\u00edt\u00e9kre ker\u00fclhet p\u00e9ld\u00e1ul a bel\u00fcgyminiszternek Magyarorsz\u00e1g biztons\u00e1gi \u00e9rdek\u00e9t s\u00e9rt\u0151 k\u00fclf\u00f6ldi befektet\u00e9sek ellen\u0151rz\u00e9s\u00e9r\u0151l sz\u00f3l\u00f3 ind\u00edtv\u00e1nya, valamint a p\u00e9nz\u00fcgyminiszter szoci\u00e1lis hozz\u00e1j\u00e1rul\u00e1si ad\u00f3r\u00f3l sz\u00f3l\u00f3 el\u0151terjeszt\u00e9se. A kabinet j\u00f6v\u0151 \u00e9vi ad\u00f3v\u00e1ltoztat\u00e1si javaslatair\u00f3l az utols\u00f3 napirendi pontban kezd\u0151dik \u00e1ltal\u00e1nos vita, \u00f6t\u00f3r\u00e1s id\u0151keretben.<br \/>\n<div class=\"ads-in-post2\"><script async src=\"https:\/\/pagead2.googlesyndication.com\/pagead\/js\/adsbygoogle.js\"><\/script>\r\n<ins class=\"adsbygoogle\"\r\n     style=\"display:block\"\r\n     data-ad-format=\"fluid\"\r\n     data-ad-layout-key=\"-6t+ed+2i-1n-4w\"\r\n     data-ad-client=\"ca-pub-1959107119989764\"\r\n     data-ad-slot=\"4008251320\"><\/ins>\r\n<script>\r\n     (adsbygoogle = window.adsbygoogle || []).push({});\r\n<\/script><\/div>\n    A 2019-es b\u00fcdzs\u00e9 t\u00e1rgyal\u00e1sa a harmadik \u00fcl\u00e9snapon kezd\u0151dik. A H\u00e1z szint\u00e9n reggel 8 \u00f3rakor kezdi munk\u00e1j\u00e1t, az el\u0151terjeszt\u0151i nyit\u00f3besz\u00e9d &#8211; a polg\u00e1r\u0151rnap alkalm\u00e1b\u00f3l tartand\u00f3 eml\u00e9kez\u00e9s ut\u00e1n &#8211; 40 percben hangozhat el, ezt az \u00c1llami Sz\u00e1mvev\u0151sz\u00e9k \u00e9s a K\u00f6lts\u00e9gvet\u00e9si Tan\u00e1cs eln\u00f6k\u00e9nek felsz\u00f3lal\u00e1sa k\u00f6veti 30-30 percben. A frakci\u00f3k vez\u00e9rsz\u00f3nokai ezut\u00e1n szint\u00e9n f\u00e9l-f\u00e9l \u00f3r\u00e1ban fejthetik ki \u00e1ll\u00e1spontjukat a k\u00f6lts\u00e9gvet\u00e9si javaslatr\u00f3l.<br \/>\n    A b\u00fcdzs\u00e9r\u0151l sz\u00f3l\u00f3 \u00e1ltal\u00e1nos vita p\u00e9nteken a korm\u00e1ny k\u00e9pvisel\u0151j\u00e9nek f\u00e9l\u00f3r\u00e1s z\u00e1rszav\u00e1val \u00e9r v\u00e9get. Az Orsz\u00e1ggy\u0171l\u00e9s ezt k\u00f6vet\u0151en &#8211; j\u00f6v\u0151 heti \u00fcl\u00e9s\u00e9nek utols\u00f3 napirendi pontjak\u00e9nt &#8211; a 2019-es k\u00f6lts\u00e9gvet\u00e9st megalapoz\u00f3 t\u00f6rv\u00e9nym\u00f3dos\u00edt\u00e1sokat t\u00e1rgyalja, el\u0151rel\u00e1that\u00f3an \u00f6t\u00f3r\u00e1s id\u0151keretben.(MTI)<\/p>\n","protected":false},"excerpt":{"rendered":"<p>Az Orsz\u00e1ggy\u0171l\u00e9s \u00f6tnapos \u00fcl\u00e9st tart h\u00e9tf\u0151t\u0151l. A k\u00e9pvisel\u0151k szerd\u00e1t\u00f3l p\u00e9ntekig &#8211; a tervek szerint 30 \u00f3r\u00e1s id\u0151keretben &#8211; v\u00e9lem\u00e9nyezhetik a korm\u00e1ny j\u00f6v\u0151 \u00e9vi k\u00f6lts\u00e9gvet\u00e9si javaslat\u00e1t, emellett \u00f6t \u00f3r\u00e1ban vitathatj\u00e1k meg a 2019-es ad\u00f3v\u00e1ltoztat\u00e1si terveket.<\/p>\n","protected":false},"author":1,"featured_media":0,"comment_status":"closed","ping_status":"open","sticky":false,"template":"","format":"standard","meta":[],"categories":[4,19],"tags":[],"_links":{"self":[{"href":"https:\/\/gazdasagportal.hu\/index.php\/wp-json\/wp\/v2\/posts\/106439"}],"collection":[{"href":"https:\/\/gazdasagportal.hu\/index.php\/wp-json\/wp\/v2\/posts"}],"about":[{"href":"https:\/\/gazdasagportal.hu\/index.php\/wp-json\/wp\/v2\/types\/post"}],"author":[{"embeddable":true,"href":"https:\/\/gazdasagportal.hu\/index.php\/wp-json\/wp\/v2\/users\/1"}],"replies":[{"embeddable":true,"href":"https:\/\/gazdasagportal.hu\/index.php\/wp-json\/wp\/v2\/comments?post=106439"}],"version-history":[{"count":1,"href":"https:\/\/gazdasagportal.hu\/index.php\/wp-json\/wp\/v2\/posts\/106439\/revisions"}],"predecessor-version":[{"id":106440,"href":"https:\/\/gazdasagportal.hu\/index.php\/wp-json\/wp\/v2\/posts\/106439\/revisions\/106440"}],"wp:attachment":[{"href":"https:\/\/gazdasagportal.hu\/index.php\/wp-json\/wp\/v2\/media?parent=106439"}],"wp:term":[{"taxonomy":"category","embeddable":true,"href":"https:\/\/gazdasagportal.hu\/index.php\/wp-json\/wp\/v2\/categories?post=106439"},{"taxonomy":"post_tag","embeddable":true,"href":"https:\/\/gazdasagportal.hu\/index.php\/wp-json\/wp\/v2\/tags?post=106439"}],"curies":[{"name":"wp","href":"https:\/\/api.w.org\/{rel}","templated":true}]}}