{"id":106437,"date":"2018-06-24T13:08:39","date_gmt":"2018-06-24T11:08:39","guid":{"rendered":"http:\/\/gazdasagportal.hu\/?p=106437"},"modified":"2018-06-24T09:09:33","modified_gmt":"2018-06-24T07:09:33","slug":"heti-makronaptar-keves-adat-jelenik-meg-a-jovo-heten-6","status":"publish","type":"post","link":"https:\/\/gazdasagportal.hu\/index.php\/heti-makronaptar-keves-adat-jelenik-meg-a-jovo-heten-6\/","title":{"rendered":"Heti makronapt\u00e1r &#8211; Kev\u00e9s adat jelenik meg a j\u00f6v\u0151 h\u00e9ten"},"content":{"rendered":"<p><strong>Kev\u00e9s makrogazdas\u00e1gi adat jelenik meg a j\u00f6v\u0151 h\u00e9ten, a foglalkoztatotts\u00e1gr\u00f3l \u00e9s a munkan\u00e9lk\u00fclis\u00e9gr\u0151l, valamint az ipari termel\u0151i \u00e1rakr\u00f3l k\u00f6z\u00f6l statisztik\u00e1kat a K\u00f6zponti Statisztikai Hivatal (KSH).<\/strong><!--more--><\/p>\n<div class=\"ads-in-post1\"><div id=\"gazdasagportal.hu_fullbanner_wideboard\"><\/div>\r\n<\/div>\n<p>    Cs\u00fct\u00f6rt\u00f6k\u00f6n jelenik meg a foglalkoztatotts\u00e1g \u00e9s a munkan\u00e9lk\u00fclis\u00e9g m\u00e1rcius-m\u00e1jusi alakul\u00e1s\u00e1r\u00f3l sz\u00f3l\u00f3 statisztika.<br \/>\n    Febru\u00e1r-\u00e1prilisban a foglalkoztatottak \u00e1tlagos l\u00e9tsz\u00e1ma 4 milli\u00f3 445 ezer volt, 1,5 sz\u00e1zal\u00e9kkal t\u00f6bb, mint egy \u00e9vvel kor\u00e1bban. A foglalkoztatottak k\u00f6z\u00fcl 4 milli\u00f3 393 ezren tartoztak a 15-64 \u00e9vesek k\u00f6z\u00e9, a korcsoportban a foglalkoztat\u00e1si ar\u00e1ny 1,5 sz\u00e1zal\u00e9kponttal 68,8 sz\u00e1zal\u00e9kra emelkedett.<br \/>\n<div class=\"ads-in-post2\"><script async src=\"https:\/\/pagead2.googlesyndication.com\/pagead\/js\/adsbygoogle.js\"><\/script>\r\n<ins class=\"adsbygoogle\"\r\n     style=\"display:block\"\r\n     data-ad-format=\"fluid\"\r\n     data-ad-layout-key=\"-6t+ed+2i-1n-4w\"\r\n     data-ad-client=\"ca-pub-1959107119989764\"\r\n     data-ad-slot=\"4008251320\"><\/ins>\r\n<script>\r\n     (adsbygoogle = window.adsbygoogle || []).push({});\r\n<\/script><\/div>\n    A munkan\u00e9lk\u00fcliek \u00e1tlagos l\u00e9tsz\u00e1ma febru\u00e1r-\u00e1prilisban 32 ezerrel 177 ezerre, a munkan\u00e9lk\u00fclis\u00e9gi r\u00e1ta 0,7 sz\u00e1zal\u00e9kponttal 3,8 sz\u00e1zal\u00e9kra cs\u00f6kkent az egy \u00e9vvel kor\u00e1bbihoz k\u00e9pest.<br \/>\n    P\u00e9nteken a m\u00e1jusi ipari termel\u0151i \u00e1rakr\u00f3l k\u00f6z\u00f6l statisztik\u00e1t a KSH. \u00c1prilisban az ipari termel\u0151i \u00e1rak \u00f6sszess\u00e9g\u00e9ben 2,7 sz\u00e1zal\u00e9kkal haladt\u00e1k meg az el\u0151z\u0151 \u00e9v azonos id\u0151szakit. A belf\u00f6ldi \u00e9rt\u00e9kes\u00edt\u00e9si \u00e1rak \u00e1tlagosan 3,2 sz\u00e1zal\u00e9kkal, az ipar export\u00e9rt\u00e9kes\u00edt\u00e9si \u00e1rai 2,5 sz\u00e1zal\u00e9kkal n\u0151ttek az el\u0151z\u0151 \u00e9v \u00e1prilisihoz k\u00e9pest.(MTI)<\/p>\n","protected":false},"excerpt":{"rendered":"<p>Kev\u00e9s makrogazdas\u00e1gi adat jelenik meg a j\u00f6v\u0151 h\u00e9ten, a foglalkoztatotts\u00e1gr\u00f3l \u00e9s a munkan\u00e9lk\u00fclis\u00e9gr\u0151l, valamint az ipari termel\u0151i \u00e1rakr\u00f3l k\u00f6z\u00f6l statisztik\u00e1kat a K\u00f6zponti Statisztikai Hivatal (KSH).<\/p>\n","protected":false},"author":1,"featured_media":0,"comment_status":"closed","ping_status":"open","sticky":false,"template":"","format":"standard","meta":[],"categories":[19],"tags":[],"_links":{"self":[{"href":"https:\/\/gazdasagportal.hu\/index.php\/wp-json\/wp\/v2\/posts\/106437"}],"collection":[{"href":"https:\/\/gazdasagportal.hu\/index.php\/wp-json\/wp\/v2\/posts"}],"about":[{"href":"https:\/\/gazdasagportal.hu\/index.php\/wp-json\/wp\/v2\/types\/post"}],"author":[{"embeddable":true,"href":"https:\/\/gazdasagportal.hu\/index.php\/wp-json\/wp\/v2\/users\/1"}],"replies":[{"embeddable":true,"href":"https:\/\/gazdasagportal.hu\/index.php\/wp-json\/wp\/v2\/comments?post=106437"}],"version-history":[{"count":1,"href":"https:\/\/gazdasagportal.hu\/index.php\/wp-json\/wp\/v2\/posts\/106437\/revisions"}],"predecessor-version":[{"id":106438,"href":"https:\/\/gazdasagportal.hu\/index.php\/wp-json\/wp\/v2\/posts\/106437\/revisions\/106438"}],"wp:attachment":[{"href":"https:\/\/gazdasagportal.hu\/index.php\/wp-json\/wp\/v2\/media?parent=106437"}],"wp:term":[{"taxonomy":"category","embeddable":true,"href":"https:\/\/gazdasagportal.hu\/index.php\/wp-json\/wp\/v2\/categories?post=106437"},{"taxonomy":"post_tag","embeddable":true,"href":"https:\/\/gazdasagportal.hu\/index.php\/wp-json\/wp\/v2\/tags?post=106437"}],"curies":[{"name":"wp","href":"https:\/\/api.w.org\/{rel}","templated":true}]}}