{"id":106413,"date":"2018-06-22T13:45:06","date_gmt":"2018-06-22T11:45:06","guid":{"rendered":"http:\/\/gazdasagportal.hu\/?p=106413"},"modified":"2018-06-21T22:45:54","modified_gmt":"2018-06-21T20:45:54","slug":"gulyas-tovabb-folytatodik-az-adocsokkentes","status":"publish","type":"post","link":"https:\/\/gazdasagportal.hu\/index.php\/gulyas-tovabb-folytatodik-az-adocsokkentes\/","title":{"rendered":"Guly\u00e1s: tov\u00e1bb folytat\u00f3dik az ad\u00f3cs\u00f6kkent\u00e9s"},"content":{"rendered":"<p><strong>Egy\u00e9rtelm\u0171en tov\u00e1bb folytat\u00f3dik az ad\u00f3cs\u00f6kkent\u00e9s Magyarorsz\u00e1gon &#8211; jelentette ki a Minisztereln\u00f6ks\u00e9get vezet\u0151 miniszter cs\u00fct\u00f6rt\u00f6ki budapesti sajt\u00f3t\u00e1j\u00e9koztat\u00f3j\u00e1n.<\/strong><!--more--><\/p>\n<div class=\"ads-in-post1\"><div id=\"gazdasagportal.hu_fullbanner_wideboard\"><\/div>\r\n<\/div>\n<p>    Guly\u00e1s Gergely a h\u00e9ten beterjesztett ad\u00f3jogi v\u00e1ltoz\u00e1sokr\u00f3l sz\u00f3lva elmondta, hogy a szoci\u00e1lis hozz\u00e1j\u00e1rul\u00e1si ad\u00f3 m\u00e9rt\u00e9ke, amely \u00f6t \u00e9ve m\u00e9g 27 sz\u00e1zal\u00e9k volt, j\u00f6v\u0151re tov\u00e1bbi k\u00e9t sz\u00e1zal\u00e9kkal 17,5 sz\u00e1zal\u00e9kra cs\u00f6kken. A gazdas\u00e1gi n\u00f6veked\u00e9s f\u00fcggv\u00e9ny\u00e9ben tov\u00e1bbi ad\u00f3cs\u00f6kkent\u00e9sek lehetnek a k\u00f6vetkez\u0151 \u00e9vekben, rem\u00e9nyeik szerint n\u00e9gy \u00e9v m\u00falva a szoci\u00e1lis hozz\u00e1j\u00e1rul\u00e1si ad\u00f3 m\u00e9rt\u00e9ke 11,5 sz\u00e1zal\u00e9k lehet &#8211; tette hozz\u00e1.<br \/>\n    Kit\u00e9rt a csal\u00e1di ad\u00f3kedvezm\u00e9ny tov\u00e1bbi n\u00f6vel\u00e9s\u00e9re &#8211; amely k\u00e9t gyermek eset\u00e9n el\u00e9ri majd a havi 40 ezer forintot -, \u00e9s arra, hogy a nyugd\u00edjasoknak munkav\u00e1llal\u00e1s eset\u00e9n csak szem\u00e9lyi j\u00f6vedelemad\u00f3t kell majd fizetni.<br \/>\n    Az UHT \u00e9s az ESL tej \u00e1f\u00e1ja is 5 sz\u00e1zal\u00e9kra cs\u00f6kken, amivel j\u00f6v\u0151re 20 milli\u00e1rd forintot sp\u00f3rolhatnak a csal\u00e1dok &#8211; id\u00e9zte fel.<br \/>\n    Az eg\u00e9szs\u00e9g\u00fcgyi kock\u00e1zatot jelent\u0151 \u00e9telek, italok n\u00e9peg\u00e9szs\u00e9g\u00fcgyi ad\u00f3ja \u00e1tlagosan 20 sz\u00e1zal\u00e9kkal n\u0151. Ezt n\u00e9peg\u00e9szs\u00e9g\u00fcgyi int\u00e9zked\u00e9snek tekintj\u00fck &#8211; ismertette a miniszter.<br \/>\n    Sz\u00f3lt arr\u00f3l is, hogy nem cs\u00f6kken a cafet\u00e9ri\u00e1ra rendelkez\u00e9sre \u00f6sszeg. Amikor annak bevezet\u00e9se megt\u00f6rt\u00e9nt, az volt a c\u00e9l, hogy a munkav\u00e1llal\u00f3k a j\u00f6vedelm\u00fck egy r\u00e9sz\u00e9t kedvez\u0151bb felt\u00e9telek mellett kaphass\u00e1k, m\u00e1ra azonban ad\u00f3z\u00e1s felt\u00e9telei l\u00e9nyegesen kedvez\u0151bb\u00e9 v\u00e1ltak, ez\u00e9rt azt javasolj\u00e1k, hogy b\u00e9remel\u00e9sekben adj\u00e1k oda a munk\u00e1ltat\u00f3k az ad\u00f3cs\u00f6kkent\u00e9s \u00e9s gazdas\u00e1gi n\u00f6veked\u00e9s nyom\u00e1n felszabadul\u00f3 forr\u00e1sokat. A cafet\u00e9ri\u00e1ra a belf\u00f6ldi fogyaszt\u00e1s \u00e9s turizmus er\u0151s\u00edt\u00e9se \u00e9rdek\u00e9ben a SZ\u00c9P-k\u00e1rtya marad &#8211; jelezte.<br \/>\n<div class=\"ads-in-post2\"><script async src=\"https:\/\/pagead2.googlesyndication.com\/pagead\/js\/adsbygoogle.js\"><\/script>\r\n<ins class=\"adsbygoogle\"\r\n     style=\"display:block\"\r\n     data-ad-format=\"fluid\"\r\n     data-ad-layout-key=\"-6t+ed+2i-1n-4w\"\r\n     data-ad-client=\"ca-pub-1959107119989764\"\r\n     data-ad-slot=\"4008251320\"><\/ins>\r\n<script>\r\n     (adsbygoogle = window.adsbygoogle || []).push({});\r\n<\/script><\/div>\n    \u00d6sszegz\u00e9se szerint a j\u00f6v\u0151 \u00e9vi ad\u00f3t\u00f6rv\u00e9nyek szolg\u00e1lj\u00e1k az ad\u00f3cs\u00f6kkent\u00e9st, az ad\u00f3egyszer\u0171s\u00edt\u00e9st, \u00e9s olyan t\u00e1rsadalompolitikai szempontokat is figyelembe vesznek, mint a n\u00e9peg\u00e9szs\u00e9g\u00fcgy. Lez\u00e1rnak fontos \u00e9s hossz\u00fa ideje tart\u00f3 vit\u00e1kat, \u00e9s nyitva hagyj\u00e1k a j\u00f6v\u0151re n\u00e9zve a gazdas\u00e1gi teljes\u00edt\u0151 k\u00e9pess\u00e9g f\u00e9ny\u00e9ben a tov\u00e1bbi ad\u00f3cs\u00f6kkent\u00e9s lehet\u0151s\u00e9g\u00e9t.<br \/>\n    Guly\u00e1s Gergely kit\u00e9rt arra is, hogy V4-es \u00e9s osztr\u00e1k tal\u00e1lkoz\u00f3nak ad otthont Budapest, illetve az Eur\u00f3pa Tan\u00e1cs eln\u00f6ke, Donald Tusk p\u00e9nteken a magyar f\u0151v\u00e1rosba l\u00e1togat. Mint kiemelte: a tal\u00e1lkoz\u00f3kon a migr\u00e1ci\u00f3 \u00e9s a k\u00f6vetkez\u0151 h\u00e9t \u00e9v k\u00f6lts\u00e9gvet\u00e9se lesz a f\u0151 t\u00e9ma. Ez a kett\u0151 az\u00e9rt ker\u00fcl egy\u00fctt sorra, mert a bizotts\u00e1gi k\u00f6lts\u00e9gvet\u00e9si javaslat is \u00f6sszek\u00f6ti \u0151ket. A magyar \u00e1ll\u00e1spont tov\u00e1bbra is az, hogy ez egy migr\u00e1ci\u00f3bar\u00e1t, bev\u00e1ndorl\u00e1sp\u00e1rti k\u00f6lts\u00e9gvet\u00e9s, amely e c\u00e9lra jelent\u0151s forr\u00e1sokat biztos\u00edt. Ehhez k\u00e9pest hat\u00e1rv\u00e9delem helyett hat\u00e1rmenedzsmentr\u0151l besz\u00e9l, s a magyar korm\u00e1ny tov\u00e1bbra sem l\u00e1tja annak garanci\u00e1j\u00e1t, hogy az \u00e1ltaluk hat\u00e1rv\u00e9delemre ford\u00edtott k\u00f6zel egymilli\u00e1rd eur\u00f3t megt\u00e9r\u00edten\u00e9k. Azt sem l\u00e1tj\u00e1k garant\u00e1ltnak, hogy a hat\u00e1rv\u00e9delmi k\u00f6lts\u00e9geket az uni\u00f3 k\u00f6vetkez\u0151 k\u00f6lts\u00e9gvet\u00e9se tartalmazn\u00e1 &#8211; hangzott el.<br \/>\n    A magyar f\u00e9l k\u00f6z\u00f6s V4-es \u00e1ll\u00e1spontot szeretne &#8211; jelezte. Hozz\u00e1tette: csakis \u00fagy kezelhet\u0151 a bev\u00e1ndorl\u00e1si kr\u00edzis, \u00fagy el\u0151zhet\u0151 meg a 2015-ben eg\u00e9sz Eur\u00f3p\u00e1t s\u00fajt\u00f3 helyzet, ha hat\u00e9kony k\u00fcls\u0151 hat\u00e1rv\u00e9delem van.<br \/>\n    Kit\u00e9rt arra is: tov\u00e1bbra is fenntartj\u00e1k az Orb\u00e1n Viktor minisztereln\u00f6k \u00e1ltal k\u00e9t \u00e9vvel ezel\u0151tt ismertetett Schengen 2.0 tervet, amely azt r\u00f6gz\u00edti, hogy a hat\u00e1rv\u00e9delem nem lehet csup\u00e1n jogi deklar\u00e1ci\u00f3, hanem ha valaki a schengeni egyezm\u00e9nyben v\u00e1llalt hat\u00e1rv\u00e9delmi k\u00f6telezetts\u00e9geinek nem tud eleget tenni, annak jogi szankci\u00f3val kell j\u00e1rnia.<br \/>\n    A miniszter arra a k\u00e9rd\u00e9sre, hogy a Stop Soros elfogad\u00e1sakor a Velencei Bizotts\u00e1g v\u00e9lem\u00e9ny\u00e9t mi\u00e9rt nem vett\u00e9k figyelembe, illetve mi\u00e9rt nem v\u00e1rt\u00e1k meg a szavaz\u00e1st, \u00fagy reag\u00e1lt: a bizotts\u00e1g p\u00e9nteken fogadja el a jelent\u00e9s\u00e9t, de tervezete a korm\u00e1ny el\u0151tt m\u00e1r el\u0151z\u0151 h\u00e9t v\u00e9ge \u00f3ta ismert. Az eddigi gyakorlat alapj\u00e1n a tervezet l\u00e9nyeg\u00e9ben megegyezik az elfogadott jelent\u00e9ssel, a lehet\u0151 legritk\u00e1bb esetben v\u00e1ltozik \u00e9rdemben, azaz a korm\u00e1nynak rendelkez\u00e9sre \u00e1llt a test\u00fclet v\u00e9lem\u00e9nye.<br \/>\n    Megjegyezte, hogy a Velencei Bizotts\u00e1g az Eur\u00f3pa Tan\u00e1cs tan\u00e1csad\u00f3 test\u00fclete, mindig \u00f6r\u00f6mmel veszik, ha Magyarorsz\u00e1gra l\u00e1togatnak, tudom\u00e1sul veszik, ha kifejtik a v\u00e9lem\u00e9ny\u00fcket m\u00e9g a jogszab\u00e1lyok elfogad\u00e1sa el\u0151tt. A bizotts\u00e1g a szab\u00e1lyoz\u00e1s indokolts\u00e1g\u00e1t elismeri, ar\u00e1nyoss\u00e1gi kifog\u00e1sokat fogalmazott meg, amivel nem \u00e9rtenek egyet, hiszen a t\u00e9ny\u00e1ll\u00e1s szankci\u00f3j\u00e1nak n\u00e9h\u00e1ny napos elz\u00e1r\u00e1s is a r\u00e9sz\u00e9t k\u00e9pezi, amit neh\u00e9z ar\u00e1nytalannak nevezni.<br \/>\n    A CEU-t \u00e9rint\u0151 felvet\u00e9sre k\u00f6z\u00f6lte: az Oktat\u00e1si Hivatalnak, mint illet\u00e9kes szervnek kell megvizsg\u00e1lnia, hogy a t\u00f6rv\u00e9nyben r\u00f6gz\u00edtett felt\u00e9teknek megfelel-e az adott int\u00e9zm\u00e9ny.(MTI)<\/p>\n","protected":false},"excerpt":{"rendered":"<p>Egy\u00e9rtelm\u0171en tov\u00e1bb folytat\u00f3dik az ad\u00f3cs\u00f6kkent\u00e9s Magyarorsz\u00e1gon &#8211; jelentette ki a Minisztereln\u00f6ks\u00e9get vezet\u0151 miniszter cs\u00fct\u00f6rt\u00f6ki budapesti sajt\u00f3t\u00e1j\u00e9koztat\u00f3j\u00e1n.<\/p>\n","protected":false},"author":1,"featured_media":0,"comment_status":"closed","ping_status":"open","sticky":false,"template":"","format":"standard","meta":[],"categories":[4,19],"tags":[],"_links":{"self":[{"href":"https:\/\/gazdasagportal.hu\/index.php\/wp-json\/wp\/v2\/posts\/106413"}],"collection":[{"href":"https:\/\/gazdasagportal.hu\/index.php\/wp-json\/wp\/v2\/posts"}],"about":[{"href":"https:\/\/gazdasagportal.hu\/index.php\/wp-json\/wp\/v2\/types\/post"}],"author":[{"embeddable":true,"href":"https:\/\/gazdasagportal.hu\/index.php\/wp-json\/wp\/v2\/users\/1"}],"replies":[{"embeddable":true,"href":"https:\/\/gazdasagportal.hu\/index.php\/wp-json\/wp\/v2\/comments?post=106413"}],"version-history":[{"count":1,"href":"https:\/\/gazdasagportal.hu\/index.php\/wp-json\/wp\/v2\/posts\/106413\/revisions"}],"predecessor-version":[{"id":106414,"href":"https:\/\/gazdasagportal.hu\/index.php\/wp-json\/wp\/v2\/posts\/106413\/revisions\/106414"}],"wp:attachment":[{"href":"https:\/\/gazdasagportal.hu\/index.php\/wp-json\/wp\/v2\/media?parent=106413"}],"wp:term":[{"taxonomy":"category","embeddable":true,"href":"https:\/\/gazdasagportal.hu\/index.php\/wp-json\/wp\/v2\/categories?post=106413"},{"taxonomy":"post_tag","embeddable":true,"href":"https:\/\/gazdasagportal.hu\/index.php\/wp-json\/wp\/v2\/tags?post=106413"}],"curies":[{"name":"wp","href":"https:\/\/api.w.org\/{rel}","templated":true}]}}