{"id":10641,"date":"2013-06-26T08:21:51","date_gmt":"2013-06-26T06:21:51","guid":{"rendered":"http:\/\/stockportal.hu\/?p=10641"},"modified":"2013-06-26T08:21:51","modified_gmt":"2013-06-26T06:21:51","slug":"tozsde-tegnap-enyhe-pozitiv-korrekcio-volt-a-reszvenypiacon","status":"publish","type":"post","link":"https:\/\/gazdasagportal.hu\/index.php\/tozsde-tegnap-enyhe-pozitiv-korrekcio-volt-a-reszvenypiacon\/","title":{"rendered":"T\u0151zsde &#8211; Tegnap enyhe pozit\u00edv korrekci\u00f3 volt a r\u00e9szv\u00e9nypiacon"},"content":{"rendered":"<p><strong>A Budapesti \u00c9rt\u00e9kt\u0151zsde r\u00e9szv\u00e9nyindexe, a BUX 0,41 pontos emelked\u00e9ssel, 18 303,93 ponton z\u00e1rt kedden, gyakorlatilag stagn\u00e1lt az el\u0151z\u0151 napi z\u00e1r\u00e1shoz k\u00e9pest.<!--more--><\/strong><\/p>\n<p>A r\u00e9szv\u00e9nypiac forgalma 7,2 milli\u00e1rd forint volt, a vezet\u0151 r\u00e9szv\u00e9nyek \u00e1ra vegyesen v\u00e1ltozott: az OTP, a Magyar Telekom, valamint az Egis er\u0151s\u00f6d\u00f6tt, m\u00edg a Molnak \u00e9s a Richternek cs\u00f6kkent az \u00e1rfolyama.<br \/>\nAz MTI-nek nyilatkoz\u00f3 piaci szak\u00e9rt\u0151k szerint a nemzetk\u00f6zi trendnek megfelel\u0151en kis pozit\u00edv korrekci\u00f3 l\u00e1tszott a budapesti b\u00f6rz\u00e9n az elm\u00falt napok es\u00e9se ut\u00e1n, a nap v\u00e9g\u00e9re azonban a magyar piac kicsit &#8222;elf\u00e1radt&#8221;, \u00e9s gyakorlatilag stagn\u00e1l\u00e1ssal z\u00e1rt.<br \/>\nKr\u00e1lik Istv\u00e1n, a KBC Equitas \u00fczletk\u00f6t\u0151je kifejtette, hogy az amerikai jegybank szerep\u00e9t bet\u00f6lt\u0151 Fed t\u00f6bb vezet\u0151je is megsz\u00f3lalt a mennyis\u00e9gi enyh\u00edt\u00e9si program esetleges befejez\u00e9s\u00e9vel kapcsolatban, azt hangoztatva, hogy a piac f\u00e9lre\u00e9rti a Fed sz\u00e1nd\u00e9k\u00e1t, \u00e9s meger\u0151s\u00edtett\u00e9k, hogy a test\u00fclet \u00e1rgus szemekkel fogja figyelni a piaci folyamatokat. A nyilatkozatok nyugtat\u00f3lag hatottak, \u00e9s megindult egy kisebb pozit\u00edv korrekci\u00f3 a piacokon, bele\u00e9rtve a B\u00c9T-et is.<br \/>\nHozz\u00e1tette, hogy a nap v\u00e9g\u00e9re a magyar t\u0151zsde elf\u00e1radt, \u00e9s csak minim\u00e1lis, egy pontn\u00e1l kisebb emelked\u00e9ssel z\u00e1rt, de a vezet\u0151 pap\u00edrok k\u00f6z\u00fcl az OTP sz\u00e9pen teljes\u00edtett.<br \/>\nVarj\u00fa P\u00e9ter, az Erste Befektet\u00e9si Zrt. \u00fczletk\u00f6t\u0151je szint\u00e9n kiemelte az OTP szerepl\u00e9s\u00e9t, azonban megjegyezte, hogy a Richter ugyanakkor cs\u00fanya es\u00e9ssel z\u00e1rta a keresked\u00e9st. V\u00e9lem\u00e9nye szerint az utols\u00f3 20 perc kiv\u00e9tel\u00e9vel j\u00f3l teljes\u00edtett a B\u00c9T, a nap v\u00e9gi elad\u00e1sok miatt azonban v\u00e9g\u00fcl napi m\u00e9lypontj\u00e1n z\u00e1rt a BUX. Ezt annak tudta be, hogy egyes befektet\u0151k poz\u00edci\u00f3t z\u00e1rhattak a keresked\u00e9s v\u00e9g\u00e9n, kihaszn\u00e1lva a mostani v\u00e1ltoz\u00e9kony id\u0151szakban ad\u00f3d\u00f3 profit lehet\u0151s\u00e9get.<br \/>\nA Mol \u00e1rfolyama 95 forinttal, 0,59 sz\u00e1zal\u00e9kkal 16 105 forintra cs\u00f6kkent, 674,9 milli\u00f3 forintos forgalomban.<br \/>\nAz OTP-r\u00e9szv\u00e9nyek \u00e1ra 75 forinttal, 1,67 sz\u00e1zal\u00e9kkal 4575 forintra er\u0151s\u00f6d\u00f6tt, forgalmuk 5,0 milli\u00e1rd forintot tett ki.<br \/>\nA Magyar Telekom \u00e1rfolyama 1 forinttal, 0,31 sz\u00e1zal\u00e9kkal 319 forintra n\u0151tt, forgalma 363,2 milli\u00f3 forint volt.<br \/>\nA Richter-pap\u00edrok \u00e1rfolyama 695 forinttal, 2,02 sz\u00e1zal\u00e9kkal 33 700 forintra esett, a r\u00e9szv\u00e9nyek forgalma 732,6 milli\u00f3 forintot \u00e9rt el.<br \/>\nA m\u00e1sik gy\u00f3gyszeripari r\u00e9szv\u00e9ny, az Egis 371,1 milli\u00f3 forintos forgalom mellett 210 forinttal, 1,01 sz\u00e1zal\u00e9kkal 21 000 forintra emelkedett.<br \/>\nA BUMIX 1027,84 ponton z\u00e1rt kedden, ez 5,67 pontos, 0,55 sz\u00e1zal\u00e9kos emelked\u00e9s a h\u00e9tf\u0151i z\u00e1r\u00e1shoz viszony\u00edtva.<br \/>\nA B\u00c9T \u00e1rupiac\u00e1n kedden a takarm\u00e1nykukorica \u00e1ra egy hat\u00e1rid\u0151re cs\u00f6kkent, \u00e9s esett a napraforg\u00f3 jegyz\u00e9se is, a b\u00faza\u00e1rfolyamok viszont nem v\u00e1ltoztak.<br \/>\nA malmi b\u00faza augusztusi hat\u00e1rid\u0151re v\u00e1ltozatlanul 49 000 forintba ker\u00fcl, a szeptemberi jegyz\u00e9s 49 500, a decemberi 52 500 forinton \u00e1ll.<br \/>\nA kukorica j\u00faliusi \u00e1rfolyama 400 forinttal 55 600 forintra cs\u00f6kkent. A t\u00f6bbi lej\u00e1rat \u00e1ra nem v\u00e1ltozott: szeptemberre 57 500, novemberre 46 600, decemberre 46 800 forintba ker\u00fcl a takarm\u00e1nykukorica tonn\u00e1ja.<br \/>\nA napraforg\u00f3 \u00e1ra okt\u00f3berre 500 forinttal 112 500 forintra, novemberre 1500 forinttal 113 000 forintra esett.(MTI)<\/p>\n","protected":false},"excerpt":{"rendered":"<p>A Budapesti \u00c9rt\u00e9kt\u0151zsde r\u00e9szv\u00e9nyindexe, a BUX 0,41 pontos emelked\u00e9ssel, 18 303,93 ponton z\u00e1rt kedden, gyakorlatilag stagn\u00e1lt az el\u0151z\u0151 napi z\u00e1r\u00e1shoz k\u00e9pest.<\/p>\n","protected":false},"author":1,"featured_media":0,"comment_status":"open","ping_status":"closed","sticky":false,"template":"","format":"standard","meta":[],"categories":[7],"tags":[],"_links":{"self":[{"href":"https:\/\/gazdasagportal.hu\/index.php\/wp-json\/wp\/v2\/posts\/10641"}],"collection":[{"href":"https:\/\/gazdasagportal.hu\/index.php\/wp-json\/wp\/v2\/posts"}],"about":[{"href":"https:\/\/gazdasagportal.hu\/index.php\/wp-json\/wp\/v2\/types\/post"}],"author":[{"embeddable":true,"href":"https:\/\/gazdasagportal.hu\/index.php\/wp-json\/wp\/v2\/users\/1"}],"replies":[{"embeddable":true,"href":"https:\/\/gazdasagportal.hu\/index.php\/wp-json\/wp\/v2\/comments?post=10641"}],"version-history":[{"count":2,"href":"https:\/\/gazdasagportal.hu\/index.php\/wp-json\/wp\/v2\/posts\/10641\/revisions"}],"predecessor-version":[{"id":10643,"href":"https:\/\/gazdasagportal.hu\/index.php\/wp-json\/wp\/v2\/posts\/10641\/revisions\/10643"}],"wp:attachment":[{"href":"https:\/\/gazdasagportal.hu\/index.php\/wp-json\/wp\/v2\/media?parent=10641"}],"wp:term":[{"taxonomy":"category","embeddable":true,"href":"https:\/\/gazdasagportal.hu\/index.php\/wp-json\/wp\/v2\/categories?post=10641"},{"taxonomy":"post_tag","embeddable":true,"href":"https:\/\/gazdasagportal.hu\/index.php\/wp-json\/wp\/v2\/tags?post=10641"}],"curies":[{"name":"wp","href":"https:\/\/api.w.org\/{rel}","templated":true}]}}