{"id":106406,"date":"2018-06-22T15:37:14","date_gmt":"2018-06-22T13:37:14","guid":{"rendered":"http:\/\/gazdasagportal.hu\/?p=106406"},"modified":"2018-06-21T22:37:56","modified_gmt":"2018-06-21T20:37:56","slug":"muzeumok-ejszakaja-rendkivuli-buszjaratokat-indit-a-bkk","status":"publish","type":"post","link":"https:\/\/gazdasagportal.hu\/index.php\/muzeumok-ejszakaja-rendkivuli-buszjaratokat-indit-a-bkk\/","title":{"rendered":"M\u00fazeumok \u00e9jszak\u00e1ja &#8211; Rendk\u00edv\u00fcli buszj\u00e1ratokat ind\u00edt a BKK"},"content":{"rendered":"<p><strong>Az el\u0151z\u0151 \u00e9vekhez hasonl\u00f3an id\u00e9n is rendk\u00edv\u00fcli buszj\u00e1ratokat ind\u00edt \u00e9s t\u00f6bb menetrend szerinti j\u00e1rat\u00e1t is s\u0171r\u00edti a Budapesti K\u00f6zleked\u00e9si K\u00f6zpont (BKK) szombaton, a M\u00fazeumok \u00e9jszak\u00e1j\u00e1n.<\/strong><br \/>\n<div class=\"ads-in-post1\"><div id=\"gazdasagportal.hu_fullbanner_wideboard\"><\/div>\r\n<\/div>\n<p>    A BKK MTI-hez eljuttatott k\u00f6zlem\u00e9nye szerint a h\u00e9t k\u00fcl\u00f6nb\u00f6z\u0151 \u00fatvonalon k\u00f6zleked\u0151 M\u00fazeumbusz 18 \u00f3ra \u00e9s hajnali f\u00e9l 3 k\u00f6z\u00f6tt k\u00f6zlekedik, \u00e9s a k\u00fcl\u00f6nb\u00f6z\u0151 helysz\u00edneket k\u00f6ti \u00f6ssze egym\u00e1ssal. A j\u00e1ratok a m\u00fazeumokba bel\u00e9p\u0151jegyk\u00e9nt szolg\u00e1l\u00f3 karszalaggal, valamint a norm\u00e1l d\u00edjszab\u00e1s szerinti jegyekkel \u00e9s b\u00e9rletekkel vehet\u0151k ig\u00e9nybe.<br \/>\n    A BKK emellett nosztalgia trolibuszj\u00e1ratot is ind\u00edt 18 \u00f3r\u00e1t\u00f3l \u00e9jjel 1 \u00f3r\u00e1ig az az \u00d6rs vez\u00e9r tere \u00e9s a J\u00e1szai Mari t\u00e9r k\u00f6z\u00f6tt, a j\u00e1ratokat egy ZIU-9-es szovjet troli teljes\u00edti.<br \/>\n    A M\u00fazeumok \u00e9jszak\u00e1j\u00e1n r\u00e9szt vev\u0151 sz\u00e1mos int\u00e9zm\u00e9ny az 1-es metr\u00f3 egy-egy \u00e1llom\u00e1s\u00e1hoz k\u00f6zel tal\u00e1lhat\u00f3, ez\u00e9rt j\u00fanius 23-\u00e1n k\u00e9s\u0151 este a kisf\u00f6ldalatti a szok\u00e1sosn\u00e1l s\u0171r\u0171bben k\u00f6zlekedik, \u00e9s az \u00fczemideje is egy \u00f3r\u00e1val hosszabb lesz: az utols\u00f3 kisf\u00f6ldalatti a V\u00f6r\u00f6smarty t\u00e9rr\u0151l 0.45-kor, a Mexik\u00f3i \u00fatt\u00f3l 0.32-kor indul. Ahogy a t\u00f6bbi szombat est\u00e9n, ezen a napon is hosszabb \u00fczemid\u0151vel, \u00e9jjel f\u00e9l egyig j\u00e1r a 2-es \u00e9s a 4-es metr\u00f3.<br \/>\n    Szombatr\u00f3l vas\u00e1rnapra virrad\u00f3an a metr\u00f3k mellett egyes nagyobb forgalm\u00fa \u00e9jszakai j\u00e1ratok is s\u0171r\u0171bben k\u00f6zlekednek. A 907-es, a 908-as, a 914-es, a 934-es, a 950-es, a 950A, a 973-as \u00e9s a 990-es buszj\u00e1rat \u00e9jf\u00e9lt\u0151l hajnali f\u00e9l 4-ig a megszokottn\u00e1l kisebb k\u00f6vet\u00e9si id\u0151vel sz\u00e1ll\u00edt utasokat.(MTI)<br \/>\n<div class=\"ads-in-post2\"><script async src=\"https:\/\/pagead2.googlesyndication.com\/pagead\/js\/adsbygoogle.js\"><\/script>\r\n<ins class=\"adsbygoogle\"\r\n     style=\"display:block\"\r\n     data-ad-format=\"fluid\"\r\n     data-ad-layout-key=\"-6t+ed+2i-1n-4w\"\r\n     data-ad-client=\"ca-pub-1959107119989764\"\r\n     data-ad-slot=\"4008251320\"><\/ins>\r\n<script>\r\n     (adsbygoogle = window.adsbygoogle || []).push({});\r\n<\/script><\/div>\n","protected":false},"excerpt":{"rendered":"<p>Az el\u0151z\u0151 \u00e9vekhez hasonl\u00f3an id\u00e9n is rendk\u00edv\u00fcli buszj\u00e1ratokat ind\u00edt \u00e9s t\u00f6bb menetrend szerinti j\u00e1rat\u00e1t is s\u0171r\u00edti a Budapesti K\u00f6zleked\u00e9si K\u00f6zpont (BKK) szombaton, a M\u00fazeumok \u00e9jszak\u00e1j\u00e1n. A BKK MTI-hez eljuttatott k\u00f6zlem\u00e9nye szerint a h\u00e9t k\u00fcl\u00f6nb\u00f6z\u0151 \u00fatvonalon k\u00f6zleked\u0151 M\u00fazeumbusz 18 \u00f3ra \u00e9s hajnali f\u00e9l 3 k\u00f6z\u00f6tt k\u00f6zlekedik, \u00e9s a k\u00fcl\u00f6nb\u00f6z\u0151 helysz\u00edneket k\u00f6ti \u00f6ssze egym\u00e1ssal. A j\u00e1ratok a &#8230;<\/p>\n","protected":false},"author":1,"featured_media":0,"comment_status":"closed","ping_status":"open","sticky":false,"template":"","format":"standard","meta":[],"categories":[4],"tags":[],"_links":{"self":[{"href":"https:\/\/gazdasagportal.hu\/index.php\/wp-json\/wp\/v2\/posts\/106406"}],"collection":[{"href":"https:\/\/gazdasagportal.hu\/index.php\/wp-json\/wp\/v2\/posts"}],"about":[{"href":"https:\/\/gazdasagportal.hu\/index.php\/wp-json\/wp\/v2\/types\/post"}],"author":[{"embeddable":true,"href":"https:\/\/gazdasagportal.hu\/index.php\/wp-json\/wp\/v2\/users\/1"}],"replies":[{"embeddable":true,"href":"https:\/\/gazdasagportal.hu\/index.php\/wp-json\/wp\/v2\/comments?post=106406"}],"version-history":[{"count":1,"href":"https:\/\/gazdasagportal.hu\/index.php\/wp-json\/wp\/v2\/posts\/106406\/revisions"}],"predecessor-version":[{"id":106407,"href":"https:\/\/gazdasagportal.hu\/index.php\/wp-json\/wp\/v2\/posts\/106406\/revisions\/106407"}],"wp:attachment":[{"href":"https:\/\/gazdasagportal.hu\/index.php\/wp-json\/wp\/v2\/media?parent=106406"}],"wp:term":[{"taxonomy":"category","embeddable":true,"href":"https:\/\/gazdasagportal.hu\/index.php\/wp-json\/wp\/v2\/categories?post=106406"},{"taxonomy":"post_tag","embeddable":true,"href":"https:\/\/gazdasagportal.hu\/index.php\/wp-json\/wp\/v2\/tags?post=106406"}],"curies":[{"name":"wp","href":"https:\/\/api.w.org\/{rel}","templated":true}]}}