{"id":106402,"date":"2018-06-22T09:34:26","date_gmt":"2018-06-22T07:34:26","guid":{"rendered":"http:\/\/gazdasagportal.hu\/?p=106402"},"modified":"2018-06-21T22:35:24","modified_gmt":"2018-06-21T20:35:24","slug":"magyarorszag-nem-tamogatja-a-kohezios-alapokbol-valo-magyar-reszesedes-csokkenteset","status":"publish","type":"post","link":"https:\/\/gazdasagportal.hu\/index.php\/magyarorszag-nem-tamogatja-a-kohezios-alapokbol-valo-magyar-reszesedes-csokkenteset\/","title":{"rendered":"Magyarorsz\u00e1g nem t\u00e1mogatja a koh\u00e9zi\u00f3s alapokb\u00f3l val\u00f3 magyar r\u00e9szesed\u00e9s cs\u00f6kkent\u00e9s\u00e9t"},"content":{"rendered":"<p><strong>A magyar korm\u00e1ny az elm\u00falt nyolc \u00e9v sor\u00e1n komoly reformokat hajtott v\u00e9gre, amelyek pozit\u00edv hat\u00e1sai m\u00e1r l\u00e1that\u00f3k, az\u00e9rt Magyarorsz\u00e1g nem t\u00e1mogatja a koh\u00e9zi\u00f3s alapokb\u00f3l val\u00f3 magyar r\u00e9szesed\u00e9s cs\u00f6kkent\u00e9s\u00e9t &#8211; jelentette ki az Emberi Er\u0151forr\u00e1sok Miniszt\u00e9rium\u00e1nak (Emmi) csal\u00e1d- \u00e9s ifj\u00fas\u00e1g\u00fcgy\u00e9rt felel\u0151s \u00e1llamtitk\u00e1ra Luxembourgban, az MTI-nek telefonon nyilatkozva cs\u00fct\u00f6rt\u00f6k\u00f6n.<\/strong><!--more--><\/p>\n<div class=\"ads-in-post1\"><div id=\"gazdasagportal.hu_fullbanner_wideboard\"><\/div>\r\n<\/div>\n<p>    Nov\u00e1k Katalin az EU-tagorsz\u00e1gok szoci\u00e1lis \u00fcgyek\u00e9rt felel\u0151s minisztereinek tal\u00e1lkoz\u00f3j\u00e1t k\u00f6vet\u0151en hangs\u00falyozta, az \u00faj, 2020 ut\u00e1ni hossz\u00fa t\u00e1v\u00fa uni\u00f3s k\u00f6lts\u00e9gvet\u00e9s-tervezet koh\u00e9zi\u00f3s forr\u00e1sainak feloszt\u00e1sa sor\u00e1n elfogadhatatlan az, hogy azokat az uni\u00f3s orsz\u00e1gokat r\u00e9szes\u00edten\u00e9k el\u0151nyben, amelyek nem mutattak fel eredm\u00e9nyt az elm\u00falt id\u0151szakban.<br \/>\n    Magyarorsz\u00e1g nem fogadja el, hogy a felmutatott eredm\u00e9nyei ellen\u00e9re mintegy b\u00fcntet\u00e9sk\u00e9nt kevesebb koh\u00e9zi\u00f3s forr\u00e1shoz jusson &#8211; h\u00fazta al\u00e1.<br \/>\n    Kiemelte, Magyarorsz\u00e1g nem t\u00e1mogatja azt sem, hogy a koh\u00e9zi\u00f3s alapokb\u00f3l a migr\u00e1nsok integr\u00e1ci\u00f3j\u00e1t is finansz\u00edrozni kelljen a k\u00f6vetkez\u0151 p\u00e9nz\u00fcgyi id\u0151szakban, k\u00fcl\u00f6n\u00f6sen az\u00e9rt, mert ez a c\u00e9lkit\u0171z\u00e9s ugyanabban a pontban szerepel, amelyben a roma integr\u00e1ci\u00f3 t\u00e1mogat\u00e1sa is. Magyarorsz\u00e1g nem tudja elfogadni azt, ha olyan k\u00f6telezetts\u00e9get \u00edrnak el\u0151, hogy a roma t\u00e1rsadalom felz\u00e1rk\u00f3ztat\u00e1s\u00e1nak elengedhetetlen feladatai helyett a migr\u00e1nsok integr\u00e1l\u00e1s\u00e1s\u00e1ra kell az am\u00fagy is cs\u00f6kken\u0151 forr\u00e1sokb\u00f3l t\u00e1mogat\u00e1st biztos\u00edtani.<br \/>\n<div class=\"ads-in-post2\"><script async src=\"https:\/\/pagead2.googlesyndication.com\/pagead\/js\/adsbygoogle.js\"><\/script>\r\n<ins class=\"adsbygoogle\"\r\n     style=\"display:block\"\r\n     data-ad-format=\"fluid\"\r\n     data-ad-layout-key=\"-6t+ed+2i-1n-4w\"\r\n     data-ad-client=\"ca-pub-1959107119989764\"\r\n     data-ad-slot=\"4008251320\"><\/ins>\r\n<script>\r\n     (adsbygoogle = window.adsbygoogle || []).push({});\r\n<\/script><\/div>\n    Az \u00e1llamtitk\u00e1r kijelentette, Magyarorsz\u00e1g tov\u00e1bbra is azt hangs\u00falyozza, hogy a csal\u00e1di ell\u00e1t\u00e1sok index\u00e1l\u00e1sa s\u00falyosan diszkriminat\u00edv, igazs\u00e1gtalan, megalapozatlan \u00e9s ar\u00e1nytalan int\u00e9zked\u00e9s lenne. Szembe menne az uni\u00f3 alap\u00e9rt\u00e9keivel, mint az egyenl\u0151 b\u00e1n\u00e1sm\u00f3d elve, valamint negat\u00edv hat\u00e1ssal lenne a munkav\u00e1llal\u00f3k szabad mozg\u00e1s\u00e1ra is. Meglep\u0151nek nevezte, hogy ugyanazon tag\u00e1llamok vetett\u00e9k fel ezt a k\u00e9rd\u00e9st, amelyek m\u00e1s t\u00e9m\u00e1ban ki\u00e1lltak az egyenl\u0151 munk\u00e1\u00e9rt egyenl\u0151 b\u00e9r elve mellett. Magyarorsz\u00e1g v\u00e9di a magyar munkav\u00e1llal\u00f3k \u00e9s a magyar csal\u00e1dok \u00e9rdekeit, ez\u00e9rt nem tartja elfogadhat\u00f3nak a k\u00fclf\u00f6ld\u00f6n dolgoz\u00f3 magyar emberek t\u00e1mogat\u00e1sainak cs\u00f6kkent\u00e9s\u00e9t.<br \/>\n    Nov\u00e1k Katalin elmondta, a tan\u00e1cskoz\u00e1s sor\u00e1n megvitatt\u00e1k a Szoci\u00e1lis Jogok Eur\u00f3pai Pill\u00e9r\u00e9hez kapcsol\u00f3d\u00f3 jogszab\u00e1lyjavaslatot is, amelynek c\u00e9lja a n\u0151k munkaer\u0151piaci alulreprezent\u00e1lts\u00e1g\u00e1nak cs\u00f6kkent\u00e9se, \u00e9s egyben reag\u00e1lni k\u00edv\u00e1n a demogr\u00e1fiai \u00f6reged\u00e9s t\u00e1rsadalmi hat\u00e1sainak kezel\u00e9s\u00e9t ig\u00e9nyl\u0151 helyzetekre. Olyan k\u00f6telez\u0151 rendszert dolgozna ki a csal\u00e1dt\u00e1mogat\u00e1sra vonatkoz\u00f3an, amely el\u0151\u00edrn\u00e1, hogy milyen m\u00e9rt\u00e9kben osztozhatnak a f\u00e9rfiak a n\u0151kkel a gondoz\u00e1si felel\u0151ss\u00e9gek v\u00e1llal\u00e1s\u00e1ban. Ezzel kapcsolatban kiemelte, a magyar korm\u00e1ny sz\u00e1m\u00e1ra a csal\u00e1dok d\u00f6nt\u00e9si szabads\u00e1g\u00e1nak meg\u0151rz\u00e9se kiemelt szempont, ez\u00e9rt Magyarorsz\u00e1g nem tud olyan javaslatot t\u00e1mogatni, amely ezt a szabads\u00e1got korl\u00e1tozn\u00e1.<br \/>\n    Mint elmondta, a tan\u00e1cs\u00fcl\u00e9s c\u00e9lja volt, hogy elfogadja az Eur\u00f3pai Szemeszter 2018-as orsz\u00e1gspecifikus aj\u00e1nl\u00e1scsomagb\u00f3l a szoci\u00e1lis \u00fcgyek\u00e9rt felel\u0151s miniszterek hat\u00e1sk\u00f6r\u00e9be tartoz\u00f3 aj\u00e1nl\u00e1sokat. Kijelentette, a dokumentumban vannak olyan meg\u00e1llap\u00edt\u00e1sok, mint p\u00e9ld\u00e1ul az \u00fcgy\u00e9szs\u00e9g m\u0171k\u00f6d\u00e9s\u00e9re vonatkoz\u00f3 \u00e9rt\u00e9kel\u00e9s, amelyek mell\u0151zik a t\u00e9nyszer\u0171s\u00e9get \u00e9s nem t\u00e9nyszer\u0171 adatok alapj\u00e1n vonnak le k\u00f6vetkeztet\u00e9seket. Magyarorsz\u00e1g ezzel kapcsolatosan egy nyilatkozatban fejezte ki \u00e1ll\u00e1spontj\u00e1t.<br \/>\n    Hozz\u00e1tette tov\u00e1bb\u00e1, hogy Magyarorsz\u00e1g tov\u00e1bbra sem t\u00e1mogatja a szoci\u00e1lis jogok eur\u00f3pai pill\u00e9re \u00e9s a szemeszter \u00f6sszekapcsol\u00e1s\u00e1t. Ennek oka, hogy ezzel a k\u00f6z\u00f6s c\u00e9lok helyett az eszk\u00f6z\u00f6k ker\u00fclnek a k\u00f6z\u00e9ppontba, a szemeszternek azonban nem az egyes tag\u00e1llamok \u00e1ltal alkalmazand\u00f3 konkr\u00e9t eszk\u00f6z\u00f6k kijel\u00f6l\u00e9s\u00e9re, hanem a k\u00f6z\u00f6s c\u00e9lok ir\u00e1ny\u00e1ba tett el\u0151rehalad\u00e1sra \u00e9s az eredm\u00e9nyess\u00e9gre kell \u00f6sszpontos\u00edtania. A szoci\u00e1lis pill\u00e9r beemel\u00e9se a szemeszter folyamat\u00e1ba a f\u00f3kuszt az eszk\u00f6z\u00f6kre \u00e9s az int\u00e9zked\u00e9sekre ir\u00e1ny\u00edtan\u00e1, sz\u0171k\u00edtve ezzel a tag\u00e1llamok mozg\u00e1ster\u00e9t a saj\u00e1t szakpolitikai int\u00e9zked\u00e9seik megval\u00f3s\u00edt\u00e1s\u00e1ra &#8211; h\u00fazta al\u00e1 az \u00e1llamtitk\u00e1r.<br \/>\n    A szoci\u00e1lis jogok eur\u00f3pai pill\u00e9re h\u00e1rom \u00e1tfog\u00f3 ter\u00fcletet, az es\u00e9lyegyenl\u0151s\u00e9g \u00e9s a munkav\u00e1llal\u00e1si jog, a tisztess\u00e9ges munkafelt\u00e9telek, valamint a szoci\u00e1lis v\u00e9delem \u00e9s t\u00e1rsadalmi befogad\u00e1s ter\u00fclet\u00e9t fedi le, tov\u00e1bbi jogokat \u00e9s hat\u00e9konyabb jog\u00e9rv\u00e9nyes\u00edt\u00e9st biztos\u00edtva az EU polg\u00e1rainak.(MTI)<\/p>\n","protected":false},"excerpt":{"rendered":"<p>A magyar korm\u00e1ny az elm\u00falt nyolc \u00e9v sor\u00e1n komoly reformokat hajtott v\u00e9gre, amelyek pozit\u00edv hat\u00e1sai m\u00e1r l\u00e1that\u00f3k, az\u00e9rt Magyarorsz\u00e1g nem t\u00e1mogatja a koh\u00e9zi\u00f3s alapokb\u00f3l val\u00f3 magyar r\u00e9szesed\u00e9s cs\u00f6kkent\u00e9s\u00e9t &#8211; jelentette ki az Emberi Er\u0151forr\u00e1sok Miniszt\u00e9rium\u00e1nak (Emmi) csal\u00e1d- \u00e9s ifj\u00fas\u00e1g\u00fcgy\u00e9rt felel\u0151s \u00e1llamtitk\u00e1ra Luxembourgban, az MTI-nek telefonon nyilatkozva cs\u00fct\u00f6rt\u00f6k\u00f6n.<\/p>\n","protected":false},"author":1,"featured_media":0,"comment_status":"closed","ping_status":"open","sticky":false,"template":"","format":"standard","meta":[],"categories":[4],"tags":[],"_links":{"self":[{"href":"https:\/\/gazdasagportal.hu\/index.php\/wp-json\/wp\/v2\/posts\/106402"}],"collection":[{"href":"https:\/\/gazdasagportal.hu\/index.php\/wp-json\/wp\/v2\/posts"}],"about":[{"href":"https:\/\/gazdasagportal.hu\/index.php\/wp-json\/wp\/v2\/types\/post"}],"author":[{"embeddable":true,"href":"https:\/\/gazdasagportal.hu\/index.php\/wp-json\/wp\/v2\/users\/1"}],"replies":[{"embeddable":true,"href":"https:\/\/gazdasagportal.hu\/index.php\/wp-json\/wp\/v2\/comments?post=106402"}],"version-history":[{"count":1,"href":"https:\/\/gazdasagportal.hu\/index.php\/wp-json\/wp\/v2\/posts\/106402\/revisions"}],"predecessor-version":[{"id":106403,"href":"https:\/\/gazdasagportal.hu\/index.php\/wp-json\/wp\/v2\/posts\/106402\/revisions\/106403"}],"wp:attachment":[{"href":"https:\/\/gazdasagportal.hu\/index.php\/wp-json\/wp\/v2\/media?parent=106402"}],"wp:term":[{"taxonomy":"category","embeddable":true,"href":"https:\/\/gazdasagportal.hu\/index.php\/wp-json\/wp\/v2\/categories?post=106402"},{"taxonomy":"post_tag","embeddable":true,"href":"https:\/\/gazdasagportal.hu\/index.php\/wp-json\/wp\/v2\/tags?post=106402"}],"curies":[{"name":"wp","href":"https:\/\/api.w.org\/{rel}","templated":true}]}}