{"id":106400,"date":"2018-06-22T07:33:14","date_gmt":"2018-06-22T05:33:14","guid":{"rendered":"http:\/\/gazdasagportal.hu\/?p=106400"},"modified":"2018-06-21T22:34:04","modified_gmt":"2018-06-21T20:34:04","slug":"kormanyszovivo-a-v4-ek-valodi-europai-szolidaritast-mutatva-leptek-fel-az-elmult-evekben","status":"publish","type":"post","link":"https:\/\/gazdasagportal.hu\/index.php\/kormanyszovivo-a-v4-ek-valodi-europai-szolidaritast-mutatva-leptek-fel-az-elmult-evekben\/","title":{"rendered":"Korm\u00e1nysz\u00f3viv\u0151: a V4-ek val\u00f3di eur\u00f3pai szolidarit\u00e1st mutatva l\u00e9ptek fel az elm\u00falt \u00e9vekben"},"content":{"rendered":"<p><strong>A visegr\u00e1di n\u00e9gyek (V4) val\u00f3di eur\u00f3pai szolidarit\u00e1st felmutatva l\u00e9ptek fel az elm\u00falt h\u00e1rom \u00e9vben az illeg\u00e1lis migr\u00e1ci\u00f3 ellen &#8211; hangs\u00falyozta Kov\u00e1cs Zolt\u00e1n korm\u00e1nysz\u00f3viv\u0151 az M1 aktu\u00e1lis csatorn\u00e1n cs\u00fct\u00f6rt\u00f6k\u00f6n.<\/strong><!--more--><\/p>\n<div class=\"ads-in-post1\"><div id=\"gazdasagportal.hu_fullbanner_wideboard\"><\/div>\r\n<\/div>\n<p>    A korm\u00e1nysz\u00f3viv\u0151 a visegr\u00e1di egy\u00fcttm\u0171k\u00f6d\u00e9s (Csehorsz\u00e1g, Szlov\u00e1kia, Magyarorsz\u00e1g \u00e9s Lengyelorsz\u00e1g), valamint Ausztria korm\u00e1nyf\u0151inek cs\u00fct\u00f6rt\u00f6ki budapesti tan\u00e1cskoz\u00e1s\u00e1t \u00e9rt\u00e9kelve azt mondta: a V4-ek k\u00f6z\u00f6tt teljes az \u00f6sszhang, a t\u00f6bbi k\u00f6zt abban is, hogy azt, ami az Eur\u00f3pai Uni\u00f3 hat\u00e1rain t\u00f6rt\u00e9nik, meg kell \u00e1ll\u00edtani.<br \/>\n    Kov\u00e1cs Zolt\u00e1n a szerd\u00e1n az Orsz\u00e1ggy\u0171l\u00e9s \u00e1ltal elfogadott jogszab\u00e1ly-m\u00f3dos\u00edt\u00e1sokkal kapcsolatban azt mondta: az ut\u00e1n a felhatalmaz\u00e1s ut\u00e1n, amelyet legut\u00f3bb a parlamenti v\u00e1laszt\u00e1son kapott a korm\u00e1ny, neh\u00e9z azt mondani, hogy ne a magyar emberek \u00e9rdek\u00e9t \u00e9s akarat\u00e1t k\u00e9pviseln\u00e9k mind az alapt\u00f6rv\u00e9ny-m\u00f3dos\u00edt\u00e1ssal, mind a &#8222;Stop Soros&#8221; t\u00f6rv\u00e9nycsomaggal.<br \/>\n<div class=\"ads-in-post2\"><script async src=\"https:\/\/pagead2.googlesyndication.com\/pagead\/js\/adsbygoogle.js\"><\/script>\r\n<ins class=\"adsbygoogle\"\r\n     style=\"display:block\"\r\n     data-ad-format=\"fluid\"\r\n     data-ad-layout-key=\"-6t+ed+2i-1n-4w\"\r\n     data-ad-client=\"ca-pub-1959107119989764\"\r\n     data-ad-slot=\"4008251320\"><\/ins>\r\n<script>\r\n     (adsbygoogle = window.adsbygoogle || []).push({});\r\n<\/script><\/div>\n    A korm\u00e1nysz\u00f3viv\u0151 kiemelte: a magyar korm\u00e1ny az elm\u00falt \u00e9vekben &#8211; a migr\u00e1ci\u00f3s v\u00e1ls\u00e1gt\u00f3l f\u00fcggetlen\u00fcl is &#8211; olyan int\u00e9zked\u00e9seket hozott, amelyek a v\u00e1ltoz\u00f3 vil\u00e1gra, k\u00f6r\u00fclm\u00e9nyekre reag\u00e1lnak, a &#8222;val\u00f3s\u00e1ghoz igazodnak&#8221;, kezelik az orsz\u00e1got \u00e9rint\u0151 helyzetet. Megl\u00e1t\u00e1sa szerint az elm\u00falt h\u00e1rom \u00e9v int\u00e9zked\u00e9seir\u0151l is egyt\u0151l egyig bebizonyosodott, hogy j\u00f3 ir\u00e1nyba tett \u00e9s sz\u00fcks\u00e9ges l\u00e9p\u00e9sek voltak.<br \/>\n    Kit\u00e9rt arra is, hogy a b\u00fcntet\u0151 t\u00f6rv\u00e9nyk\u00f6nyvben bez\u00e1rt\u00e1k a jogi kiskapukat az illeg\u00e1lis migr\u00e1ci\u00f3 szervez\u0151i el\u0151tt. Azzal is foglalkozni kell azonban &#8211; tette hozz\u00e1 -, hogy nemcsak illeg\u00e1lisan, hanem leg\u00e1lisan is \u00f6szt\u00f6nzik a bev\u00e1ndorl\u00e1st k\u00fcl\u00f6nb\u00f6z\u0151 szervezetek.<br \/>\n    Megjegyezte, hogy a magyar korm\u00e1ny t\u00f6bb mint egymilli\u00e1rd eur\u00f3t k\u00f6lt\u00f6tt a hat\u00e1rok v\u00e9delm\u00e9re. A korm\u00e1nysz\u00f3viv\u0151 hangs\u00falyozta: m\u00e1r emiatt is indokolt, hogy az olyan szervezetekre, amelyek tev\u0151legesen t\u00e1mogatj\u00e1k a migr\u00e1ci\u00f3t, ad\u00f3t vessenek ki.(MTI)<\/p>\n","protected":false},"excerpt":{"rendered":"<p>A visegr\u00e1di n\u00e9gyek (V4) val\u00f3di eur\u00f3pai szolidarit\u00e1st felmutatva l\u00e9ptek fel az elm\u00falt h\u00e1rom \u00e9vben az illeg\u00e1lis migr\u00e1ci\u00f3 ellen &#8211; hangs\u00falyozta Kov\u00e1cs Zolt\u00e1n korm\u00e1nysz\u00f3viv\u0151 az M1 aktu\u00e1lis csatorn\u00e1n cs\u00fct\u00f6rt\u00f6k\u00f6n.<\/p>\n","protected":false},"author":1,"featured_media":0,"comment_status":"closed","ping_status":"open","sticky":false,"template":"","format":"standard","meta":[],"categories":[4],"tags":[],"_links":{"self":[{"href":"https:\/\/gazdasagportal.hu\/index.php\/wp-json\/wp\/v2\/posts\/106400"}],"collection":[{"href":"https:\/\/gazdasagportal.hu\/index.php\/wp-json\/wp\/v2\/posts"}],"about":[{"href":"https:\/\/gazdasagportal.hu\/index.php\/wp-json\/wp\/v2\/types\/post"}],"author":[{"embeddable":true,"href":"https:\/\/gazdasagportal.hu\/index.php\/wp-json\/wp\/v2\/users\/1"}],"replies":[{"embeddable":true,"href":"https:\/\/gazdasagportal.hu\/index.php\/wp-json\/wp\/v2\/comments?post=106400"}],"version-history":[{"count":1,"href":"https:\/\/gazdasagportal.hu\/index.php\/wp-json\/wp\/v2\/posts\/106400\/revisions"}],"predecessor-version":[{"id":106401,"href":"https:\/\/gazdasagportal.hu\/index.php\/wp-json\/wp\/v2\/posts\/106400\/revisions\/106401"}],"wp:attachment":[{"href":"https:\/\/gazdasagportal.hu\/index.php\/wp-json\/wp\/v2\/media?parent=106400"}],"wp:term":[{"taxonomy":"category","embeddable":true,"href":"https:\/\/gazdasagportal.hu\/index.php\/wp-json\/wp\/v2\/categories?post=106400"},{"taxonomy":"post_tag","embeddable":true,"href":"https:\/\/gazdasagportal.hu\/index.php\/wp-json\/wp\/v2\/tags?post=106400"}],"curies":[{"name":"wp","href":"https:\/\/api.w.org\/{rel}","templated":true}]}}