{"id":106387,"date":"2018-06-21T15:42:26","date_gmt":"2018-06-21T13:42:26","guid":{"rendered":"http:\/\/gazdasagportal.hu\/?p=106387"},"modified":"2018-06-21T15:42:26","modified_gmt":"2018-06-21T13:42:26","slug":"ib-a-legtobb-amerikai-etf-letiltva","status":"publish","type":"post","link":"https:\/\/gazdasagportal.hu\/index.php\/ib-a-legtobb-amerikai-etf-letiltva\/","title":{"rendered":"IB &#8211; a legt\u00f6bb amerikai ETF letiltva"},"content":{"rendered":"<p><strong>2018.06.15-\u00e9n l\u00e9pett \u00e9letbe az EU-s PRIIPs rendelet az IB-n\u00e9l, ami sajnos azt jelenti, hogy az eur\u00f3pai \u00fcgyfelek r\u00e9sz\u00e9re blokkolt\u00e1k a legt\u00f6bb amerikai ETF keresked\u00e9s\u00e9t. Ez nagyon rossz h\u00edr :(.<\/strong><!--more--><\/p>\n<div class=\"ads-in-post1\"><div id=\"gazdasagportal.hu_fullbanner_wideboard\"><\/div>\r\n<\/div>\n<h4>Mi ez a PRIIP?<\/h4>\n<p>A rendelet nem \u00faj kelet\u0171, ugyanis m\u00e1r 2018.01.01-t\u0151l alkalmazand\u00f3 volt. \u00cdgy nem teljesen \u00e9rtem, mi\u00e9rt \u00e9ppen m\u00falt p\u00e9nteken l\u00e9pett \u00e9letbe az IB-n\u00e9l, de ez mindegy is.\u00a0<a href=\"https:\/\/gmtlegal.hu\/hir\/PRIIPs-uj-szabalyozastechnikai-standard-RTS-tervezetek.php\" target=\"_blank\" rel=\"noopener noreferrer\">A rendeletr\u0151l b\u0151vebben itt olvashatsz.\u00a0<\/a><\/p>\n<p>Ami sz\u00e1munkra l\u00e9nyeges, hogy azon amerikai ETF-ek, amelyek nem rendelkeznek KID dokumentummal, nem kereskedhet\u0151k az EU \u00fcgyfelek r\u00e9sz\u00e9r\u0151l. Egy \u00fajabb csod\u00e1latos EU szab\u00e1lyoz\u00e1s&#8230;<\/p><div id=\"gazda-57733454\" class=\"gazda-tartalomban gazda-entity-placement\"><script async src=\"https:\/\/pagead2.googlesyndication.com\/pagead\/js\/adsbygoogle.js\"><\/script>\r\n<ins class=\"adsbygoogle\"\r\n     style=\"display:block\"\r\n     data-ad-format=\"fluid\"\r\n     data-ad-layout-key=\"-6t+ed+2i-1n-4w\"\r\n     data-ad-client=\"ca-pub-1959107119989764\"\r\n     data-ad-slot=\"4008251320\"><\/ins>\r\n<script>\r\n     (adsbygoogle = window.adsbygoogle || []).push({});\r\n<\/script><\/div>\n<div class=\"ads-in-post2\"><script async src=\"https:\/\/pagead2.googlesyndication.com\/pagead\/js\/adsbygoogle.js\"><\/script>\r\n<ins class=\"adsbygoogle\"\r\n     style=\"display:block\"\r\n     data-ad-format=\"fluid\"\r\n     data-ad-layout-key=\"-6t+ed+2i-1n-4w\"\r\n     data-ad-client=\"ca-pub-1959107119989764\"\r\n     data-ad-slot=\"4008251320\"><\/ins>\r\n<script>\r\n     (adsbygoogle = window.adsbygoogle || []).push({});\r\n<\/script><\/div>\nTegnap akartam ism\u00e9t VTI-t v\u00e1s\u00e1rolni a passz\u00edv befektet\u00e9si portf\u00f3li\u00f3imba \u00e9s ez az \u00fczenet fogadott mind a c\u00e9ges, mind a priv\u00e1t sz\u00e1ml\u00e1mon:<\/p>\n<p><a href=\"https:\/\/www.opcioguru.com\/images\/cikkek\/priip.png\" target=\"_blank\" rel=\"noopener noreferrer\"><img decoding=\"async\" src=\"https:\/\/www.opcioguru.com\/images\/cikkek\/priip.png\" width=\"100%\" \/><\/a><\/p>\n<p>Na most a sz\u00e9p a dologban, hogy a link, amire hivatkoznak, nem oldja meg a probl\u00e9m\u00e1t.\u00a0<strong><a href=\"https:\/\/kb.clientam.com\/node\/2993\" target=\"_blank\" rel=\"noopener noreferrer\">Itt t\u00e1j\u00e9koztat arr\u00f3l<\/a><\/strong>, hogy mi a teend\u0151, de sajnos egyik nagy US ETF eset\u00e9n sem m\u0171k\u00f6d\u00f6tt a le\u00edrt megk\u00f6zel\u00edt\u00e9s, \u00edgy venni nem tudok csak eladni. Ami viszont meglep\u0151, hogy ezen ETF-ek opci\u00f3j\u00e1t nem \u00e9rinti a korl\u00e1toz\u00e1s. Azaz\u00a0<strong>ETF<\/strong>\u00a0<strong>alapterm\u00e9ket nem tudok venni, de az opci\u00f3it igen<\/strong>. No comment&#8230;<\/p>\n<h4>Mi a helyzet a c\u00e9ges sz\u00e1ml\u00e1kkal?<\/h4>\n<p>Sajnos ez nem csak a retail \u00fcgyfeleket \u00e9rinti, hanem a kisebb c\u00e9ges \u00fcgyfeleket is. Mivel nekem van c\u00e9ges IB sz\u00e1ml\u00e1m, r\u00e1k\u00e9rdeztem a chat-en, mi\u00e9rt nem tudok ETF-eket kereskedni \u00e9s kider\u00fclt, hogy \u00e1t kell min\u0151s\u00edttetnem magam professional \u00fcgyf\u00e9lnek \u00e9s akkor ism\u00e9t tudok ezekbe fektetni. Ha \u00e9ppen ebben a cip\u0151ben j\u00e1rsz, akkor\u00a0<strong><a href=\"https:\/\/www.opcioguru.com\/images\/cikkek\/Interactive%20Brokers%20(U.K.)%20Limited%20MIFID%20Professional%20Client%20Notification%20and%20Order%20Execution%20Policy%20Consent.pdf\" target=\"_blank\" rel=\"noopener noreferrer\">innen tudod let\u00f6lteni azt a dokumentumot<\/a><\/strong>, amit az IB koll\u00e9g\u00e1ja k\u00fcld\u00f6tt nekem. Miel\u0151tt kit\u00f6lten\u00e9d \u00e9s al\u00e1\u00edrn\u00e1d, az\u00e9rt t\u00e1j\u00e9koz\u00f3dj, hogy az \u00e1tsorol\u00e1s milyen egy\u00e9b k\u00f6vetkezm\u00e9nyeket von maga ut\u00e1n.<\/p>\n<h4>Mi \u00e1ll a dolog m\u00f6g\u00f6tt?<\/h4>\n<p>Az alap elk\u00e9pzel\u00e9s az volt, hogy m\u00e9g jobban megv\u00e9dj\u00e9k az EU \u00fcgyfeleket \u00e9s kik\u00e9nyszer\u00edts\u00e9k a megfelel\u0151 t\u00e1j\u00e9koztat\u00e1st, amivel nincs is probl\u00e9ma. Ett\u0151l f\u00fcggetlen\u00fcl nem nagyon \u00e9rzem magam most megv\u00e9dve&#8230;<\/p>\n<p>De az is lehet, hogy ezzel akart\u00e1k el\u00e9rni, hogy a kev\u00e9sb\u00e9 n\u00e9pszer\u0171 EU ETF-ekbe \u00e1ramoljon az EU retail t\u0151ke. Ki tudja.<\/p>\n<h4>Mi v\u00e1rhat\u00f3?<\/h4>\n<p>\u0150szint\u00e9n nagyon rem\u00e9lem, hogy egy SPY, VTI, VXX, QQQ, IWM \u00e9s hasonl\u00f3 m\u00e9ret\u0171 alapok l\u00e9pni fognak \u00e9s v\u00e9gre elk\u00e9sz\u00edtik a sz\u00fcks\u00e9ges dokument\u00e1ci\u00f3t (KID) ahhoz, hogy az EU \u00fcgyfelek is tudjanak ezen term\u00e9kekbe fektetni. Nem is \u00e9rtem, hogy m\u00e9g ez mi\u00e9rt nem t\u00f6rt\u00e9nt meg. Lehet, hogy mindenki a GDPR-al volt elfoglalva:)<\/p>\n<h4>B terv<\/h4>\n<p>Ha m\u00e9gsem t\u00f6rt\u00e9nik meg a korl\u00e1toz\u00e1s felold\u00e1sa az IB-n\u00e9l, akkor \u00e9rdemes \u00faj br\u00f3kerc\u00e9g ut\u00e1n n\u00e9zni legal\u00e1bbis azoknak, akik befektetnek a fenti alapterm\u00e9kekbe, vagy alapterm\u00e9k fedezeti \u00fcgyletk\u00e9nt haszn\u00e1lj\u00e1k \u0151ket. Nyilv\u00e1n ha opci\u00f3zol is arra t\u00f6k\u00e9letes az IB, de ha ezt nem oldj\u00e1k meg z\u00e1ros hat\u00e1rid\u0151n bel\u00fcl, akkor \u00e9rdemes elgondolkodni. \u00c9n is elkezdtem megtenni a sz\u00fcks\u00e9ges l\u00e9p\u00e9seket, amir\u0151l majd t\u00e1j\u00e9koztat\u00e1st ha id\u0151szer\u0171 lesz&#8230;<\/p>\n","protected":false},"excerpt":{"rendered":"<p>2018.06.15-\u00e9n l\u00e9pett \u00e9letbe az EU-s PRIIPs rendelet az IB-n\u00e9l, ami sajnos azt jelenti, hogy az eur\u00f3pai \u00fcgyfelek r\u00e9sz\u00e9re blokkolt\u00e1k a legt\u00f6bb amerikai ETF keresked\u00e9s\u00e9t. Ez nagyon rossz h\u00edr :(.<\/p>\n","protected":false},"author":1,"featured_media":0,"comment_status":"closed","ping_status":"open","sticky":false,"template":"","format":"standard","meta":[],"categories":[136,137,134],"tags":[],"_links":{"self":[{"href":"https:\/\/gazdasagportal.hu\/index.php\/wp-json\/wp\/v2\/posts\/106387"}],"collection":[{"href":"https:\/\/gazdasagportal.hu\/index.php\/wp-json\/wp\/v2\/posts"}],"about":[{"href":"https:\/\/gazdasagportal.hu\/index.php\/wp-json\/wp\/v2\/types\/post"}],"author":[{"embeddable":true,"href":"https:\/\/gazdasagportal.hu\/index.php\/wp-json\/wp\/v2\/users\/1"}],"replies":[{"embeddable":true,"href":"https:\/\/gazdasagportal.hu\/index.php\/wp-json\/wp\/v2\/comments?post=106387"}],"version-history":[{"count":1,"href":"https:\/\/gazdasagportal.hu\/index.php\/wp-json\/wp\/v2\/posts\/106387\/revisions"}],"predecessor-version":[{"id":106388,"href":"https:\/\/gazdasagportal.hu\/index.php\/wp-json\/wp\/v2\/posts\/106387\/revisions\/106388"}],"wp:attachment":[{"href":"https:\/\/gazdasagportal.hu\/index.php\/wp-json\/wp\/v2\/media?parent=106387"}],"wp:term":[{"taxonomy":"category","embeddable":true,"href":"https:\/\/gazdasagportal.hu\/index.php\/wp-json\/wp\/v2\/categories?post=106387"},{"taxonomy":"post_tag","embeddable":true,"href":"https:\/\/gazdasagportal.hu\/index.php\/wp-json\/wp\/v2\/tags?post=106387"}],"curies":[{"name":"wp","href":"https:\/\/api.w.org\/{rel}","templated":true}]}}