{"id":106378,"date":"2018-06-21T12:03:55","date_gmt":"2018-06-21T10:03:55","guid":{"rendered":"http:\/\/gazdasagportal.hu\/?p=106378"},"modified":"2018-06-21T12:03:55","modified_gmt":"2018-06-21T10:03:55","slug":"varga-mihaly-folytatodo-felzarkozasra-utalnak-a-kereseti-adatok","status":"publish","type":"post","link":"https:\/\/gazdasagportal.hu\/index.php\/varga-mihaly-folytatodo-felzarkozasra-utalnak-a-kereseti-adatok\/","title":{"rendered":"Varga Mih\u00e1ly: folytat\u00f3d\u00f3 felz\u00e1rk\u00f3z\u00e1sra utalnak a kereseti adatok"},"content":{"rendered":"<p><strong>Az els\u0151 4 h\u00f3nap kereseti adatai alapj\u00e1n folytat\u00f3dik a b\u00e9rfelz\u00e1rk\u00f3z\u00e1s \u00e9s cs\u00f6kkennek a j\u00f6vedelmi k\u00fcl\u00f6nbs\u00e9gek &#8211; mondta Varga Mih\u00e1ly p\u00e9nz\u00fcgyminiszter az M1 aktu\u00e1lis csatorna cs\u00fct\u00f6rt\u00f6k reggeli m\u0171sor\u00e1ban a legfrissebb kereseti adatokra reag\u00e1lva. <\/strong><!--more--><\/p>\n<div class=\"ads-in-post1\"><div id=\"gazdasagportal.hu_fullbanner_wideboard\"><\/div>\r\n<\/div>\n<p>    A K\u00f6zponti Statisztikai Hivatal (KSH) cs\u00fct\u00f6rt\u00f6k\u00f6n k\u00f6z\u00f6lte, hogy a keresetek n\u00f6veked\u00e9se a febru\u00e1ri 11,9 sz\u00e1zal\u00e9k \u00e9s a m\u00e1rciusi 11,3 sz\u00e1zal\u00e9k ut\u00e1n \u00e1prilisban 12,6 sz\u00e1zal\u00e9kra gyorsult, a brutt\u00f3 \u00e1tlagkereset 340 600 forint volt az idei negyedik h\u00f3napban.<br \/>\n    A miniszter hangs\u00falyozta, hogy m\u00e9rs\u00e9kl\u0151d\u00f6tt a kereseti k\u00fcl\u00f6nbs\u00e9g az \u00e1gazatok k\u00f6z\u00f6tt \u00e9s az orsz\u00e1gon bel\u00fcli ter\u00fcleti k\u00fcl\u00f6nbs\u00e9gek is cs\u00f6kkentek. A b\u00edztat\u00f3 folyamatok m\u00f6g\u00f6tt a 2016-ban k\u00f6t\u00f6tt b\u00e9rmeg\u00e1llapod\u00e1s \u00e1ll, amely id\u00e9n is biztos\u00edtotta a minim\u00e1lb\u00e9r \u00e9s a garant\u00e1lt b\u00e9rminimum emel\u00e9s\u00e9t &#8211; tette hozz\u00e1. Varga Mih\u00e1ly megjegyezte, hogy ennek k\u00f6sz\u00f6nhet\u0151 a szoci\u00e1lis hozz\u00e1j\u00e1rul\u00e1si ad\u00f3 j\u00f6v\u0151re tervezett 2 sz\u00e1zal\u00e9kpontos m\u00e9rs\u00e9kl\u00e9se is. A k\u00f6zterhek eddigi cs\u00f6kkent\u00e9se &#8211; mint mondta &#8211; csaknem 170 milli\u00e1rd forintot hagyott a munkaad\u00f3kn\u00e1l, n\u00f6velve a beruh\u00e1z\u00e1sokra, a fejleszt\u00e9sekre \u00e9s a b\u00e9rekre ford\u00edthat\u00f3 keretet. Ut\u00f3bbit az\u00e9rt is fontosnak nevezte, mert a fizet\u00e9sek emel\u00e9s\u00e9vel lehet marad\u00e1sra \u00f6szt\u00f6n\u00f6zni a munkav\u00e1llal\u00f3kat.<br \/>\n<div class=\"ads-in-post2\"><script async src=\"https:\/\/pagead2.googlesyndication.com\/pagead\/js\/adsbygoogle.js\"><\/script>\r\n<ins class=\"adsbygoogle\"\r\n     style=\"display:block\"\r\n     data-ad-format=\"fluid\"\r\n     data-ad-layout-key=\"-6t+ed+2i-1n-4w\"\r\n     data-ad-client=\"ca-pub-1959107119989764\"\r\n     data-ad-slot=\"4008251320\"><\/ins>\r\n<script>\r\n     (adsbygoogle = window.adsbygoogle || []).push({});\r\n<\/script><\/div>\n    A forint \u00e1rfolyam\u00e1val kapcsolatban k\u00f6z\u00f6lte, hogy a korm\u00e1ny a piaci helyzethez alkalmazkodik, \u00e1rfolyamc\u00e9lt nem t\u0171z\u00f6tt ki. Varga Mih\u00e1ly arra sz\u00e1m\u00edt, hogy a helyzet megnyugv\u00e1s\u00e1val a forint \u00e1rfolyama visszakorrig\u00e1l. Mindehhez az is hozz\u00e1j\u00e1rul, hogy a piacok \u00e9rt\u00e9kelik a magyar gazdas\u00e1g kiegyens\u00falyozotts\u00e1g\u00e1t \u00e9s azt, hogy m\u00e1s felt\u00f6rekv\u0151 \u00e1llamokt\u00f3l elt\u00e9r\u0151en Magyarorsz\u00e1gon nincs sz\u00fcks\u00e9g v\u00e1ls\u00e1gint\u00e9zked\u00e9sekre &#8211; tette hozz\u00e1.<br \/>\n    A P\u00e9nz\u00fcgyminiszt\u00e9rium cs\u00fct\u00f6rt\u00f6ki k\u00f6zlem\u00e9nye kiemeli, hogy 64 h\u00f3napja tart a re\u00e1lkeresetek emelked\u00e9se Magyarorsz\u00e1gon, az ad\u00f3cs\u00f6kkent\u00e9sek pedig t\u00f6bb sz\u00e1z milli\u00e1rd forinttal m\u00e9rs\u00e9klik a v\u00e1llalkoz\u00e1sok terheit 2022-ig. A t\u00e1rca v\u00e1rakoz\u00e1sa szerint a b\u00e9remelked\u00e9s eg\u00e9sz \u00e9vben kitart \u00e9s tov\u00e1bbra is k\u00e9tsz\u00e1mjegy\u0171 keresetemelked\u00e9sre lehet sz\u00e1m\u00edtani.<br \/>\n(MTI)<\/p>\n","protected":false},"excerpt":{"rendered":"<p>Az els\u0151 4 h\u00f3nap kereseti adatai alapj\u00e1n folytat\u00f3dik a b\u00e9rfelz\u00e1rk\u00f3z\u00e1s \u00e9s cs\u00f6kkennek a j\u00f6vedelmi k\u00fcl\u00f6nbs\u00e9gek &#8211; mondta Varga Mih\u00e1ly p\u00e9nz\u00fcgyminiszter az M1 aktu\u00e1lis csatorna cs\u00fct\u00f6rt\u00f6k reggeli m\u0171sor\u00e1ban a legfrissebb kereseti adatokra reag\u00e1lva.<\/p>\n","protected":false},"author":1,"featured_media":0,"comment_status":"closed","ping_status":"open","sticky":false,"template":"","format":"standard","meta":[],"categories":[4,19],"tags":[],"_links":{"self":[{"href":"https:\/\/gazdasagportal.hu\/index.php\/wp-json\/wp\/v2\/posts\/106378"}],"collection":[{"href":"https:\/\/gazdasagportal.hu\/index.php\/wp-json\/wp\/v2\/posts"}],"about":[{"href":"https:\/\/gazdasagportal.hu\/index.php\/wp-json\/wp\/v2\/types\/post"}],"author":[{"embeddable":true,"href":"https:\/\/gazdasagportal.hu\/index.php\/wp-json\/wp\/v2\/users\/1"}],"replies":[{"embeddable":true,"href":"https:\/\/gazdasagportal.hu\/index.php\/wp-json\/wp\/v2\/comments?post=106378"}],"version-history":[{"count":1,"href":"https:\/\/gazdasagportal.hu\/index.php\/wp-json\/wp\/v2\/posts\/106378\/revisions"}],"predecessor-version":[{"id":106379,"href":"https:\/\/gazdasagportal.hu\/index.php\/wp-json\/wp\/v2\/posts\/106378\/revisions\/106379"}],"wp:attachment":[{"href":"https:\/\/gazdasagportal.hu\/index.php\/wp-json\/wp\/v2\/media?parent=106378"}],"wp:term":[{"taxonomy":"category","embeddable":true,"href":"https:\/\/gazdasagportal.hu\/index.php\/wp-json\/wp\/v2\/categories?post=106378"},{"taxonomy":"post_tag","embeddable":true,"href":"https:\/\/gazdasagportal.hu\/index.php\/wp-json\/wp\/v2\/tags?post=106378"}],"curies":[{"name":"wp","href":"https:\/\/api.w.org\/{rel}","templated":true}]}}