{"id":106376,"date":"2018-06-21T10:57:41","date_gmt":"2018-06-21T08:57:41","guid":{"rendered":"http:\/\/gazdasagportal.hu\/?p=106376"},"modified":"2018-06-21T10:57:41","modified_gmt":"2018-06-21T08:57:41","slug":"mar-most-csucsok-doltek-meg-az-asvanyvizfogyasztasban","status":"publish","type":"post","link":"https:\/\/gazdasagportal.hu\/index.php\/mar-most-csucsok-doltek-meg-az-asvanyvizfogyasztasban\/","title":{"rendered":"M\u00e1r most cs\u00facsok d\u0151ltek meg az \u00e1sv\u00e1nyv\u00edzfogyaszt\u00e1sban"},"content":{"rendered":"<p><strong>A Nielsen<\/strong><strong>\u00a0piackutat\u00f3 felm\u00e9r\u00e9se*<\/strong><strong>\u00a0szerint a teljes magyar \u00e1sv\u00e1nyv\u00edzpiac 2018 els\u0151 n\u00e9gy h\u00f3napj\u00e1ban literben 5 sz\u00e1zal\u00e9kkal, darabsz\u00e1mot tekintve pedig 6,6 sz\u00e1zal\u00e9kkal n\u0151tt az el\u0151z\u0151 \u00e9v azonos id\u0151szak\u00e1hoz k\u00e9pest. A Magyarv\u00edz Kft. z\u00e1szl\u00f3shaj\u00f3j\u00e1nak sz\u00e1m\u00edt\u00f3 Mizse \u00e1sv\u00e1nyv\u00edz a literben sz\u00e1molt \u00e9rt\u00e9kes\u00edt\u00e9s tekintet\u00e9ben a piaci emelked\u00e9s t\u00f6bbsz\u00f6r\u00f6s\u00e9t produk\u00e1lta azzal, hogy 2,7 milli\u00f3 literrel fogyott t\u00f6bb, mint tavaly ebben az id\u0151szakban, ez 9,2 sz\u00e1zal\u00e9kos n\u00f6veked\u00e9st jelent. Az eladott palackjainak sz\u00e1ma szint\u00e9n meghaladta az \u00e1tlagot, \u00edgy sz\u00e1molva 8,1 sz\u00e1zal\u00e9kos volt a n\u00f6veked\u00e9s, ezzel a Mizse tov\u00e1bbra is dobog\u00f3s a Magyarorsz\u00e1gon forgalmazott \u00e1sv\u00e1nyv\u00edzm\u00e1rk\u00e1k verseny\u00e9ben. Ez a tendencia tov\u00e1bb er\u0151s\u00f6d\u00f6tt, hiszen a lajosmizsei c\u00e9g id\u00e9n m\u00e1jusban v\u00e1rhat\u00f3an 50 sz\u00e1zal\u00e9kkal t\u00f6bb vizet ad el, mint tavaly ilyenkor, ami egyr\u00e9szt a meleg id\u0151nek, m\u00e1sr\u00e9szt az \u00e1gazatban fell\u00e9p\u0151 \u00e1tmeneti v\u00edzhi\u00e1nynak k\u00f6sz\u00f6nhet\u0151.<\/strong><!--more--><\/p>\n<div class=\"ads-in-post1\"><div id=\"gazdasagportal.hu_fullbanner_wideboard\"><\/div>\r\n<\/div>\n<p><em>\u201eA vil\u00e1gpiaci trendek kedvez\u0151tlen\u00fcl hatnak az \u00e1sv\u00e1nyv\u00edz \u00e1gazatra, ennek egyik oka az egyre emelked\u0151 k\u0151olaj\u00e1r, ami a csomagol\u00f3anyag, azaz PET palackok \u00e1r\u00e1t \u00e9s a sz\u00e1ll\u00edt\u00e1si k\u00f6lts\u00e9geket egyar\u00e1nt n\u00f6veli. Eddig egy \u00e1tlagos palackhoz sz\u00fcks\u00e9ges PET 1.000 eur\u00f3\/tonna volt, ez jelenleg 1.360 eur\u00f3 tonn\u00e1nk\u00e9nt, ami az\u00e9rt k\u00fcl\u00f6n\u00f6sen fontos t\u00e9nyez\u0151, mert az \u00e1sv\u00e1nyvizek \u00e1r\u00e1t legink\u00e1bb a csomagol\u00f3anyag befoly\u00e1solja. A m\u00e1sik ok az eur\u00f3 er\u0151s\u00f6d\u00e9se a forinttal szemben, ez pedig egy\u00e9bk\u00e9nt is emeli a k\u00fclf\u00f6ldr\u0151l sz\u00e1rmaz\u00f3 alapanyagok \u00e1r\u00e1t, \u00edgy drasztikus \u00f6nk\u00f6lts\u00e9g emelked\u00e9st hozhatnak, amire az \u00e1gazatnak el\u0151bb-ut\u00f3bb reag\u00e1lnia kell. Minezeket m\u00e9g tov\u00e1bb bonyol\u00edtja, hogy a boltok, illetve a v\u00e1s\u00e1rl\u00f3k \u00e1sv\u00e1nyv\u00edz ig\u00e9nye jelenleg magasabb, mint a hazai gy\u00e1rt\u00f3k kapacit\u00e1sa\u201d<\/em>\u00a0\u2013 mondta el v\u00e9lem\u00e9ny\u00e9t Balog Zolt\u00e1n, a Magyarv\u00edz Kft. kereskedelmi igazgat\u00f3ja.<\/p>\n<div class=\"ads-in-post2\"><script async src=\"https:\/\/pagead2.googlesyndication.com\/pagead\/js\/adsbygoogle.js\"><\/script>\r\n<ins class=\"adsbygoogle\"\r\n     style=\"display:block\"\r\n     data-ad-format=\"fluid\"\r\n     data-ad-layout-key=\"-6t+ed+2i-1n-4w\"\r\n     data-ad-client=\"ca-pub-1959107119989764\"\r\n     data-ad-slot=\"4008251320\"><\/ins>\r\n<script>\r\n     (adsbygoogle = window.adsbygoogle || []).push({});\r\n<\/script><\/div>\n2018. \u00e1prilis v\u00e9g\u00e9ig az \u00f6sszesen \u00e9rt\u00e9kes\u00edtett \u00e1sv\u00e1nyv\u00edz Magyarorsz\u00e1gon\u00a0<strong>332 milli\u00f3 liter\u00a0<\/strong>volt, ami\u00a0<strong>222 milli\u00f3 palackot jelent<\/strong>. A Nielsen piackutat\u00f3 szerint a hazai piacon \u00e1prilis v\u00e9g\u00e9ig 208,5 milli\u00e1rd forint \u00e9rt\u00e9kben adtak el a gy\u00e1rt\u00f3k \u00e1sv\u00e1nyvizet \u2013 tavaly az els\u0151 4 h\u00f3napban ez csak 187,7 milli\u00e1rd forint volt \u2013, \u00e9s az \u00e9rt\u00e9kbeli n\u00f6veked\u00e9s nagyobb volt, mint a literben vagy darabban sz\u00e1m\u00edtott.<\/p>\n<p align=\"center\">\n<p>A\u00a0<strong>Magyarv\u00edz Kft.<\/strong>\u00a02000-ben alakult, az \u00e1sv\u00e1nyv\u00edz kitermel\u00e9se \u00e9s forgalmaz\u00e1sa 2002-ben kezd\u0151d\u00f6tt Lajosmizs\u00e9n. A c\u00e9g kezdetben d\u00f6nt\u0151en saj\u00e1tm\u00e1rk\u00e1s term\u00e9keket \u00e1ll\u00edtott el\u0151 \u00e9s forgalmazott, m\u00e1ra a Primavera mellett k\u00e9t m\u00e1sik m\u00e1rk\u00e1t is fel\u00e9p\u00edtett \u00e9s sikeresen forgalmaz: a Mizse (sz\u00e9nsavas, mentes, enyhe, \u00edzes\u00edtett vari\u00e1ci\u00f3k) \u00e9s a Zaf\u00edr \u00e1sv\u00e1nyvizeket. A folyamatos fejleszt\u00e9sek \u00e9s b\u0151v\u00edt\u00e9sek eredm\u00e9nyek\u00e9nt sz\u00e1mos szakmai \u00e9s fogyaszt\u00f3i elismer\u00e9sben r\u00e9szes\u00fcltek, mint p\u00e9ld\u00e1ul a Mizs\u00e9vel a fogyaszt\u00f3k szavazatai alapj\u00e1n elnyert 2012-es \u00e9s 2013-as \u00c9v term\u00e9ke d\u00edj. A v\u00e1llalat kiemelt figyelmet ford\u00edt az eg\u00e9szs\u00e9g meg\u0151rz\u00e9se \u00e9s a sportol\u00e1s k\u00f6r\u00e9 szervez\u0151d\u0151 megmozdul\u00e1sokra, ez\u00e9rt term\u00e9szetes \u00e1sv\u00e1nyvizeivel folyamatosan t\u00e1mogat orsz\u00e1gos \u00e9s region\u00e1lis (pl. fut\u00f3, triatlon) rendezv\u00e9nyeket, kos\u00e1rlabda \u00e9s ker\u00e9kp\u00e1ros szervezeteket, valamint k\u00f3rh\u00e1zakat \u00e9s eg\u00e9szs\u00e9g\u00fcgyi int\u00e9zm\u00e9nyeket. A t\u00e1rsas\u00e1g 2017-es \u00e1rbev\u00e9tele nett\u00f3 7,3 milli\u00e1rd forint volt, ami 335 milli\u00f3 liter \u2013 219,3 milli\u00f3 palack \u2013 \u00e1sv\u00e1nyvizet jelent (saj\u00e1t adatok).<\/p>\n","protected":false},"excerpt":{"rendered":"<p>A Nielsen\u00a0piackutat\u00f3 felm\u00e9r\u00e9se*\u00a0szerint a teljes magyar \u00e1sv\u00e1nyv\u00edzpiac 2018 els\u0151 n\u00e9gy h\u00f3napj\u00e1ban literben 5 sz\u00e1zal\u00e9kkal, darabsz\u00e1mot tekintve pedig 6,6 sz\u00e1zal\u00e9kkal n\u0151tt az el\u0151z\u0151 \u00e9v azonos id\u0151szak\u00e1hoz k\u00e9pest. A Magyarv\u00edz Kft. z\u00e1szl\u00f3shaj\u00f3j\u00e1nak sz\u00e1m\u00edt\u00f3 Mizse \u00e1sv\u00e1nyv\u00edz a literben sz\u00e1molt \u00e9rt\u00e9kes\u00edt\u00e9s tekintet\u00e9ben a piaci emelked\u00e9s t\u00f6bbsz\u00f6r\u00f6s\u00e9t produk\u00e1lta azzal, hogy 2,7 milli\u00f3 literrel fogyott t\u00f6bb, mint tavaly ebben az id\u0151szakban, &#8230;<\/p>\n","protected":false},"author":1,"featured_media":0,"comment_status":"closed","ping_status":"open","sticky":false,"template":"","format":"standard","meta":[],"categories":[4],"tags":[],"_links":{"self":[{"href":"https:\/\/gazdasagportal.hu\/index.php\/wp-json\/wp\/v2\/posts\/106376"}],"collection":[{"href":"https:\/\/gazdasagportal.hu\/index.php\/wp-json\/wp\/v2\/posts"}],"about":[{"href":"https:\/\/gazdasagportal.hu\/index.php\/wp-json\/wp\/v2\/types\/post"}],"author":[{"embeddable":true,"href":"https:\/\/gazdasagportal.hu\/index.php\/wp-json\/wp\/v2\/users\/1"}],"replies":[{"embeddable":true,"href":"https:\/\/gazdasagportal.hu\/index.php\/wp-json\/wp\/v2\/comments?post=106376"}],"version-history":[{"count":1,"href":"https:\/\/gazdasagportal.hu\/index.php\/wp-json\/wp\/v2\/posts\/106376\/revisions"}],"predecessor-version":[{"id":106377,"href":"https:\/\/gazdasagportal.hu\/index.php\/wp-json\/wp\/v2\/posts\/106376\/revisions\/106377"}],"wp:attachment":[{"href":"https:\/\/gazdasagportal.hu\/index.php\/wp-json\/wp\/v2\/media?parent=106376"}],"wp:term":[{"taxonomy":"category","embeddable":true,"href":"https:\/\/gazdasagportal.hu\/index.php\/wp-json\/wp\/v2\/categories?post=106376"},{"taxonomy":"post_tag","embeddable":true,"href":"https:\/\/gazdasagportal.hu\/index.php\/wp-json\/wp\/v2\/tags?post=106376"}],"curies":[{"name":"wp","href":"https:\/\/api.w.org\/{rel}","templated":true}]}}