{"id":106374,"date":"2018-06-21T10:27:43","date_gmt":"2018-06-21T08:27:43","guid":{"rendered":"http:\/\/gazdasagportal.hu\/?p=106374"},"modified":"2018-06-21T10:27:43","modified_gmt":"2018-06-21T08:27:43","slug":"a-cig-pannonia-megszunteti-lakossagi-cascoportfoliojat","status":"publish","type":"post","link":"https:\/\/gazdasagportal.hu\/index.php\/a-cig-pannonia-megszunteti-lakossagi-cascoportfoliojat\/","title":{"rendered":"A CIG Pannonia megsz\u00fcnteti lakoss\u00e1gi cascoportf\u00f3li\u00f3j\u00e1t"},"content":{"rendered":"<p><strong>A j\u00f6vedelmez\u0151s\u00e9g tov\u00e1bbi jav\u00edt\u00e1sa \u00e9rdek\u00e9ben, valamint a cascopiacon tapasztalhat\u00f3 ki\u00e9lezett verseny miatt d\u00f6nt\u00f6tt \u00fagy a CIG Pann\u00f3nia, hogy a 750 milli\u00f3 forintot k\u00e9pvisel\u0151, lakoss\u00e1gi casco-\u00fcgyf\u00e9l\u00e1llom\u00e1ny szerz\u0151d\u00e9seit \u00fctemezett felmond\u00e1ssal megsz\u00fcnteti, a d\u00f6nt\u00e9s 14 ezer \u00fcgyfelet \u00e9rint &#8211; k\u00f6z\u00f6lte a t\u00e1rsas\u00e1g cs\u00fct\u00f6rt\u00f6k\u00f6n az MTI-vel.<\/strong><!--more--><\/p>\n<div class=\"ads-in-post1\"><div id=\"gazdasagportal.hu_fullbanner_wideboard\"><\/div>\r\n<\/div>\n<p>    A k\u00f6zlem\u00e9ny szerint az \u00fctemezett felmond\u00e1s l\u00e9nyege, hogy a cascoszerz\u0151d\u00e9sek \u00e9vfordul\u00f3ig \u00e9rv\u00e9nyben maradnak, a felmond\u00e1sok ezt k\u00f6vet\u0151en l\u00e9pnek \u00e9rv\u00e9nybe. A szerz\u0151d\u00e9sek felmond\u00e1sa id\u00e9n augusztusban indul, az \u00fcgyfelek t\u00e1j\u00e9koztat\u00e1s\u00e1t a CIG Pann\u00f3nia hamarosan megkezdi. Ugyanakkor megjegyezt\u00e9k, hogy azoknak, akik \u00e9vfordul\u00f3 el\u0151tt szeretn\u00e9nek biztos\u00edt\u00f3t v\u00e1ltani, erre k\u00f6z\u00f6s megegyez\u00e9ssel is lehet\u0151s\u00e9g\u00fck van.<br \/>\n<div class=\"ads-in-post2\"><script async src=\"https:\/\/pagead2.googlesyndication.com\/pagead\/js\/adsbygoogle.js\"><\/script>\r\n<ins class=\"adsbygoogle\"\r\n     style=\"display:block\"\r\n     data-ad-format=\"fluid\"\r\n     data-ad-layout-key=\"-6t+ed+2i-1n-4w\"\r\n     data-ad-client=\"ca-pub-1959107119989764\"\r\n     data-ad-slot=\"4008251320\"><\/ins>\r\n<script>\r\n     (adsbygoogle = window.adsbygoogle || []).push({});\r\n<\/script><\/div>\n    Felid\u00e9zt\u00e9k, hogy a CIG Pann\u00f3nia Els\u0151 Magyar \u00c1ltal\u00e1nos Biztos\u00edt\u00f3 Zrt. 2016. \u00e9v v\u00e9g\u00e9n v\u00e1s\u00e1rolta fel a bajor VKB magyarorsz\u00e1gi vagyonbiztos\u00edt\u00f3j\u00e1t, \u00edgy a k\u00f6telez\u0151 g\u00e9pj\u00e1rm\u0171-felel\u0151ss\u00e9gbiztos\u00edt\u00e1si (kgfb) \u00e9s a cascoportfoli\u00f3 is \u00e1tker\u00fclt az \u00faj tulajdonoshoz. Mivel a CIG Pann\u00f3nia m\u00e1r \u00e9vekkel ezel\u0151tt kivonult a kgfb-piacr\u00f3l, ez\u00e9rt a t\u00e1rsas\u00e1g 2017. tavasz\u00e1n az \u00fajonnan megszerzett kgfb-\u00e1llom\u00e1nyt tov\u00e1bb \u00e9rt\u00e9kes\u00edtette. A casco\u00e1llom\u00e1nyt azonban megtartott\u00e1k, hogy egy \u00e9ven \u00e1t &#8222;tesztelj\u00e9k&#8221;, \u00e9rdemes-e a CIG Pann\u00f3ni\u00e1nak visszat\u00e9rnie erre a piacra. A 2017-es \u00e9v sz\u00e1mai azt mutatt\u00e1k, hogy a lakoss\u00e1gi cascoterm\u00e9k j\u00f6vedelmez\u0151s\u00e9ge \u00e9s n\u00f6veked\u00e9si potenci\u00e1lja &#8211; f\u0151k\u00e9nt a piacra jellemz\u0151 ki\u00e9lezett verseny miatt &#8211; elmarad a biztos\u00edt\u00f3 m\u00e1s term\u00e9keinek eredm\u00e9nyess\u00e9g\u00e9t\u0151l, a t\u00e1rsas\u00e1g ez\u00e9rt d\u00f6nt\u00f6tt a casco\u00e1llom\u00e1ny le\u00e9p\u00edt\u00e9s\u00e9r\u0151l &#8211; olvashat\u00f3 a biztos\u00edt\u00f3 k\u00f6zlem\u00e9ny\u00e9ben.<br \/>\n(MTI)<\/p>\n","protected":false},"excerpt":{"rendered":"<p>A j\u00f6vedelmez\u0151s\u00e9g tov\u00e1bbi jav\u00edt\u00e1sa \u00e9rdek\u00e9ben, valamint a cascopiacon tapasztalhat\u00f3 ki\u00e9lezett verseny miatt d\u00f6nt\u00f6tt \u00fagy a CIG Pann\u00f3nia, hogy a 750 milli\u00f3 forintot k\u00e9pvisel\u0151, lakoss\u00e1gi casco-\u00fcgyf\u00e9l\u00e1llom\u00e1ny szerz\u0151d\u00e9seit \u00fctemezett felmond\u00e1ssal megsz\u00fcnteti, a d\u00f6nt\u00e9s 14 ezer \u00fcgyfelet \u00e9rint &#8211; k\u00f6z\u00f6lte a t\u00e1rsas\u00e1g cs\u00fct\u00f6rt\u00f6k\u00f6n az MTI-vel.<\/p>\n","protected":false},"author":1,"featured_media":0,"comment_status":"closed","ping_status":"open","sticky":false,"template":"","format":"standard","meta":[],"categories":[4,51,19],"tags":[],"_links":{"self":[{"href":"https:\/\/gazdasagportal.hu\/index.php\/wp-json\/wp\/v2\/posts\/106374"}],"collection":[{"href":"https:\/\/gazdasagportal.hu\/index.php\/wp-json\/wp\/v2\/posts"}],"about":[{"href":"https:\/\/gazdasagportal.hu\/index.php\/wp-json\/wp\/v2\/types\/post"}],"author":[{"embeddable":true,"href":"https:\/\/gazdasagportal.hu\/index.php\/wp-json\/wp\/v2\/users\/1"}],"replies":[{"embeddable":true,"href":"https:\/\/gazdasagportal.hu\/index.php\/wp-json\/wp\/v2\/comments?post=106374"}],"version-history":[{"count":1,"href":"https:\/\/gazdasagportal.hu\/index.php\/wp-json\/wp\/v2\/posts\/106374\/revisions"}],"predecessor-version":[{"id":106375,"href":"https:\/\/gazdasagportal.hu\/index.php\/wp-json\/wp\/v2\/posts\/106374\/revisions\/106375"}],"wp:attachment":[{"href":"https:\/\/gazdasagportal.hu\/index.php\/wp-json\/wp\/v2\/media?parent=106374"}],"wp:term":[{"taxonomy":"category","embeddable":true,"href":"https:\/\/gazdasagportal.hu\/index.php\/wp-json\/wp\/v2\/categories?post=106374"},{"taxonomy":"post_tag","embeddable":true,"href":"https:\/\/gazdasagportal.hu\/index.php\/wp-json\/wp\/v2\/tags?post=106374"}],"curies":[{"name":"wp","href":"https:\/\/api.w.org\/{rel}","templated":true}]}}