{"id":10636,"date":"2013-06-26T05:45:12","date_gmt":"2013-06-26T03:45:12","guid":{"rendered":"http:\/\/stockportal.hu\/?p=10636"},"modified":"2013-06-26T05:45:12","modified_gmt":"2013-06-26T03:45:12","slug":"aktivabb-kozep-europai-szerepvallalasra-biztatta-washingtont-navracsics-tibor","status":"publish","type":"post","link":"https:\/\/gazdasagportal.hu\/index.php\/aktivabb-kozep-europai-szerepvallalasra-biztatta-washingtont-navracsics-tibor\/","title":{"rendered":"Akt\u00edvabb k\u00f6z\u00e9p-eur\u00f3pai szerepv\u00e1llal\u00e1sra biztatta Washingtont Navracsics Tibor"},"content":{"rendered":"<p><strong>Akt\u00edvabb k\u00f6z\u00e9p-eur\u00f3pai szerepv\u00e1llal\u00e1sra \u00e9s a r\u00e9gi\u00f3 tapasztalatainak b\u00e1trabb hasznos\u00edt\u00e1s\u00e1ra biztatta kedden az Egyes\u00fclt \u00c1llamokat Narvacsics Tibor minisztereln\u00f6k-helyettes a washingtoni konzervat\u00edv Heritage Foundation int\u00e9zetben.<!--more--><\/strong><\/p>\n<p>&#8222;Ha az Egyes\u00fclt \u00c1llamok jelenl\u00e9te cs\u00f6kken a r\u00e9gi\u00f3ban, akkor hely\u00e9t Oroszorsz\u00e1g vagy valaki m\u00e1s jelenl\u00e9te fogja \u00e1tvenni&#8221; &#8211; hangs\u00falyozta Navracsics a K\u00f6z\u00e9p-Eur\u00f3pa &#8211; A n\u00e9lk\u00fcl\u00f6zhetetlen r\u00e9gi\u00f3 c\u00edmmel megtartott el\u0151ad\u00e1s\u00e1ban.<br \/>\nKifog\u00e1solta, hogy a r\u00e9gi\u00f3 &#8222;elt\u0171nt az amerikai diplom\u00e1cia radarerny\u0151j\u00e9r\u0151l&#8221;, holott a t\u00e9rs\u00e9g n\u00e9lk\u00fcl\u00f6zhetetlen lenne sz\u00e1m\u00e1ra, mert kulcsfontoss\u00e1g\u00fa az eur\u00f3pai er\u0151egyens\u00faly szempontj\u00e1b\u00f3l, a Balk\u00e1n ir\u00e1ny\u00e1ban fontos \u00e9rintkez\u00e9si fel\u00fcletet jelent, \u00e9s mert az itteni &#8222;sikert\u00f6rt\u00e9net&#8221; tapasztalatai a vil\u00e1g m\u00e1s r\u00e9gi\u00f3iban is hasznos\u00edthat\u00f3k lehetn\u00e9nek.<br \/>\nNavracsics szerint az amerikai-orosz kapcsolatrendszer &#8222;\u00fajraind\u00edt\u00e1s\u00e1nak&#8221; k\u00f6vetkezt\u00e9ben is az Egyes\u00fclt \u00c1llamok vezet\u0151 szerepe eleny\u00e9sz\u0151ben van a r\u00e9gi\u00f3ban, ez\u00e9rt fenn\u00e1ll a lehet\u0151s\u00e9ge annak, hogy Oroszorsz\u00e1g gazdas\u00e1gi befoly\u00e1s\u00e1nak er\u0151s\u00f6d\u00e9s\u00e9t politikai s\u00faly\u00e1nak n\u00f6veked\u00e9se is k\u00eds\u00e9rni fogja. R\u00e1mutatott ugyanakkor, hogy a t\u00e9rs\u00e9g j\u00f3szomsz\u00e9di viszonyra \u00e9s gazdas\u00e1gi egy\u00fcttm\u0171k\u00f6d\u00e9sre t\u00f6rekszik Moszkv\u00e1val.<br \/>\nNavracsics Tibor hangoztatta, hogy Eur\u00f3pa legkev\u00e9sb\u00e9 stabil t\u00e9rs\u00e9ge a Balk\u00e1n. Mint mondta, a k\u00f6z\u00e9p-eur\u00f3pai orsz\u00e1gok sz\u00e1mos tapasztalatot szereztek a balk\u00e1ni konfliktusok kezel\u00e9s\u00e9ben, j\u00f3l ismerik a r\u00e9gi\u00f3 szok\u00e1sait \u00e9s kult\u00far\u00e1j\u00e1t, Washington m\u00e9gsem k\u00edv\u00e1n erre a j\u00e1rtass\u00e1gra t\u00e1maszkodni, holott egyed\u00fcl nem k\u00e9pes kezelni az ottani probl\u00e9m\u00e1kat.<br \/>\nA minisztereln\u00f6k-helyettes hangs\u00falyozta: a k\u00f6z\u00e9p-eur\u00f3pai \u00e1talakul\u00e1s egyed\u00fcl\u00e1ll\u00f3an sikeresnek bizonyult, mert a piacgazdas\u00e1g bevezet\u00e9se \u00e9s stabiliz\u00e1l\u00e1sa mellett ki\u00e9p\u00fclt a szil\u00e1rd demokratikus rendszer is. Mint mondta, ezeket a tapasztalatokat a k\u00e9s\u0151bbiekben alkalmazni lehetne Kub\u00e1ban, \u00c9szak-Kore\u00e1ban, valamint \u00e1talakul\u00f3 afrikai \u00e9s \u00e1zsiai orsz\u00e1gokban.<br \/>\n&#8222;Az amerikai diplom\u00e1cia vak, ha nem hasznos\u00edtja a k\u00f6z\u00e9p-eur\u00f3pai orsz\u00e1gok tapasztalatait&#8221; &#8211; jelentette ki.<br \/>\nElismerte emellett, hogy K\u00f6z\u00e9p-Eur\u00f3p\u00e1nak is meg kell v\u00e1ltoznia ahhoz, hogy komoly partnerk\u00e9nt kezelj\u00e9k, fel\u00fcl kell emelkednie megosztotts\u00e1gain, \u00e9s meg kell er\u0151s\u00edteni a t\u00e9rs\u00e9g orsz\u00e1gai k\u00f6z\u00f6tti egy\u00fcttm\u0171k\u00f6d\u00e9st. Ennek j\u00f3 p\u00e9ld\u00e1jak\u00e9nt eml\u00edtette a visegr\u00e1di n\u00e9gyek kooper\u00e1ci\u00f3j\u00e1t. A V4-csoport j\u00f6v\u0151j\u00e9vel kapcsolatban Navracsics hangot adott meggy\u0151z\u0151d\u00e9s\u00e9nek, hogy az a Benelux-\u00e1llamokhoz hasonl\u00f3 m\u00f3don fog m\u0171k\u00f6dni.<br \/>\nA minisztereln\u00f6k-helyettes el\u0151ad\u00e1sa sor\u00e1n kiemelte az eur\u00f3pai integr\u00e1ci\u00f3 strat\u00e9giai fontoss\u00e1g\u00e1t a k\u00f6z\u00e9p-eur\u00f3pai r\u00e9gi\u00f3 j\u00f6v\u0151j\u00e9nek szempontj\u00e1b\u00f3l, \u00e9s a t\u00e9rs\u00e9gbeli orsz\u00e1gok szempontj\u00e1b\u00f3l v\u00edvm\u00e1nyk\u00e9nt \u00e9rt\u00e9kelte az uni\u00f3s tags\u00e1g elnyer\u00e9s\u00e9t. Megfogalmaz\u00e1sa szerint az \u00faj tag\u00e1llamok sz\u00e1m\u00e1ra ez &#8222;nem az indul\u00e1st&#8221;, hanem a meg\u00e9rkez\u00e9st&#8221; jelentette, \u00e9s lehet\u0151v\u00e9 tette, hogy az integr\u00e1ci\u00f3n bel\u00fcl \u00e9rv\u00e9nyes\u00edts\u00e9k az \u00e9rdekeiket.<br \/>\nElmondta ugyanakkor, hogy noha a jog\u00e1llamis\u00e1gnak nincs \u00e1ltal\u00e1nosan elfogadott, \u00f6sszeur\u00f3pai meghat\u00e1roz\u00e1sa, &#8222;probl\u00e9m\u00e1s&#8221; lehet, ha egy orsz\u00e1g nem igaz\u00edtja int\u00e9zm\u00e9nyrendszer\u00e9t ahhoz az elm\u00e9leti elk\u00e9pzel\u00e9shez, amely az Eur\u00f3pai Bizotts\u00e1gn\u00e1l kialakult.<br \/>\nK\u00e9rd\u00e9sre v\u00e1laszolva kit\u00e9rt r\u00e1, hogy a magyar korm\u00e1ny 2010-ben &#8222;s\u00falyos helyzetet \u00f6r\u00f6k\u00f6lt&#8221;, amelyet nem lehetett hagyom\u00e1nyos eszk\u00f6z\u00f6kkel kezelni. Elmondta, hogy noha a &#8222;magyar k\u00eds\u00e9rlet&#8221; b\u00edr\u00e1latokat v\u00e1ltott ki az uni\u00f3ban, Magyarorsz\u00e1g \u00e9s az EU vit\u00e1ja a v\u00e9ge fel\u00e9 k\u00f6zel\u00edt, \u00e9s t\u00f6bb magyar megold\u00e1st az uni\u00f3 m\u00e1s orsz\u00e1gaiban is honos\u00edtottak.<br \/>\n&#8222;A megold\u00e1sokat tag\u00e1llami szinten kell megtal\u00e1lni&#8221; &#8211; mondta a minisztereln\u00f6k-helyettes.<br \/>\nUgyancsak k\u00e9rd\u00e9sre v\u00e1laszolva Navracsics Tibor j\u00f3nak nevezte a magyar korm\u00e1ny \u00e9s az amerikai befektet\u0151k viszony\u00e1t. Elismerte, hogy a magyarorsz\u00e1gi jogi k\u00f6rnyezet \u00e1talak\u00edt\u00e1s\u00e1nak els\u0151 k\u00e9t \u00e9v\u00e9ben t\u00f6bben panaszkodtak a kisz\u00e1m\u00edthat\u00f3s\u00e1g hi\u00e1nya miatt, de mint mondta, &#8222;stabiliz\u00e1ltuk a helyzetet&#8221;.(MTI)<\/p>\n","protected":false},"excerpt":{"rendered":"<p>Akt\u00edvabb k\u00f6z\u00e9p-eur\u00f3pai szerepv\u00e1llal\u00e1sra \u00e9s a r\u00e9gi\u00f3 tapasztalatainak b\u00e1trabb hasznos\u00edt\u00e1s\u00e1ra biztatta kedden az Egyes\u00fclt \u00c1llamokat Narvacsics Tibor minisztereln\u00f6k-helyettes a washingtoni konzervat\u00edv Heritage Foundation int\u00e9zetben.<\/p>\n","protected":false},"author":1,"featured_media":0,"comment_status":"open","ping_status":"closed","sticky":false,"template":"","format":"standard","meta":[],"categories":[19],"tags":[],"_links":{"self":[{"href":"https:\/\/gazdasagportal.hu\/index.php\/wp-json\/wp\/v2\/posts\/10636"}],"collection":[{"href":"https:\/\/gazdasagportal.hu\/index.php\/wp-json\/wp\/v2\/posts"}],"about":[{"href":"https:\/\/gazdasagportal.hu\/index.php\/wp-json\/wp\/v2\/types\/post"}],"author":[{"embeddable":true,"href":"https:\/\/gazdasagportal.hu\/index.php\/wp-json\/wp\/v2\/users\/1"}],"replies":[{"embeddable":true,"href":"https:\/\/gazdasagportal.hu\/index.php\/wp-json\/wp\/v2\/comments?post=10636"}],"version-history":[{"count":1,"href":"https:\/\/gazdasagportal.hu\/index.php\/wp-json\/wp\/v2\/posts\/10636\/revisions"}],"predecessor-version":[{"id":10637,"href":"https:\/\/gazdasagportal.hu\/index.php\/wp-json\/wp\/v2\/posts\/10636\/revisions\/10637"}],"wp:attachment":[{"href":"https:\/\/gazdasagportal.hu\/index.php\/wp-json\/wp\/v2\/media?parent=10636"}],"wp:term":[{"taxonomy":"category","embeddable":true,"href":"https:\/\/gazdasagportal.hu\/index.php\/wp-json\/wp\/v2\/categories?post=10636"},{"taxonomy":"post_tag","embeddable":true,"href":"https:\/\/gazdasagportal.hu\/index.php\/wp-json\/wp\/v2\/tags?post=10636"}],"curies":[{"name":"wp","href":"https:\/\/api.w.org\/{rel}","templated":true}]}}