{"id":106354,"date":"2018-06-20T13:36:21","date_gmt":"2018-06-20T11:36:21","guid":{"rendered":"http:\/\/gazdasagportal.hu\/?p=106354"},"modified":"2018-06-20T13:36:21","modified_gmt":"2018-06-20T11:36:21","slug":"megkezdodott-a-bilk-reszvenyeinek-jegyzese","status":"publish","type":"post","link":"https:\/\/gazdasagportal.hu\/index.php\/megkezdodott-a-bilk-reszvenyeinek-jegyzese\/","title":{"rendered":"Megkezd\u0151d\u00f6tt a BILK r\u00e9szv\u00e9nyeinek jegyz\u00e9se"},"content":{"rendered":"<p><strong>Megkezd\u0151d\u00f6tt a BILK Logisztikai Nyrt. r\u00e9szv\u00e9nyeinek jegyz\u00e9se szerd\u00e1n, a v\u00e1llalat a pap\u00edrok sikeres jegyz\u00e9se ut\u00e1n beny\u00fajtja az ad\u00f3hat\u00f3s\u00e1ghoz a szab\u00e1lyozott ingatlanbefektet\u00e9si t\u00e1rsas\u00e1gk\u00e9nt t\u00f6rt\u00e9n\u0151 nyilv\u00e1ntart\u00e1sba v\u00e9teli k\u00e9relm\u00e9t &#8211; mondta W\u00e1berer L\u00edvia, a t\u00e1rsas\u00e1g vez\u00e9rigazgat\u00f3ja a t\u0151zsdei bevezet\u00e9s alkalm\u00e1b\u00f3l tartott szerdai budapesti sajt\u00f3t\u00e1j\u00e9koztat\u00f3n.<\/strong><!--more--><\/p>\n<div class=\"ads-in-post1\"><div id=\"gazdasagportal.hu_fullbanner_wideboard\"><\/div>\r\n<\/div>\n<p>    A szab\u00e1lyozott ingatlanbefektet\u00e9si t\u00e1rsas\u00e1gk\u00e9nt (szit) val\u00f3 m\u0171k\u00f6d\u00e9s arra k\u00f6telezi a t\u00e1rsas\u00e1got, hogy t\u00e1rgy\u00e9vi ad\u00f3zott eredm\u00e9ny\u00e9nek legal\u00e1bb 90 sz\u00e1zal\u00e9k\u00e1t osztal\u00e9kk\u00e9nt fizesse ki a r\u00e9szv\u00e9nyeseknek &#8211; hangs\u00falyozta.<br \/>\n    A jegyz\u00e9si id\u0151szak j\u00falius 4-ig tart. A BILK valamennyi \u00e9rt\u00e9kpap\u00edrj\u00e1t a Budapesti \u00c9rt\u00e9kt\u0151zsd\u00e9re (B\u00c9T) viszi, \u00e9s azok legal\u00e1bb 25, legfeljebb 49 sz\u00e1zal\u00e9k\u00e1t k\u00edn\u00e1lja jegyz\u00e9sre a befektet\u0151knek. A r\u00e9szv\u00e9nyek \u00e9rt\u00e9kes\u00edt\u00e9se \u00e9s az osztal\u00e9kfizet\u00e9s is eur\u00f3ban t\u00f6rt\u00e9nik.<br \/>\n    Waberer Gy\u00f6rgy, a BILK alap\u00edt\u00f3ja \u00e9s f\u0151r\u00e9szv\u00e9nyese a sajt\u00f3t\u00e1j\u00e9koztat\u00f3n bejelentette, hogy a nyilv\u00e1nos \u00e9rt\u00e9kes\u00edt\u00e9si \u00e1rb\u00f3l 5 sz\u00e1zal\u00e9k kedvezm\u00e9nyt k\u00edn\u00e1l a befektet\u0151knek legfeljebb 550 r\u00e9szv\u00e9ny jegyz\u00e9se eset\u00e9n. Mint mondta, ezzel az akci\u00f3val szeretn\u00e9k \u00f6szt\u00f6n\u00f6zni a lakoss\u00e1gi befektet\u0151ket arra, hogy t\u00e1rstulajdonoss\u00e1 v\u00e1ljanak a t\u00e1rsas\u00e1gban.<br \/>\n<div class=\"ads-in-post2\"><script async src=\"https:\/\/pagead2.googlesyndication.com\/pagead\/js\/adsbygoogle.js\"><\/script>\r\n<ins class=\"adsbygoogle\"\r\n     style=\"display:block\"\r\n     data-ad-format=\"fluid\"\r\n     data-ad-layout-key=\"-6t+ed+2i-1n-4w\"\r\n     data-ad-client=\"ca-pub-1959107119989764\"\r\n     data-ad-slot=\"4008251320\"><\/ins>\r\n<script>\r\n     (adsbygoogle = window.adsbygoogle || []).push({});\r\n<\/script><\/div>\n    V\u00e9gh Rich\u00e1rd, a B\u00c9T eln\u00f6k-vez\u00e9rigazgat\u00f3ja kiemelte: a BILK az els\u0151 olyan t\u00e1rsas\u00e1g Magyarorsz\u00e1gon, amely \u00fagy l\u00e9p t\u0151zsd\u00e9re, hogy ott m\u00e1r szitk\u00e9nt m\u0171k\u00f6dj\u00f6n. Az amerikai, valamint az eur\u00f3pai statisztik\u00e1k szerint a szab\u00e1lyozott ingatlanbefektet\u00e9si t\u00e1rsas\u00e1gok pap\u00edrjainak teljes\u00edtm\u00e9nye meghaladta a r\u00e9szv\u00e9nypiac eg\u00e9sz\u00e9nek, valamint a nem t\u0151zsdei ingatlanpiaci befektet\u00e9seknek a teljes\u00edtm\u00e9ny\u00e9t, \u00e9s jelent\u0151sen meghaladta az infl\u00e1ci\u00f3 m\u00e9rt\u00e9k\u00e9t &#8211; hangs\u00falyozta.<br \/>\n    A B\u00c9T eln\u00f6k-vez\u00e9rigazgat\u00f3ja hi\u00e1nyp\u00f3tl\u00f3nak, fontosnak nevezte a szitek megjelen\u00e9s\u00e9t a magyar b\u00f6rz\u00e9n, \u00e9s sikerk\u00e9nt \u00e9rt\u00e9kelte, hogy ism\u00e9t egy Magyarorsz\u00e1gon l\u00e9trehozott, itteni k\u00f6zpont\u00fa v\u00e1llalat d\u00f6nt\u00f6tt a t\u0151zsd\u00e9re l\u00e9p\u00e9s mellett.<br \/>\n    A r\u00e9szv\u00e9nyek kiz\u00e1r\u00f3lagos \u00e9rt\u00e9kes\u00edt\u0151je a Raiffeisen Bank. Liener G\u00e1bor, a Raiffeisen \u00fcgyvezet\u0151 igazgat\u00f3ja a kibocs\u00e1t\u00e1s r\u00e9szleteir\u0151l a t\u00f6bbi k\u00f6z\u00f6tt elmondta: legal\u00e1bb 859 375 \u00e9s legfeljebb 1 684 375 darab, 0,8 eur\u00f3 n\u00e9v\u00e9rt\u00e9k\u0171 A sorozat\u00fa t\u00f6rzsr\u00e9szv\u00e9nyt aj\u00e1nlanak fel z\u00e1rtk\u00f6r\u0171 \u00e9s nyilv\u00e1nos \u00e9rt\u00e9kes\u00edt\u00e9sben.<br \/>\n    Nyilv\u00e1nos \u00e9rt\u00e9kes\u00edt\u00e9sben 168 438 r\u00e9szv\u00e9nyt aj\u00e1nlanak fel, enn\u00e9l nagyobb ig\u00e9ny eset\u00e9n a z\u00e1rtk\u00f6r\u0171 \u00e9rt\u00e9kes\u00edt\u00e9s terh\u00e9re legfeljebb 842 187 darabbal megemelhetik a nyilv\u00e1nos \u00e9rt\u00e9kes\u00edt\u00e9sben felaj\u00e1nlott mennyis\u00e9get.<br \/>\n    A jegyz\u00e9si lehet\u0151s\u00e9g h\u00e1rom napig biztosan nyitva van, de t\u00faljegyz\u00e9s eset\u00e9n a jegyz\u00e9si id\u0151szak j\u00falius 4-e el\u0151tt is lez\u00e1rulhat &#8211; jelezte.<br \/>\n    W\u00e1berer L\u00edvia, a BILK vez\u00e9rigazgat\u00f3ja ismertette: a t\u00e1rsas\u00e1g f\u0151 tev\u00e9kenys\u00e9ge saj\u00e1t tulajdon\u00fa \u00e9s b\u00e9relt ingatlan b\u00e9rbead\u00e1sa, \u00fczemeltet\u00e9se, valamint ingatlanok ad\u00e1sv\u00e9tele, ingatlankezel\u00e9s, \u00e9p\u00edtm\u00e9ny\u00fczemeltet\u00e9s \u00e9s vagyonkezel\u00e9s.<br \/>\n    A f\u0151v\u00e1ros 23. ker\u00fclet\u00e9ben tal\u00e1lhat\u00f3 logisztikai k\u00f6zpont brutt\u00f3 b\u00e9rbeadhat\u00f3 ter\u00fclete t\u00f6bb mint 182 ezer n\u00e9gyzetm\u00e9ter, kihaszn\u00e1lts\u00e1ga 98,4 sz\u00e1zal\u00e9kos.<br \/>\n    A t\u00e1j\u00e9koztat\u00e1s szerint a logisztikai park tov\u00e1bb b\u0151v\u00fcl. Eredeti, hetven hekt\u00e1ros ter\u00fclete teljesen be\u00e9p\u00fclt, ez\u00e9rt a t\u00e1rsas\u00e1g tavaly megv\u00e1s\u00e1rolta a rakt\u00e1rv\u00e1rossal hat\u00e1ros h\u00e9t \u00e9s f\u00e9l hekt\u00e1rnyi ter\u00fcletet, ahol 30 ezer n\u00e9gyzetm\u00e9teres rakt\u00e1rfejleszt\u00e9st tervez. A tervez\u00e9s megkezd\u0151d\u00f6tt, a megval\u00f3s\u00edt\u00e1s k\u00e9t-h\u00e1rom \u00e9ven bel\u00fcl v\u00e1rhat\u00f3.<br \/>\n    A vez\u00e9rigazgat\u00f3 t\u00e1j\u00e9koztat\u00e1sa szerint az ingatlan\u00e1llom\u00e1ny piaci \u00e9rt\u00e9ke folyamatosan n\u0151, 2017-ben meghaladta a 38 milli\u00e1rd forintot, az eszk\u00f6z\u00f6k \u00e9rt\u00e9ke pedig a 40 milli\u00e1rd forintot. Az \u00e1rbev\u00e9tel t\u00f6bb mint 3,5 milli\u00e1rd, az EBITDA t\u00f6bb mint 2,1 milli\u00e1rd forint volt tavaly.<br \/>\n    K\u00e9rd\u00e9sre v\u00e1laszolva Waberer Gy\u00f6rgy elmondta, a t\u00e1rsas\u00e1g arra t\u00f6rekszik, hogy \u00e9vente osztal\u00e9kel\u0151leget is fizessen r\u00e9szv\u00e9nyeseinek.<br \/>\n(MTI)<\/p>\n","protected":false},"excerpt":{"rendered":"<p>Megkezd\u0151d\u00f6tt a BILK Logisztikai Nyrt. r\u00e9szv\u00e9nyeinek jegyz\u00e9se szerd\u00e1n, a v\u00e1llalat a pap\u00edrok sikeres jegyz\u00e9se ut\u00e1n beny\u00fajtja az ad\u00f3hat\u00f3s\u00e1ghoz a szab\u00e1lyozott ingatlanbefektet\u00e9si t\u00e1rsas\u00e1gk\u00e9nt t\u00f6rt\u00e9n\u0151 nyilv\u00e1ntart\u00e1sba v\u00e9teli k\u00e9relm\u00e9t &#8211; mondta W\u00e1berer L\u00edvia, a t\u00e1rsas\u00e1g vez\u00e9rigazgat\u00f3ja a t\u0151zsdei bevezet\u00e9s alkalm\u00e1b\u00f3l tartott szerdai budapesti sajt\u00f3t\u00e1j\u00e9koztat\u00f3n.<\/p>\n","protected":false},"author":1,"featured_media":0,"comment_status":"closed","ping_status":"open","sticky":false,"template":"","format":"standard","meta":[],"categories":[7],"tags":[],"_links":{"self":[{"href":"https:\/\/gazdasagportal.hu\/index.php\/wp-json\/wp\/v2\/posts\/106354"}],"collection":[{"href":"https:\/\/gazdasagportal.hu\/index.php\/wp-json\/wp\/v2\/posts"}],"about":[{"href":"https:\/\/gazdasagportal.hu\/index.php\/wp-json\/wp\/v2\/types\/post"}],"author":[{"embeddable":true,"href":"https:\/\/gazdasagportal.hu\/index.php\/wp-json\/wp\/v2\/users\/1"}],"replies":[{"embeddable":true,"href":"https:\/\/gazdasagportal.hu\/index.php\/wp-json\/wp\/v2\/comments?post=106354"}],"version-history":[{"count":1,"href":"https:\/\/gazdasagportal.hu\/index.php\/wp-json\/wp\/v2\/posts\/106354\/revisions"}],"predecessor-version":[{"id":106355,"href":"https:\/\/gazdasagportal.hu\/index.php\/wp-json\/wp\/v2\/posts\/106354\/revisions\/106355"}],"wp:attachment":[{"href":"https:\/\/gazdasagportal.hu\/index.php\/wp-json\/wp\/v2\/media?parent=106354"}],"wp:term":[{"taxonomy":"category","embeddable":true,"href":"https:\/\/gazdasagportal.hu\/index.php\/wp-json\/wp\/v2\/categories?post=106354"},{"taxonomy":"post_tag","embeddable":true,"href":"https:\/\/gazdasagportal.hu\/index.php\/wp-json\/wp\/v2\/tags?post=106354"}],"curies":[{"name":"wp","href":"https:\/\/api.w.org\/{rel}","templated":true}]}}