{"id":106351,"date":"2018-06-20T13:05:52","date_gmt":"2018-06-20T11:05:52","guid":{"rendered":"http:\/\/gazdasagportal.hu\/?p=106351"},"modified":"2018-06-20T13:05:52","modified_gmt":"2018-06-20T11:05:52","slug":"adriai-gazmezohoz-jutott-a-mol-leanyvallalata","status":"publish","type":"post","link":"https:\/\/gazdasagportal.hu\/index.php\/adriai-gazmezohoz-jutott-a-mol-leanyvallalata\/","title":{"rendered":"Adriai g\u00e1zmez\u0151h\u00f6z jutott a Mol le\u00e1nyv\u00e1llalata"},"content":{"rendered":"<p><strong>Megv\u00e1s\u00e1rolja a Mol Nyrt. le\u00e1nyv\u00e1llalata, az INA horv\u00e1t olajipari c\u00e9g az olasz Eni csoport tulajdon\u00e1ban \u00e1ll\u00f3 Eni Croatia BV-t, \u00edgy az \u00c9szak-Adria \u00e9s a Marica-tenger alatti g\u00e1zmez\u0151k egyed\u00fcli tulajdonos\u00e1v\u00e1 \u00e9s kiz\u00e1r\u00f3lagos \u00fczemeltet\u0151j\u00e9v\u00e9 v\u00e1lik.<\/strong><!--more--><\/p>\n<div class=\"ads-in-post1\"><div id=\"gazdasagportal.hu_fullbanner_wideboard\"><\/div>\r\n<\/div>\n<p>    A Budapesti \u00c9rt\u00e9kt\u0151zsde (B\u00c9T) honlapj\u00e1n szerd\u00e1n k\u00f6zz\u00e9tett t\u00e1j\u00e9koztat\u00e1s szerint az INA a felv\u00e1s\u00e1rl\u00e1ssal 4,3 milli\u00f3 hord\u00f3 k\u0151olaj-egyen\u00e9rt\u00e9kes bizony\u00edtott \u00e9s val\u00f3sz\u00edn\u0171s\u00edtett k\u00e9szlethez jut hozz\u00e1, \u00edgy a sz\u00e9nhidrog\u00e9n-kitermel\u00e9s mintegy napi 2500 hord\u00f3 k\u0151olaj-egyen\u00e9rt\u00e9kessel, vagyis majdnem napi 380 ezer k\u00f6bm\u00e9terrel n\u0151. Az \u00c9szak-Adria koncesszi\u00f3s ter\u00fcleten kitermelt g\u00e1z a horv\u00e1t ell\u00e1t\u00f3rendszerbe ker\u00fcl, a Marica mez\u0151r\u0151l pedig Olaszorsz\u00e1gba sz\u00e1ll\u00edtj\u00e1k az INA \u00e9s az Eni \u00e9rt\u00e9kes\u00edt\u00e9si szerz\u0151d\u00e9s\u00e9nek megfelel\u0151en.<br \/>\n<div class=\"ads-in-post2\"><script async src=\"https:\/\/pagead2.googlesyndication.com\/pagead\/js\/adsbygoogle.js\"><\/script>\r\n<ins class=\"adsbygoogle\"\r\n     style=\"display:block\"\r\n     data-ad-format=\"fluid\"\r\n     data-ad-layout-key=\"-6t+ed+2i-1n-4w\"\r\n     data-ad-client=\"ca-pub-1959107119989764\"\r\n     data-ad-slot=\"4008251320\"><\/ins>\r\n<script>\r\n     (adsbygoogle = window.adsbygoogle || []).push({});\r\n<\/script><\/div>\n    A Mol Nyrt. a k\u00f6zlem\u00e9nyben megjegyezte, hogy a tranzakci\u00f3 \u00fajabb beruh\u00e1z\u00e1sokat tesz lehet\u0151v\u00e9 az \u00e9szak-adriai t\u00e9rs\u00e9gben.<br \/>\n    A INA r\u00e9szv\u00e9nyeinek 44,84 sz\u00e1zal\u00e9k\u00e1t a horv\u00e1t \u00e1llam, 49,1 sz\u00e1zal\u00e9k\u00e1t az ir\u00e1ny\u00edt\u00f3i jogokkal egy\u00fctt pedig a Mol birtokolja.<br \/>\n(MTI)<\/p>\n","protected":false},"excerpt":{"rendered":"<p>Megv\u00e1s\u00e1rolja a Mol Nyrt. le\u00e1nyv\u00e1llalata, az INA horv\u00e1t olajipari c\u00e9g az olasz Eni csoport tulajdon\u00e1ban \u00e1ll\u00f3 Eni Croatia BV-t, \u00edgy az \u00c9szak-Adria \u00e9s a Marica-tenger alatti g\u00e1zmez\u0151k egyed\u00fcli tulajdonos\u00e1v\u00e1 \u00e9s kiz\u00e1r\u00f3lagos \u00fczemeltet\u0151j\u00e9v\u00e9 v\u00e1lik.<\/p>\n","protected":false},"author":1,"featured_media":0,"comment_status":"closed","ping_status":"open","sticky":false,"template":"","format":"standard","meta":[],"categories":[8,7],"tags":[],"_links":{"self":[{"href":"https:\/\/gazdasagportal.hu\/index.php\/wp-json\/wp\/v2\/posts\/106351"}],"collection":[{"href":"https:\/\/gazdasagportal.hu\/index.php\/wp-json\/wp\/v2\/posts"}],"about":[{"href":"https:\/\/gazdasagportal.hu\/index.php\/wp-json\/wp\/v2\/types\/post"}],"author":[{"embeddable":true,"href":"https:\/\/gazdasagportal.hu\/index.php\/wp-json\/wp\/v2\/users\/1"}],"replies":[{"embeddable":true,"href":"https:\/\/gazdasagportal.hu\/index.php\/wp-json\/wp\/v2\/comments?post=106351"}],"version-history":[{"count":1,"href":"https:\/\/gazdasagportal.hu\/index.php\/wp-json\/wp\/v2\/posts\/106351\/revisions"}],"predecessor-version":[{"id":106352,"href":"https:\/\/gazdasagportal.hu\/index.php\/wp-json\/wp\/v2\/posts\/106351\/revisions\/106352"}],"wp:attachment":[{"href":"https:\/\/gazdasagportal.hu\/index.php\/wp-json\/wp\/v2\/media?parent=106351"}],"wp:term":[{"taxonomy":"category","embeddable":true,"href":"https:\/\/gazdasagportal.hu\/index.php\/wp-json\/wp\/v2\/categories?post=106351"},{"taxonomy":"post_tag","embeddable":true,"href":"https:\/\/gazdasagportal.hu\/index.php\/wp-json\/wp\/v2\/tags?post=106351"}],"curies":[{"name":"wp","href":"https:\/\/api.w.org\/{rel}","templated":true}]}}