{"id":106345,"date":"2018-06-20T09:59:44","date_gmt":"2018-06-20T07:59:44","guid":{"rendered":"http:\/\/gazdasagportal.hu\/?p=106345"},"modified":"2018-06-20T09:59:44","modified_gmt":"2018-06-20T07:59:44","slug":"oroszorszag-potvamokat-vet-ki-amerikai-termekekre","status":"publish","type":"post","link":"https:\/\/gazdasagportal.hu\/index.php\/oroszorszag-potvamokat-vet-ki-amerikai-termekekre\/","title":{"rendered":"Oroszorsz\u00e1g p\u00f3tv\u00e1mokat vet ki amerikai term\u00e9kekre"},"content":{"rendered":"<p><strong>Oroszorsz\u00e1g p\u00f3tv\u00e1mokat vet ki amerikai importcikkekre, v\u00e1laszul arra, hogy az Egyes\u00fclt \u00c1llamok az ac\u00e9l- \u00e9s alum\u00edniumterm\u00e9kek behozatal\u00e1t 25, illetve 10 sz\u00e1zal\u00e9kos v\u00e1mmal s\u00fajtotta &#8211; jelentette be Makszim Oreskin orosz gazdas\u00e1gfejleszt\u00e9si miniszter.<\/strong><!--more--><\/p>\n<div class=\"ads-in-post1\"><div id=\"gazdasagportal.hu_fullbanner_wideboard\"><\/div>\r\n<\/div>\n<p>    Az Interfax orosz h\u00edr\u00fcgyn\u00f6ks\u00e9g jelent\u00e9se szerint a miniszter hangs\u00falyozta, hogy mivel az Egyes\u00fclt \u00c1llamok nem hajland\u00f3 megt\u00e9r\u00edteni Oroszorsz\u00e1gnak a v\u00e9d\u0151v\u00e1mok bevezet\u00e9se miatt keletkez\u0151 vesztes\u00e9geket, a Kereskedelmi Vil\u00e1gszervezetet (WTO) szab\u00e1lyaival \u00f6sszhangban, ellens\u00falyoz\u00f3 int\u00e9zked\u00e9seket vezetnek be. M\u00e1r a k\u00f6zelj\u00f6v\u0151ben p\u00f3tv\u00e1mokat vetnek p\u00e9ld\u00e1ul az amerikai \u00e9p\u00edt\u00e9si \u00e9s \u00fat\u00e9p\u00edt\u0151 g\u00e9pekre, amelyeknek van helyettes\u00edt\u0151je az orosz piacon, \u00edgy nem gyakorolnak kedvez\u0151tlen hat\u00e1st a makrogazdas\u00e1gi mutat\u00f3kra.<br \/>\n    Donald Trump amerikai eln\u00f6k m\u00e1rcius 8-\u00e1n \u00edrta al\u00e1 az ac\u00e9l- \u00e9s alum\u00edniumterm\u00e9kek importj\u00e1ra kivetett v\u00e1mokr\u00f3l sz\u00f3l\u00f3 eln\u00f6ki nyilatkozatokat, amelyek m\u00e1rcius 23-\u00e1n l\u00e9pnek hat\u00e1lyba.<br \/>\n<div class=\"ads-in-post2\"><script async src=\"https:\/\/pagead2.googlesyndication.com\/pagead\/js\/adsbygoogle.js\"><\/script>\r\n<ins class=\"adsbygoogle\"\r\n     style=\"display:block\"\r\n     data-ad-format=\"fluid\"\r\n     data-ad-layout-key=\"-6t+ed+2i-1n-4w\"\r\n     data-ad-client=\"ca-pub-1959107119989764\"\r\n     data-ad-slot=\"4008251320\"><\/ins>\r\n<script>\r\n     (adsbygoogle = window.adsbygoogle || []).push({});\r\n<\/script><\/div>\n    Oroszorsz\u00e1g amerikai ac\u00e9lexportj\u00e1nak \u00e9rt\u00e9ke 1,512 milli\u00e1rd doll\u00e1rra, az alum\u00edniumterm\u00e9kek\u00e9 pedig 1,646 milli\u00e1rd doll\u00e1rra r\u00fag. Az orosz korm\u00e1ny m\u00e1jus 22-\u00e9n t\u00e1j\u00e9koztatta a WTO-t, hogy sz\u00e1m\u00edt\u00e1sai szerint az amerikai p\u00f3tl\u00f3lagos v\u00e1mok 537,6 milli\u00f3 doll\u00e1r vesztes\u00e9get okoznak az oroszorsz\u00e1gi export\u0151r\u00f6knek. A WTO szab\u00e1lyainak \u00e9rtelm\u00e9ben az \u00e9rtes\u00edt\u00e9st\u0151l eltelt 30 nap m\u00falva Oroszorsz\u00e1g jogosult a vesztes\u00e9ggel azonos \u00e9rt\u00e9kben ellenint\u00e9zked\u00e9seket tenni.<br \/>\n    A gazdas\u00e1gfejleszt\u00e9si miniszt\u00e9rium k\u00f6zl\u00e9se szerint p\u00e1r napon bel\u00fcl k\u00f6zz\u00e9teszik azoknak a term\u00e9keknek a list\u00e1j\u00e1t, amelyekre p\u00f3tv\u00e1mot vetnek ki. Oroszorsz\u00e1g nem haszn\u00e1lja ki teljes m\u00e9rt\u00e9kben az 537,6 milli\u00f3 doll\u00e1ros keret\u00f6sszeget, az els\u0151 szakaszban 93 milli\u00f3 doll\u00e1r k\u00f6r\u00fcli \u00f6sszegre sz\u00e1m\u00edt a p\u00f3tv\u00e1mok kivet\u00e9s\u00e9b\u0151l.<br \/>\n    Oroszorsz\u00e1g jelezte azt is, hogy csatlakozni k\u00edv\u00e1n az Eur\u00f3pai Uni\u00f3 \u00e1ltal az Egyes\u00fclt \u00c1llamokkal szemben a WTO-n\u00e1l j\u00fanius 1-j\u00e9n elind\u00edtott jogi elj\u00e1r\u00e1shoz. A vitarendez\u00e9si folyamatban els\u0151 l\u00e9p\u00e9sk\u00e9nt az uni\u00f3 konzult\u00e1ci\u00f3t k\u00e9rt az Egyes\u00fclt \u00c1llamokt\u00f3l. Moszkva, f\u00fcggetlen\u00fcl att\u00f3l, hogy harmadik f\u00e9lk\u00e9nt r\u00e9szt akar venni a vit\u00e1ban, fenntartja a jogot arra, hogy hasonl\u00f3 elj\u00e1r\u00e1st ind\u00edtson a Kereskedelmi Vil\u00e1gszervezetn\u00e9l.(MTI)<\/p>\n","protected":false},"excerpt":{"rendered":"<p>Oroszorsz\u00e1g p\u00f3tv\u00e1mokat vet ki amerikai importcikkekre, v\u00e1laszul arra, hogy az Egyes\u00fclt \u00c1llamok az ac\u00e9l- \u00e9s alum\u00edniumterm\u00e9kek behozatal\u00e1t 25, illetve 10 sz\u00e1zal\u00e9kos v\u00e1mmal s\u00fajtotta &#8211; jelentette be Makszim Oreskin orosz gazdas\u00e1gfejleszt\u00e9si miniszter.<\/p>\n","protected":false},"author":1,"featured_media":0,"comment_status":"closed","ping_status":"open","sticky":false,"template":"","format":"standard","meta":[],"categories":[12,246],"tags":[],"_links":{"self":[{"href":"https:\/\/gazdasagportal.hu\/index.php\/wp-json\/wp\/v2\/posts\/106345"}],"collection":[{"href":"https:\/\/gazdasagportal.hu\/index.php\/wp-json\/wp\/v2\/posts"}],"about":[{"href":"https:\/\/gazdasagportal.hu\/index.php\/wp-json\/wp\/v2\/types\/post"}],"author":[{"embeddable":true,"href":"https:\/\/gazdasagportal.hu\/index.php\/wp-json\/wp\/v2\/users\/1"}],"replies":[{"embeddable":true,"href":"https:\/\/gazdasagportal.hu\/index.php\/wp-json\/wp\/v2\/comments?post=106345"}],"version-history":[{"count":1,"href":"https:\/\/gazdasagportal.hu\/index.php\/wp-json\/wp\/v2\/posts\/106345\/revisions"}],"predecessor-version":[{"id":106346,"href":"https:\/\/gazdasagportal.hu\/index.php\/wp-json\/wp\/v2\/posts\/106345\/revisions\/106346"}],"wp:attachment":[{"href":"https:\/\/gazdasagportal.hu\/index.php\/wp-json\/wp\/v2\/media?parent=106345"}],"wp:term":[{"taxonomy":"category","embeddable":true,"href":"https:\/\/gazdasagportal.hu\/index.php\/wp-json\/wp\/v2\/categories?post=106345"},{"taxonomy":"post_tag","embeddable":true,"href":"https:\/\/gazdasagportal.hu\/index.php\/wp-json\/wp\/v2\/tags?post=106345"}],"curies":[{"name":"wp","href":"https:\/\/api.w.org\/{rel}","templated":true}]}}