{"id":106335,"date":"2018-06-20T07:02:45","date_gmt":"2018-06-20T05:02:45","guid":{"rendered":"http:\/\/gazdasagportal.hu\/?p=106335"},"modified":"2018-06-20T07:02:45","modified_gmt":"2018-06-20T05:02:45","slug":"az-egyesult-allamok-kilep-az-ensz-emberi-jogi-tanacsabol","status":"publish","type":"post","link":"https:\/\/gazdasagportal.hu\/index.php\/az-egyesult-allamok-kilep-az-ensz-emberi-jogi-tanacsabol\/","title":{"rendered":"Az Egyes\u00fclt \u00c1llamok kil\u00e9p az ENSZ Emberi Jogi Tan\u00e1cs\u00e1b\u00f3l"},"content":{"rendered":"<p><strong>Az Egyes\u00fclt \u00c1llamok kil\u00e9p az ENSZ Emberi Jogi Tan\u00e1cs\u00e1b\u00f3l &#8211; jelentette be kedden Washingtonban Nikki Haley amerikai ENSZ-nagyk\u00f6vet, aki szerint a tan\u00e1cs nem m\u00e9lt\u00f3 a nev\u00e9re.<\/strong><!--more--><\/p>\n<div class=\"ads-in-post1\"><div id=\"gazdasagportal.hu_fullbanner_wideboard\"><\/div>\r\n<\/div>\n<p>    Nikki Haley lesz\u00f6gezte: a kil\u00e9p\u00e9s nem jelenti azt, hogy az Egyes\u00fclt \u00c1llamok ne tartan\u00e1 be kor\u00e1bbi emberi jogi k\u00f6telezetts\u00e9gv\u00e1llal\u00e1sait.<br \/>\n    &#8222;Vil\u00e1goss\u00e1 akarom tenni, hogy ez a l\u00e9p\u00e9s nem azt jelenti, hogy feladn\u00e1nk elk\u00f6telezetts\u00e9g\u00fcnket az emberi jogok ter\u00e9n&#8221; &#8211; fogalmazott.<br \/>\n     A k\u00fcl\u00fcgyminiszt\u00e9riumban Mike Pompeo t\u00e1rcavezet\u0151vel k\u00f6z\u00f6sen a sajt\u00f3 el\u00e9 \u00e1ll\u00f3 diplomata b\u00edr\u00e1lta a vil\u00e1gszervezet genfi sz\u00e9khely\u0171 test\u00fclet\u00e9t, \u00e9s azt hangoztatta, hogy a szervezet &#8222;\u00e1lszent \u00e9s \u00f6nc\u00e9l\u00fa&#8221;, \u00e9s val\u00f3j\u00e1ban &#8222;g\u00fanyt \u0171z az emberi jogokb\u00f3l&#8221;. Hozz\u00e1tette: Washington az\u00e9rt l\u00e9p ki, mert &#8222;egyetlen orsz\u00e1gnak sem volt b\u00e1tors\u00e1ga&#8221;, hogy csatlakozz\u00e9k a szervezet megreform\u00e1l\u00e1s\u00e1t c\u00e9lz\u00f3 amerikai t\u00f6rekv\u00e9sekhez, \u00e9s m\u00e9g az Egyes\u00fclt \u00c1llamokkal azonos v\u00e9lem\u00e9nyen l\u00e9v\u0151 orsz\u00e1gok sem k\u00edv\u00e1nt\u00e1k ny\u00edltan b\u00edr\u00e1lni a 47 tag\u00fa tan\u00e1cs munk\u00e1j\u00e1t.<br \/>\n<div class=\"ads-in-post2\"><script async src=\"https:\/\/pagead2.googlesyndication.com\/pagead\/js\/adsbygoogle.js\"><\/script>\r\n<ins class=\"adsbygoogle\"\r\n     style=\"display:block\"\r\n     data-ad-format=\"fluid\"\r\n     data-ad-layout-key=\"-6t+ed+2i-1n-4w\"\r\n     data-ad-client=\"ca-pub-1959107119989764\"\r\n     data-ad-slot=\"4008251320\"><\/ins>\r\n<script>\r\n     (adsbygoogle = window.adsbygoogle || []).push({});\r\n<\/script><\/div>\n    B\u00edr\u00e1lat\u00e1ban n\u00e9v szerint megeml\u00edtette Oroszorsz\u00e1got, K\u00edn\u00e1t, Kub\u00e1t \u00e9s Egyiptomot mint olyan \u00e1llamokat, amelyek kifejezetten g\u00e1tolt\u00e1k a szervezet megreform\u00e1l\u00e1s\u00e1t. Majd tov\u00e1bbi orsz\u00e1gokat sorolt, amelyek tagjai ugyan a tan\u00e1csnak, de &#8222;ijeszt\u0151en nem tartj\u00e1k tiszteletben az alapvet\u0151 emberi jogokat&#8221;. Ezzel \u00f6sszef\u00fcgg\u00e9sben Venezuel\u00e1t, K\u00edn\u00e1t, Kub\u00e1t \u00e9s a k\u00f6z\u00e9p-afrikai Kong\u00f3i Demokratikus K\u00f6zt\u00e1rsas\u00e1got nevezte meg.<br \/>\n    A d\u00f6nt\u00e9st magyar\u00e1zva Nikki Haley meggy\u0151z\u0151d\u00e9s\u00e9t fejezte ki, hogy az Emberi Jogi Tan\u00e1cs munk\u00e1j\u00e1t nem az emberi jogok helyzete, hanem politikai megfontol\u00e1sok motiv\u00e1lj\u00e1k. Ezt bizony\u00edtja az is &#8211; mondta -, hogy a szervezet &#8222;ar\u00e1nytalan m\u00e9rt\u00e9kben&#8221; foglalkozik Izraellel \u00e9s folyamatosan elfogult Izraellel szemben. Haley egy\u00e9bk\u00e9nt m\u00e1r kor\u00e1bban is t\u00f6bbsz\u00f6r azzal v\u00e1dolta meg a szervezetet, hogy &#8222;betegesen elfogult&#8221; Izraellel szemben.<br \/>\n    Az ENSZ emberi jogi f\u0151biztosa, Zeid Raad al-Husszein csal\u00f3d\u00e1s\u00e1t fejezte ki a washingtoni bejelent\u00e9s miatt. Zeid Raad al-Husszein azt \u00edrta Twitter-\u00fczenet\u00e9ben: &#8222;elszomor\u00edt\u00f3, de nem meglep\u0151 h\u00edr&#8221; az amerikai kil\u00e9p\u00e9s.<br \/>\n    &#8222;Tekintettel az emberi jogok jelenlegi helyzet\u00e9re a vil\u00e1gban, az Egyes\u00fclt \u00c1llamoknak m\u00e9g nagyobb szerepet kellene v\u00e1llalnia, nem pedig kivonulni&#8221; &#8211; v\u00e9lekedett a diplomata, Nikki Haley bejelent\u00e9s\u00e9re reag\u00e1lva.<br \/>\n    Washington egy nappal azut\u00e1n jelentette be kil\u00e9p\u00e9s\u00e9t a test\u00fcletb\u0151l, hogy Zeid Raad al-Husszein az Emberi Jogi Tan\u00e1cs 38. \u00fcl\u00e9sszak\u00e1nak megnyit\u00f3j\u00e1n el\u00edt\u00e9lte a Trump-korm\u00e1nynak azt a szerinte &#8222;lelkiismeretlen&#8221; gyakorlat\u00e1t, amely szerint az illeg\u00e1lis bev\u00e1ndorl\u00f3kt\u00f3l a mexik\u00f3i hat\u00e1ron er\u0151vel elv\u00e1lasztj\u00e1k gyermekeiket.<br \/>\n    Az ENSZ Emberi Jogi Tan\u00e1cs\u00e1t 2006-ban h\u00edvt\u00e1k \u00e9letre, amikor megsz\u00fcntett\u00e9k a vil\u00e1gszervezet Emberi Jogi Bizotts\u00e1g\u00e1t, mert kudarcot vallott az emberi jogok v\u00e9delm\u00e9t szolg\u00e1l\u00f3 k\u00fcldet\u00e9se megval\u00f3s\u00edt\u00e1s\u00e1ban, r\u00e1ad\u00e1sul olyan orsz\u00e1goknak is lehet\u0151v\u00e9 tette a tags\u00e1got, amelyekben pedig k\u00f6ztudom\u00e1s\u00faan s\u00falyos az emberi jogok helyzete. 2009-ben az akkori amerikai eln\u00f6k, George W. Bush h\u00e1rom \u00e9ven kereszt\u00fcl elutas\u00edtotta, hogy az Egyes\u00fclt \u00c1llamok csatlakozz\u00e9k az Emberi Jogi Tan\u00e1cshoz, arra hivatkozva, hogy az \u00faj szervezet nem bizony\u00edtotta, hogy jobb lenne el\u0151dj\u00e9n\u00e9l.<br \/>\n    Az Egyes\u00fclt \u00c1llamok 2009-ben, Barack Obama eln\u00f6ks\u00e9ge idej\u00e9n csatlakozott a Tan\u00e1cshoz.(MTI)<\/p>\n","protected":false},"excerpt":{"rendered":"<p>Az Egyes\u00fclt \u00c1llamok kil\u00e9p az ENSZ Emberi Jogi Tan\u00e1cs\u00e1b\u00f3l &#8211; jelentette be kedden Washingtonban Nikki Haley amerikai ENSZ-nagyk\u00f6vet, aki szerint a tan\u00e1cs nem m\u00e9lt\u00f3 a nev\u00e9re.<\/p>\n","protected":false},"author":1,"featured_media":0,"comment_status":"closed","ping_status":"open","sticky":false,"template":"","format":"standard","meta":[],"categories":[13,12],"tags":[],"_links":{"self":[{"href":"https:\/\/gazdasagportal.hu\/index.php\/wp-json\/wp\/v2\/posts\/106335"}],"collection":[{"href":"https:\/\/gazdasagportal.hu\/index.php\/wp-json\/wp\/v2\/posts"}],"about":[{"href":"https:\/\/gazdasagportal.hu\/index.php\/wp-json\/wp\/v2\/types\/post"}],"author":[{"embeddable":true,"href":"https:\/\/gazdasagportal.hu\/index.php\/wp-json\/wp\/v2\/users\/1"}],"replies":[{"embeddable":true,"href":"https:\/\/gazdasagportal.hu\/index.php\/wp-json\/wp\/v2\/comments?post=106335"}],"version-history":[{"count":1,"href":"https:\/\/gazdasagportal.hu\/index.php\/wp-json\/wp\/v2\/posts\/106335\/revisions"}],"predecessor-version":[{"id":106336,"href":"https:\/\/gazdasagportal.hu\/index.php\/wp-json\/wp\/v2\/posts\/106335\/revisions\/106336"}],"wp:attachment":[{"href":"https:\/\/gazdasagportal.hu\/index.php\/wp-json\/wp\/v2\/media?parent=106335"}],"wp:term":[{"taxonomy":"category","embeddable":true,"href":"https:\/\/gazdasagportal.hu\/index.php\/wp-json\/wp\/v2\/categories?post=106335"},{"taxonomy":"post_tag","embeddable":true,"href":"https:\/\/gazdasagportal.hu\/index.php\/wp-json\/wp\/v2\/tags?post=106335"}],"curies":[{"name":"wp","href":"https:\/\/api.w.org\/{rel}","templated":true}]}}