{"id":106321,"date":"2018-06-19T12:48:32","date_gmt":"2018-06-19T10:48:32","guid":{"rendered":"http:\/\/gazdasagportal.hu\/?p=106321"},"modified":"2018-06-19T12:48:32","modified_gmt":"2018-06-19T10:48:32","slug":"mnb-az-adossagfek-modositasaval-osztonoznek-a-hosszabb-kamatrogzitesu-hitelek-valasztasat","status":"publish","type":"post","link":"https:\/\/gazdasagportal.hu\/index.php\/mnb-az-adossagfek-modositasaval-osztonoznek-a-hosszabb-kamatrogzitesu-hitelek-valasztasat\/","title":{"rendered":"MNB: az ad\u00f3ss\u00e1gf\u00e9k m\u00f3dos\u00edt\u00e1s\u00e1val \u00f6szt\u00f6n\u00f6zn\u00e9k a hosszabb kamatr\u00f6gz\u00edt\u00e9s\u0171 hitelek v\u00e1laszt\u00e1s\u00e1t"},"content":{"rendered":"<p><strong>Az ad\u00f3ss\u00e1gf\u00e9k szab\u00e1lyainak m\u00f3dos\u00edt\u00e1s\u00e1val a jegybank szeretn\u00e9 jobban \u00f6szt\u00f6n\u00f6zni a hitelfelvev\u0151ket arra, hogy a hosszabb kamatr\u00f6gz\u00edt\u00e9s\u0171 hitelkonstrukc\u00f3kat v\u00e1lassz\u00e1k &#8211; mondta Szombati Anik\u00f3, a Magyar Nemzeti Bank (MNB) makroprudenci\u00e1lis politik\u00e1\u00e9rt felel\u0151s \u00fcgyvezet\u0151 igazgat\u00f3ja kedden az M1 aktu\u00e1lis csatorn\u00e1n.<\/strong><!--more--><\/p>\n<div class=\"ads-in-post1\"><div id=\"gazdasagportal.hu_fullbanner_wideboard\"><\/div>\r\n<\/div>\n<p>    Felid\u00e9zte, hogy az ad\u00f3ss\u00e1gf\u00e9k szab\u00e1lyainak 2015-\u00f6s bevezet\u00e9se el\u0151tt jellemz\u0151 volt a t\u00falad\u00f3sod\u00e1s a devizahitelez\u00e9s sor\u00e1n.<br \/>\n    C\u00e9l, hogy az \u00fcgyfelek havi t\u00f6rleszt\u0151 r\u00e9szlete hossz\u00fa t\u00e1von kisz\u00e1m\u00edthat\u00f3, biztons\u00e1gos m\u00e9rt\u00e9k\u0171 \u00e9s el\u0151re l\u00e1that\u00f3 legyen &#8211; tette hozz\u00e1 az MNB \u00fcgyvezet\u0151 igazgat\u00f3ja.<br \/>\n(MTI)<br \/>\n<div class=\"ads-in-post2\"><script async src=\"https:\/\/pagead2.googlesyndication.com\/pagead\/js\/adsbygoogle.js\"><\/script>\r\n<ins class=\"adsbygoogle\"\r\n     style=\"display:block\"\r\n     data-ad-format=\"fluid\"\r\n     data-ad-layout-key=\"-6t+ed+2i-1n-4w\"\r\n     data-ad-client=\"ca-pub-1959107119989764\"\r\n     data-ad-slot=\"4008251320\"><\/ins>\r\n<script>\r\n     (adsbygoogle = window.adsbygoogle || []).push({});\r\n<\/script><\/div>\n","protected":false},"excerpt":{"rendered":"<p>Az ad\u00f3ss\u00e1gf\u00e9k szab\u00e1lyainak m\u00f3dos\u00edt\u00e1s\u00e1val a jegybank szeretn\u00e9 jobban \u00f6szt\u00f6n\u00f6zni a hitelfelvev\u0151ket arra, hogy a hosszabb kamatr\u00f6gz\u00edt\u00e9s\u0171 hitelkonstrukc\u00f3kat v\u00e1lassz\u00e1k &#8211; mondta Szombati Anik\u00f3, a Magyar Nemzeti Bank (MNB) makroprudenci\u00e1lis politik\u00e1\u00e9rt felel\u0151s \u00fcgyvezet\u0151 igazgat\u00f3ja kedden az M1 aktu\u00e1lis csatorn\u00e1n.<\/p>\n","protected":false},"author":1,"featured_media":0,"comment_status":"closed","ping_status":"open","sticky":false,"template":"","format":"standard","meta":[],"categories":[4,19],"tags":[],"_links":{"self":[{"href":"https:\/\/gazdasagportal.hu\/index.php\/wp-json\/wp\/v2\/posts\/106321"}],"collection":[{"href":"https:\/\/gazdasagportal.hu\/index.php\/wp-json\/wp\/v2\/posts"}],"about":[{"href":"https:\/\/gazdasagportal.hu\/index.php\/wp-json\/wp\/v2\/types\/post"}],"author":[{"embeddable":true,"href":"https:\/\/gazdasagportal.hu\/index.php\/wp-json\/wp\/v2\/users\/1"}],"replies":[{"embeddable":true,"href":"https:\/\/gazdasagportal.hu\/index.php\/wp-json\/wp\/v2\/comments?post=106321"}],"version-history":[{"count":1,"href":"https:\/\/gazdasagportal.hu\/index.php\/wp-json\/wp\/v2\/posts\/106321\/revisions"}],"predecessor-version":[{"id":106322,"href":"https:\/\/gazdasagportal.hu\/index.php\/wp-json\/wp\/v2\/posts\/106321\/revisions\/106322"}],"wp:attachment":[{"href":"https:\/\/gazdasagportal.hu\/index.php\/wp-json\/wp\/v2\/media?parent=106321"}],"wp:term":[{"taxonomy":"category","embeddable":true,"href":"https:\/\/gazdasagportal.hu\/index.php\/wp-json\/wp\/v2\/categories?post=106321"},{"taxonomy":"post_tag","embeddable":true,"href":"https:\/\/gazdasagportal.hu\/index.php\/wp-json\/wp\/v2\/tags?post=106321"}],"curies":[{"name":"wp","href":"https:\/\/api.w.org\/{rel}","templated":true}]}}