{"id":106293,"date":"2018-06-18T13:00:02","date_gmt":"2018-06-18T11:00:02","guid":{"rendered":"http:\/\/gazdasagportal.hu\/?p=106293"},"modified":"2018-06-18T13:00:02","modified_gmt":"2018-06-18T11:00:02","slug":"elozetes-letartoztatasba-helyeztek-az-audi-igazgatotanacsanak-elnoket","status":"publish","type":"post","link":"https:\/\/gazdasagportal.hu\/index.php\/elozetes-letartoztatasba-helyeztek-az-audi-igazgatotanacsanak-elnoket\/","title":{"rendered":"El\u0151zetes letart\u00f3ztat\u00e1sba helyezt\u00e9k az Audi igazgat\u00f3tan\u00e1cs\u00e1nak eln\u00f6k\u00e9t"},"content":{"rendered":"<p><strong>El\u0151zetes letart\u00f3ztat\u00e1sba helyezt\u00e9k h\u00e9tf\u0151n az Audi n\u00e9met aut\u00f3gy\u00e1rt\u00f3 t\u00e1rsas\u00e1g igazgat\u00f3tan\u00e1cs\u00e1nak eln\u00f6k\u00e9t a tulajdonos Volkswagen csoport (VW) d\u00edzelbotr\u00e1ny\u00e1val \u00f6sszef\u00fcgg\u00e9sben.<\/strong><!--more--><\/p>\n<div class=\"ads-in-post1\"><div id=\"gazdasagportal.hu_fullbanner_wideboard\"><\/div>\r\n<\/div>\n<p>    A m\u00fcncheni \u00fcgy\u00e9szs\u00e9g k\u00f6zlem\u00e9nye szerint Rupert Stadlert b\u0171ncselekm\u00e9ny nyomai elt\u00fcntet\u00e9s\u00e9nek vesz\u00e9lye miatt kellett el\u0151zetes letart\u00f3ztat\u00e1sba helyezni.<br \/>\n    A t\u00e1rsas\u00e1g ellen szab\u00e1lytalan motorvez\u00e9rl\u0151 rendszerrel felszerelt d\u00edzelaut\u00f3k eur\u00f3pai \u00e9rt\u00e9kes\u00edt\u00e9se miatt folytatnak elj\u00e1r\u00e1st. Rupert Stadler m\u00e1jus v\u00e9g\u00e9n ker\u00fclt a gyan\u00fas\u00edtottak k\u00f6z\u00e9, akiknek sz\u00e1ma \u00edgy h\u00faszra emelkedett. K\u00f6zt\u00fck van az igazgat\u00f3tan\u00e1cs egy tagja, akinek nev\u00e9t nem hozt\u00e1k nyilv\u00e1noss\u00e1gra. N\u00e1la \u00e9s Rupert Stadlern\u00e9l h\u00e1zkutat\u00e1st is tartottak. Csal\u00e1ssal \u00e9s hamis \u00e1ll\u00edt\u00e1sok okirati hiteles\u00edt\u00e9s\u00e9ben val\u00f3 k\u00f6zrem\u0171k\u00f6d\u00e9ssel gyan\u00fas\u00edtj\u00e1k \u0151ket.<br \/>\n<div class=\"ads-in-post2\"><script async src=\"https:\/\/pagead2.googlesyndication.com\/pagead\/js\/adsbygoogle.js\"><\/script>\r\n<ins class=\"adsbygoogle\"\r\n     style=\"display:block\"\r\n     data-ad-format=\"fluid\"\r\n     data-ad-layout-key=\"-6t+ed+2i-1n-4w\"\r\n     data-ad-client=\"ca-pub-1959107119989764\"\r\n     data-ad-slot=\"4008251320\"><\/ins>\r\n<script>\r\n     (adsbygoogle = window.adsbygoogle || []).push({});\r\n<\/script><\/div>\n    A VW d\u00edzelbotr\u00e1ny\u00e1nak 2015-\u00f6s kezdete \u00f3ta az Audi &#8211; r\u00e9szben a n\u00e9met k\u00f6z\u00fati k\u00f6zleked\u00e9si hat\u00f3s\u00e1g (KBA) utas\u00edt\u00e1s\u00e1ra, r\u00e9szben \u00f6nk\u00e9nt &#8211; t\u00f6bb mint 200 ezer aut\u00f3t h\u00edvott vissza szervizre a k\u00e1rosanyag-kibocs\u00e1t\u00e1st szab\u00e1lytalanul befoly\u00e1sol\u00f3 megold\u00e1sok miatt.<br \/>\n    A VW botr\u00e1nya 2015 szeptember\u00e9ben kezd\u0151d\u00f6tt, amikor az Egyes\u00fclt \u00c1llamok K\u00f6rnyezetv\u00e9delmi \u00dcgyn\u00f6ks\u00e9ge (EPA) megv\u00e1dolta a t\u00e1rsas\u00e1got, hogy olyan szoftvert telep\u00edtett 482 ezer d\u00edzel\u00fczem\u0171 j\u00e1rm\u0171 kipufog\u00f3g\u00e1z-tiszt\u00edt\u00f3 berendez\u00e9s\u00e9be, amely \u00e9rz\u00e9keli a m\u00e9r\u00e9s k\u00f6r\u00fclm\u00e9nyeit. Az aut\u00f3 \u00edgy a teszteken a val\u00f3s\u00e1gos nitrog\u00e9n-oxid-kibocs\u00e1t\u00e1s t\u00f6red\u00e9k\u00e9t produk\u00e1lja, vagyis csal a vizsg\u00e1n. A VW elismerte a csal\u00e1st. Az \u00e9rintett csaknem 11 milli\u00f3 j\u00e1rm\u0171b\u0151l 8,5 milli\u00f3t az Eur\u00f3pai Uni\u00f3ban adtak el.<br \/>\n    A Gy\u0151rben motorgy\u00e1rat m\u0171k\u00f6dtet\u0151 Audi tavaly 60,128 milli\u00e1rd eur\u00f3 (19240 milli\u00e1rd forint) \u00e1rbev\u00e9telt \u00e9rt el, ami 1,4 sz\u00e1zal\u00e9kos n\u00f6veked\u00e9s az egy \u00e9vvel kor\u00e1bbihoz k\u00e9pest. Az ad\u00f3z\u00e1s ut\u00e1ni eredm\u00e9nye 2,07 milli\u00e1rd eur\u00f3r\u00f3l 3,48 milli\u00e1rd eur\u00f3ra emelkedett. A kisz\u00e1ll\u00edtott j\u00e1rm\u0171vek sz\u00e1ma 0,6 sz\u00e1zal\u00e9kkal 1 867 738 darabra emelkedett.<br \/>\n(MTI)<\/p>\n","protected":false},"excerpt":{"rendered":"<p>El\u0151zetes letart\u00f3ztat\u00e1sba helyezt\u00e9k h\u00e9tf\u0151n az Audi n\u00e9met aut\u00f3gy\u00e1rt\u00f3 t\u00e1rsas\u00e1g igazgat\u00f3tan\u00e1cs\u00e1nak eln\u00f6k\u00e9t a tulajdonos Volkswagen csoport (VW) d\u00edzelbotr\u00e1ny\u00e1val \u00f6sszef\u00fcgg\u00e9sben.<\/p>\n","protected":false},"author":1,"featured_media":0,"comment_status":"closed","ping_status":"open","sticky":false,"template":"","format":"standard","meta":[],"categories":[12,8],"tags":[],"_links":{"self":[{"href":"https:\/\/gazdasagportal.hu\/index.php\/wp-json\/wp\/v2\/posts\/106293"}],"collection":[{"href":"https:\/\/gazdasagportal.hu\/index.php\/wp-json\/wp\/v2\/posts"}],"about":[{"href":"https:\/\/gazdasagportal.hu\/index.php\/wp-json\/wp\/v2\/types\/post"}],"author":[{"embeddable":true,"href":"https:\/\/gazdasagportal.hu\/index.php\/wp-json\/wp\/v2\/users\/1"}],"replies":[{"embeddable":true,"href":"https:\/\/gazdasagportal.hu\/index.php\/wp-json\/wp\/v2\/comments?post=106293"}],"version-history":[{"count":1,"href":"https:\/\/gazdasagportal.hu\/index.php\/wp-json\/wp\/v2\/posts\/106293\/revisions"}],"predecessor-version":[{"id":106294,"href":"https:\/\/gazdasagportal.hu\/index.php\/wp-json\/wp\/v2\/posts\/106293\/revisions\/106294"}],"wp:attachment":[{"href":"https:\/\/gazdasagportal.hu\/index.php\/wp-json\/wp\/v2\/media?parent=106293"}],"wp:term":[{"taxonomy":"category","embeddable":true,"href":"https:\/\/gazdasagportal.hu\/index.php\/wp-json\/wp\/v2\/categories?post=106293"},{"taxonomy":"post_tag","embeddable":true,"href":"https:\/\/gazdasagportal.hu\/index.php\/wp-json\/wp\/v2\/tags?post=106293"}],"curies":[{"name":"wp","href":"https:\/\/api.w.org\/{rel}","templated":true}]}}