{"id":106288,"date":"2018-06-18T10:20:07","date_gmt":"2018-06-18T08:20:07","guid":{"rendered":"http:\/\/gazdasagportal.hu\/?p=106288"},"modified":"2018-06-18T10:20:07","modified_gmt":"2018-06-18T08:20:07","slug":"a-juniusi-viharok-kozel-ketmilliard-forint-kart-okoztak","status":"publish","type":"post","link":"https:\/\/gazdasagportal.hu\/index.php\/a-juniusi-viharok-kozel-ketmilliard-forint-kart-okoztak\/","title":{"rendered":"A j\u00faniusi viharok k\u00f6zel k\u00e9tmilli\u00e1rd forint k\u00e1rt okoztak"},"content":{"rendered":"<p><strong>A j\u00faniusi viharok ut\u00e1n a biztos\u00edt\u00f3khoz p\u00e9ntekig 18,5 ezer bejelent\u00e9s \u00e9rkezett, a k\u00e1rok el\u0151zetesen becs\u00fclt \u00e9rt\u00e9ke 1,914 milli\u00e1rd forint &#8211; k\u00f6z\u00f6lte a Magyar Biztos\u00edt\u00f3k Sz\u00f6vets\u00e9ge (Mabisz) h\u00e9tf\u0151n az MTI-vel.<\/strong><!--more--><\/p>\n<div class=\"ads-in-post1\"><div id=\"gazdasagportal.hu_fullbanner_wideboard\"><\/div>\r\n<\/div>\n<p>    A k\u00f6zlem\u00e9ny szerint az \u00e1tlagkifizet\u00e9sek egyes t\u00e1rsas\u00e1gokn\u00e1l el\u00e9rik a 130 ezer forintot.<br \/>\n    Mivel azonban t\u00f6bb biztos\u00edt\u00f3 a k\u00f6vetkez\u0151 napokban \u00fajabb bejelent\u00e9sekre sz\u00e1m\u00edt, a k\u00e1rok nagys\u00e1ga m\u00e9g n\u0151het.<br \/>\n    A bejelent\u00e9sek jelent\u0151s r\u00e9sze a helyenk\u00e9nt \u00f6z\u00f6nv\u00edzszer\u0171 es\u0151z\u00e9s miatt keletkezett plafon \u00e9s pince be\u00e1z\u00e1sokhoz kapcsol\u00f3dik. S\u00falyos gondokat okoztak m\u00e9g a viharok, a vill\u00e1mcsap\u00e1sok, valamint a j\u00e9gver\u00e9s is.<br \/>\n<div class=\"ads-in-post2\"><script async src=\"https:\/\/pagead2.googlesyndication.com\/pagead\/js\/adsbygoogle.js\"><\/script>\r\n<ins class=\"adsbygoogle\"\r\n     style=\"display:block\"\r\n     data-ad-format=\"fluid\"\r\n     data-ad-layout-key=\"-6t+ed+2i-1n-4w\"\r\n     data-ad-client=\"ca-pub-1959107119989764\"\r\n     data-ad-slot=\"4008251320\"><\/ins>\r\n<script>\r\n     (adsbygoogle = window.adsbygoogle || []).push({});\r\n<\/script><\/div>\n    A jelenlegi adatok szerint a legt\u00f6bb k\u00e1r Budapestet, Pest, B\u00e1cs-Kiskun, Baranya, illetve Vas megy\u00e9t \u00e9rte &#8211; \u00edrt\u00e1k.<br \/>\n    Tavaly a t\u00e1rsas\u00e1gok a m\u00e1jus-augusztus k\u00f6z\u00f6tti id\u0151j\u00e1r\u00e1s miatt k\u00f6zel hatmilli\u00e1rd forintot ford\u00edtottak a lak\u00e1sbiztos\u00edt\u00e1ssal rendelkez\u0151 ingatlantulajdonosok k\u00e1rtalan\u00edt\u00e1s\u00e1ra.<br \/>\n    Kit\u00e9rtek arra is, hogy a Mabisz megb\u00edz\u00e1s\u00e1b\u00f3l a Sz\u00e1zadv\u00e9g \u00e1ltal \u00e1prilis 20. \u00e9s m\u00e1jus 6. k\u00f6z\u00f6tt k\u00e9sz\u00edtett felm\u00e9r\u00e9s szerint 1102 megk\u00e9rdezett k\u00f6z\u00fcl 832-en rendelkeztek lak\u00e1sbiztos\u00edt\u00e1ssal \u00e9s 315 embernek volt lak\u00e1sbiztos\u00edt\u00e1si k\u00e1resem\u00e9nye az elm\u00falt \u00f6t \u00e9vben. A v\u00e1laszad\u00f3k 89,4 sz\u00e1zal\u00e9ka volt teljes m\u00e9rt\u00e9kben vagy ink\u00e1bb el\u00e9gedett biztos\u00edt\u00f3ja kapcsolattart\u00e1si m\u00f3dj\u00e1val, min\u0151s\u00e9g\u00e9vel, gyakoris\u00e1g\u00e1val, 87 sz\u00e1zal\u00e9ka a szerz\u0151d\u00e9si felt\u00e9telek betart\u00e1s\u00e1val. A k\u00e1rosultak 78 sz\u00e1zal\u00e9ka volt el\u00e9gedett a kapott \u00f6sszeggel \u00e9s 82 sz\u00e1zal\u00e9k a szolg\u00e1ltat\u00e1s teljes\u00edt\u00e9s\u00e9nek hat\u00e1ridej\u00e9vel.(MTI)<\/p>\n","protected":false},"excerpt":{"rendered":"<p>A j\u00faniusi viharok ut\u00e1n a biztos\u00edt\u00f3khoz p\u00e9ntekig 18,5 ezer bejelent\u00e9s \u00e9rkezett, a k\u00e1rok el\u0151zetesen becs\u00fclt \u00e9rt\u00e9ke 1,914 milli\u00e1rd forint &#8211; k\u00f6z\u00f6lte a Magyar Biztos\u00edt\u00f3k Sz\u00f6vets\u00e9ge (Mabisz) h\u00e9tf\u0151n az MTI-vel.<\/p>\n","protected":false},"author":1,"featured_media":0,"comment_status":"closed","ping_status":"open","sticky":false,"template":"","format":"standard","meta":[],"categories":[4,51,19],"tags":[],"_links":{"self":[{"href":"https:\/\/gazdasagportal.hu\/index.php\/wp-json\/wp\/v2\/posts\/106288"}],"collection":[{"href":"https:\/\/gazdasagportal.hu\/index.php\/wp-json\/wp\/v2\/posts"}],"about":[{"href":"https:\/\/gazdasagportal.hu\/index.php\/wp-json\/wp\/v2\/types\/post"}],"author":[{"embeddable":true,"href":"https:\/\/gazdasagportal.hu\/index.php\/wp-json\/wp\/v2\/users\/1"}],"replies":[{"embeddable":true,"href":"https:\/\/gazdasagportal.hu\/index.php\/wp-json\/wp\/v2\/comments?post=106288"}],"version-history":[{"count":1,"href":"https:\/\/gazdasagportal.hu\/index.php\/wp-json\/wp\/v2\/posts\/106288\/revisions"}],"predecessor-version":[{"id":106289,"href":"https:\/\/gazdasagportal.hu\/index.php\/wp-json\/wp\/v2\/posts\/106288\/revisions\/106289"}],"wp:attachment":[{"href":"https:\/\/gazdasagportal.hu\/index.php\/wp-json\/wp\/v2\/media?parent=106288"}],"wp:term":[{"taxonomy":"category","embeddable":true,"href":"https:\/\/gazdasagportal.hu\/index.php\/wp-json\/wp\/v2\/categories?post=106288"},{"taxonomy":"post_tag","embeddable":true,"href":"https:\/\/gazdasagportal.hu\/index.php\/wp-json\/wp\/v2\/tags?post=106288"}],"curies":[{"name":"wp","href":"https:\/\/api.w.org\/{rel}","templated":true}]}}