{"id":10624,"date":"2013-06-25T20:52:30","date_gmt":"2013-06-25T18:52:30","guid":{"rendered":"http:\/\/stockportal.hu\/?p=10624"},"modified":"2013-06-25T20:52:43","modified_gmt":"2013-06-25T18:52:43","slug":"eduard-herceg-szerint-novekszik-a-brit-befektetok-erdeklodese-romania-irant","status":"publish","type":"post","link":"https:\/\/gazdasagportal.hu\/index.php\/eduard-herceg-szerint-novekszik-a-brit-befektetok-erdeklodese-romania-irant\/","title":{"rendered":"Edu\u00e1rd herceg szerint n\u00f6vekszik a brit befektet\u0151k \u00e9rdekl\u0151d\u00e9se Rom\u00e1nia ir\u00e1nt"},"content":{"rendered":"<p><strong>Edu\u00e1rd herceg, II. Erzs\u00e9bet kir\u00e1lyn\u0151 legkisebb fia szerint \u00e9l\u00e9nk\u00fcl a brit befektet\u0151k \u00e9rdekl\u0151d\u00e9se Rom\u00e1nia ir\u00e1nt, ahova az \u00e9v eleje \u00f3ta a k\u00fclf\u00f6ldi befektet\u00e9sek 27 sz\u00e1zal\u00e9ka \u00e9rkezett Nagy Britanni\u00e1b\u00f3l.<!--more--><\/strong><\/p>\n<p>A brit kir\u00e1lyi csal\u00e1d tagja err\u0151l egy \u00fczleti port\u00e1l avat\u00f3j\u00e1n besz\u00e9lt kedden Bukarestben, els\u0151 hivatalos rom\u00e1niai l\u00e1togat\u00e1sa alkalm\u00e1b\u00f3l. A britishbusiness.ro honlapot a brit-rom\u00e1n kereskedelmi kamara \u00e9s Nagy-Britannia bukaresti nagyk\u00f6vets\u00e9ge ind\u00edtotta a brit befektet\u00e9sek b\u00e1tor\u00edt\u00e1sa \u00e9rdek\u00e9ben.<br \/>\nA rendezv\u00e9nyen a herceg elmondta: Rom\u00e1ni\u00e1t el\u0151ny\u00f6s f\u00f6ldrajzi fekv\u00e9se \u00e9s v\u00e1llalkoz\u00e1sbar\u00e1t gazdas\u00e1ga vonz\u00f3v\u00e1 teszi a brit befektet\u0151k sz\u00e1m\u00e1ra. Martin Harris brit nagyk\u00f6vet hozz\u00e1tette: Bukarest alig h\u00e1rom \u00f3r\u00e1nyi rep\u00fcl\u0151\u00fatra van Londont\u00f3l \u00e9s a k\u00e9t f\u0151v\u00e1rost napi h\u00e9t rep\u00fcl\u0151j\u00e1rat k\u00f6ti \u00f6ssze.<br \/>\nEdu\u00e1rd herceget, Wessex gr\u00f3fj\u00e1t kedden Traian Basescu rom\u00e1n \u00e1llamf\u0151 is fogadja.<br \/>\nA brit kir\u00e1lyi csal\u00e1d tagja a rom\u00e1niai British Council megnyit\u00e1s\u00e1nak 75. \u00e9vfordul\u00f3ja alkalm\u00e1b\u00f3l l\u00e1togatott Bukarestbe. A brit kultur\u00e1lis \u00e9s oktat\u00e1si int\u00e9zet 1938-ban ny\u00edlt meg a rom\u00e1n f\u0151v\u00e1rosban, negyedikk\u00e9nt Egyiptom, Portug\u00e1lia \u00e9s Lengyelorsz\u00e1g ut\u00e1n.(MTI)<\/p>\n","protected":false},"excerpt":{"rendered":"<p>Edu\u00e1rd herceg, II. Erzs\u00e9bet kir\u00e1lyn\u0151 legkisebb fia szerint \u00e9l\u00e9nk\u00fcl a brit befektet\u0151k \u00e9rdekl\u0151d\u00e9se Rom\u00e1nia ir\u00e1nt, ahova az \u00e9v eleje \u00f3ta a k\u00fclf\u00f6ldi befektet\u00e9sek 27 sz\u00e1zal\u00e9ka \u00e9rkezett Nagy Britanni\u00e1b\u00f3l.<\/p>\n","protected":false},"author":1,"featured_media":0,"comment_status":"open","ping_status":"closed","sticky":false,"template":"","format":"standard","meta":[],"categories":[12],"tags":[],"_links":{"self":[{"href":"https:\/\/gazdasagportal.hu\/index.php\/wp-json\/wp\/v2\/posts\/10624"}],"collection":[{"href":"https:\/\/gazdasagportal.hu\/index.php\/wp-json\/wp\/v2\/posts"}],"about":[{"href":"https:\/\/gazdasagportal.hu\/index.php\/wp-json\/wp\/v2\/types\/post"}],"author":[{"embeddable":true,"href":"https:\/\/gazdasagportal.hu\/index.php\/wp-json\/wp\/v2\/users\/1"}],"replies":[{"embeddable":true,"href":"https:\/\/gazdasagportal.hu\/index.php\/wp-json\/wp\/v2\/comments?post=10624"}],"version-history":[{"count":3,"href":"https:\/\/gazdasagportal.hu\/index.php\/wp-json\/wp\/v2\/posts\/10624\/revisions"}],"predecessor-version":[{"id":10626,"href":"https:\/\/gazdasagportal.hu\/index.php\/wp-json\/wp\/v2\/posts\/10624\/revisions\/10626"}],"wp:attachment":[{"href":"https:\/\/gazdasagportal.hu\/index.php\/wp-json\/wp\/v2\/media?parent=10624"}],"wp:term":[{"taxonomy":"category","embeddable":true,"href":"https:\/\/gazdasagportal.hu\/index.php\/wp-json\/wp\/v2\/categories?post=10624"},{"taxonomy":"post_tag","embeddable":true,"href":"https:\/\/gazdasagportal.hu\/index.php\/wp-json\/wp\/v2\/tags?post=10624"}],"curies":[{"name":"wp","href":"https:\/\/api.w.org\/{rel}","templated":true}]}}