{"id":106176,"date":"2018-06-13T10:34:35","date_gmt":"2018-06-13T08:34:35","guid":{"rendered":"http:\/\/gazdasagportal.hu\/?p=106176"},"modified":"2018-06-13T10:34:35","modified_gmt":"2018-06-13T08:34:35","slug":"ksh-aprilisban-78-szazalekkal-nott-az-ipari-termeles","status":"publish","type":"post","link":"https:\/\/gazdasagportal.hu\/index.php\/ksh-aprilisban-78-szazalekkal-nott-az-ipari-termeles\/","title":{"rendered":"KSH: \u00e1prilisban 7,8 sz\u00e1zal\u00e9kkal n\u0151tt az ipari termel\u00e9s"},"content":{"rendered":"<p><strong>\u00c1prilisban az ipari termel\u00e9s volumene 7,8 sz\u00e1zal\u00e9kkal meghaladta az el\u0151z\u0151 \u00e9v azonos id\u0151szakit a m\u00e1rciusi 2,4 sz\u00e1zal\u00e9kos cs\u00f6kken\u00e9s ut\u00e1n. A munkanaphat\u00e1st\u00f3l megtiszt\u00edtott adatok szerint a kibocs\u00e1t\u00e1s n\u00f6veked\u00e9se 2,9 sz\u00e1zal\u00e9kosra gyorsult az el\u0151z\u0151 havi 1,9 sz\u00e1zal\u00e9kr\u00f3l. A jelent\u0151s elt\u00e9r\u00e9st a nyers \u00e9s a kiigaz\u00edtott adatok k\u00f6z\u00f6tt az okozta, hogy id\u00e9n \u00e1prilisban kett\u0151vel t\u00f6bb munkanap volt, mint egy \u00e9vvel kor\u00e1bban &#8211; er\u0151s\u00edtette meg szerd\u00e1n m\u00e1sodik becsl\u00e9se alapj\u00e1n a K\u00f6zponti Statisztikai Hivatal (KSH).<\/strong><!--more--><\/p>\n<div class=\"ads-in-post1\"><div id=\"gazdasagportal.hu_fullbanner_wideboard\"><\/div>\r\n<\/div>\n<p>    Az el\u0151z\u0151 h\u00f3naphoz viszony\u00edtva a szezon\u00e1lisan \u00e9s munkanapt\u00e9nyez\u0151vel kiigaz\u00edtott ipari kibocs\u00e1t\u00e1s \u00e1prilisban 0,2 sz\u00e1zal\u00e9kkal emelkedett.<br \/>\n    Az  \u00e9v els\u0151 n\u00e9gy h\u00f3napj\u00e1ban ipari termel\u00e9s 3,8 sz\u00e1zal\u00e9kkal emelkedett. Az \u00f6sszes \u00e9rt\u00e9kes\u00edt\u00e9s 64 sz\u00e1zal\u00e9k\u00e1t ad\u00f3 k\u00fclpiaci elad\u00e1sok volumene 1,9, a 36 sz\u00e1zal\u00e9kot k\u00e9pvisel\u0151 hazai \u00e9rt\u00e9kes\u00edt\u00e9s\u00e9 5,9 sz\u00e1zal\u00e9kkal b\u0151v\u00fclt.<br \/>\n    A feldolgoz\u00f3ipar \u00e1prilisi termel\u00e9se 8,1 sz\u00e1zal\u00e9kkal, ezen bel\u00fcl a j\u00e1rm\u0171gy\u00e1rt\u00e1s 7,5 sz\u00e1zal\u00e9kkal n\u0151tt \u00e9ves \u00f6sszehasonl\u00edt\u00e1sban a m\u00e1rciusi 2,6 sz\u00e1zal\u00e9kos es\u00e9s\u00e9t k\u00f6vet\u0151en. A villamosberendez\u00e9sek gy\u00e1rt\u00e1sa 21,0 sz\u00e1zal\u00e9kkal megugrott, a g\u00e9pgy\u00e1rt\u00e1s viszont negyedik h\u00f3napja cs\u00f6kken, \u00e1prilisban 1,8 sz\u00e1zal\u00e9kkal. A gumiipar termel\u00e9se 20,5, a vegyipar\u00e9 10,9 sz\u00e1zal\u00e9kkal haladta meg az egy \u00e9vvel kor\u00e1bbit, a gy\u00f3gyszeripar kibocs\u00e1t\u00e1sa 2,9 sz\u00e1zal\u00e9kkal emelkedett. Az \u00e9lelmiszeripari termel\u00e9s 6,7 sz\u00e1zal\u00e9kkal emelkedett. Az energiaipar (villamosenergia-, g\u00e1z-, g\u0151zell\u00e1t\u00e1s, l\u00e9gkondicion\u00e1l\u00e1s) kibocs\u00e1t\u00e1sa 6,1 sz\u00e1zal\u00e9kkal  cs\u00f6kkent, f\u0151k\u00e9nt az el\u0151z\u0151 \u00e9vin\u00e9l enyh\u00e9bb id\u0151j\u00e1r\u00e1s hat\u00e1s\u00e1ra (Az \u00e1prilisi \u00e1tlagos k\u00f6z\u00e9ph\u0151m\u00e9rs\u00e9klet 5,2 Celsius-fokkal magasabb volt a tavalyin\u00e1l).<br \/>\n<div class=\"ads-in-post2\"><script async src=\"https:\/\/pagead2.googlesyndication.com\/pagead\/js\/adsbygoogle.js\"><\/script>\r\n<ins class=\"adsbygoogle\"\r\n     style=\"display:block\"\r\n     data-ad-format=\"fluid\"\r\n     data-ad-layout-key=\"-6t+ed+2i-1n-4w\"\r\n     data-ad-client=\"ca-pub-1959107119989764\"\r\n     data-ad-slot=\"4008251320\"><\/ins>\r\n<script>\r\n     (adsbygoogle = window.adsbygoogle || []).push({});\r\n<\/script><\/div>\n    Az ipari export volumene 8,6 sz\u00e1zal\u00e9kkal meghaladta az egy \u00e9vvel kor\u00e1bbit. A feldolgoz\u00f3ipari export\u00e9rt\u00e9kes\u00edt\u00e9s 36 sz\u00e1zal\u00e9k\u00e1t k\u00e9pvisel\u0151 j\u00e1rm\u0171gy\u00e1rt\u00e1s kivitele 7,6 sz\u00e1zal\u00e9kkal n\u0151tt, a sz\u00e1m\u00edt\u00f3g\u00e9p, elektronikai, optikai term\u00e9k gy\u00e1rt\u00e1s\u00e1nak k\u00fclpiaci elad\u00e1sai 4,6 sz\u00e1zal\u00e9kkal emelkedtek. A villamosberendez\u00e9sek kivitele 21,5 sz\u00e1zal\u00e9kkal, a gumiexport 20,0 sz\u00e1zal\u00e9kkal, a vegyipar\u00e9 14,5 sz\u00e1zal\u00e9kkal volt magasabb a tavaly \u00e1prilisin\u00e1l, az \u00e9lelmiszerek kivitele 2,9 sz\u00e1zal\u00e9kkal emelkedett.<br \/>\n    Az ipar belf\u00f6ldi \u00e9rt\u00e9kes\u00edt\u00e9se 5,9 sz\u00e1zal\u00e9kkal, ezen bel\u00fcl a feldolgoz\u00f3ipar\u00e9 11,3 sz\u00e1zal\u00e9kkal n\u0151tt, az energiaszektor\u00e9 8,5 sz\u00e1zal\u00e9kkal cs\u00f6kkent az el\u0151z\u0151 \u00e9v \u00e1prilis\u00e1hoz k\u00e9pest. A j\u00e1rm\u0171gy\u00e1rt\u00e1s belf\u00f6ldi elad\u00e1sai 30,0 sz\u00e1zal\u00e9kkal, a gumiipar\u00e9 24,5 sz\u00e1zal\u00e9kkal n\u0151tt, a sz\u00e1m\u00edt\u00e1stechnikai gy\u00e1rt\u00f3k\u00e9 viszont 22,6 sz\u00e1zal\u00e9kkal cs\u00f6kkent. A g\u00e9pipar 7,2, a villamosberendez\u00e9sek gy\u00e1rt\u00f3i 8,6 sz\u00e1zal\u00e9kkal n\u00f6velt\u00e9k belf\u00f6ldi \u00e9rt\u00e9kes\u00edt\u00e9s\u00fcket. A vegyipar elad\u00e1sai 16,9 sz\u00e1zal\u00e9kkal emelkedtek, a gy\u00f3gyszeripar\u00e9 13,3 sz\u00e1zal\u00e9kkal cs\u00f6kkentek. Az \u00e9lelmiszeripar belf\u00f6ldi \u00e9rt\u00e9kes\u00edt\u00e9sei v\u00e1ltozatlan \u00e1ron 6,4 sz\u00e1zal\u00e9kkal emelkedtek.<br \/>\n    M\u00e1s bont\u00e1sban a beruh\u00e1z\u00e1si javak belf\u00f6ldi elad\u00e1si volumene 13,6 sz\u00e1zal\u00e9kkal, a tov\u00e1bbi felhaszn\u00e1l\u00e1sra termel\u0151 alapanyag \u00e9s f\u00e9lk\u00e9szterm\u00e9k gy\u00e1rt\u00f3k elad\u00e1sai 17,4 sz\u00e1zal\u00e9kkal a tart\u00f3s fogyaszt\u00e1si cikkeket el\u0151\u00e1ll\u00edt\u00f3 termel\u0151k belf\u00f6ldi \u00e9rt\u00e9kes\u00edt\u00e9se 18,5 sz\u00e1zal\u00e9kkal haladta meg a tavaly \u00e1prilisit.<br \/>\n    A megfigyelt feldolgoz\u00f3ipari \u00e1gazatokhoz \u00e1prilisban befutott \u00faj rendel\u00e9sek 8,3 sz\u00e1zal\u00e9kkal haladt\u00e1k meg az egy \u00e9vvel kor\u00e1bbiakat, az \u00faj exportrendel\u00e9sek 8,9 sz\u00e1zal\u00e9kkal,  az \u00faj belf\u00f6ldi megrendel\u00e9sek 4,6 sz\u00e1zal\u00e9kkal n\u0151ttek. Az \u00f6sszes rendel\u00e9s\u00e1llom\u00e1ny ezzel egy\u00fctt is 7,1 sz\u00e1zal\u00e9kkal elmaradt a tavaly \u00e1prilisit\u00f3l, az exportrendel\u00e9sek 8,4 sz\u00e1zal\u00e9kkal alacsonyabbak a tavaly \u00e1prilisiakn\u00e1l, a j\u00e1rm\u0171ipari rendel\u00e9sek nyolcadik h\u00f3napja cs\u00f6kkenek, \u00e9s 7,2 sz\u00e1zal\u00e9kkal alacsonyabbak, mint egy \u00e9ve, a g\u00e9pipari export megrendel\u00e9sek 38,4 sz\u00e1zal\u00e9kkal estek vissza. A belf\u00f6ldi megrendel\u00e9sek \u00e1llom\u00e1nya ugyanakkor 14,3 sz\u00e1zal\u00e9kkal n\u0151tt, b\u00e1r a j\u00e1rm\u0171ipar rendel\u00e9sei 11,4 sz\u00e1zal\u00e9kkal, a sz\u00e1m\u00edt\u00e1stechnikai \u00e1gazatnak sz\u00f3l\u00f3 17,9 sz\u00e1zal\u00e9kkal  alacsonyabbak, a g\u00e9pipari rendel\u00e9s\u00e1llom\u00e1ny viszont 25,9 sz\u00e1zal\u00e9kkal n\u0151tt.(MTI)<\/p>\n","protected":false},"excerpt":{"rendered":"<p>\u00c1prilisban az ipari termel\u00e9s volumene 7,8 sz\u00e1zal\u00e9kkal meghaladta az el\u0151z\u0151 \u00e9v azonos id\u0151szakit a m\u00e1rciusi 2,4 sz\u00e1zal\u00e9kos cs\u00f6kken\u00e9s ut\u00e1n. A munkanaphat\u00e1st\u00f3l megtiszt\u00edtott adatok szerint a kibocs\u00e1t\u00e1s n\u00f6veked\u00e9se 2,9 sz\u00e1zal\u00e9kosra gyorsult az el\u0151z\u0151 havi 1,9 sz\u00e1zal\u00e9kr\u00f3l. A jelent\u0151s elt\u00e9r\u00e9st a nyers \u00e9s a kiigaz\u00edtott adatok k\u00f6z\u00f6tt az okozta, hogy id\u00e9n \u00e1prilisban kett\u0151vel t\u00f6bb munkanap volt, mint &#8230;<\/p>\n","protected":false},"author":1,"featured_media":0,"comment_status":"closed","ping_status":"open","sticky":false,"template":"","format":"standard","meta":[],"categories":[19],"tags":[],"_links":{"self":[{"href":"https:\/\/gazdasagportal.hu\/index.php\/wp-json\/wp\/v2\/posts\/106176"}],"collection":[{"href":"https:\/\/gazdasagportal.hu\/index.php\/wp-json\/wp\/v2\/posts"}],"about":[{"href":"https:\/\/gazdasagportal.hu\/index.php\/wp-json\/wp\/v2\/types\/post"}],"author":[{"embeddable":true,"href":"https:\/\/gazdasagportal.hu\/index.php\/wp-json\/wp\/v2\/users\/1"}],"replies":[{"embeddable":true,"href":"https:\/\/gazdasagportal.hu\/index.php\/wp-json\/wp\/v2\/comments?post=106176"}],"version-history":[{"count":1,"href":"https:\/\/gazdasagportal.hu\/index.php\/wp-json\/wp\/v2\/posts\/106176\/revisions"}],"predecessor-version":[{"id":106177,"href":"https:\/\/gazdasagportal.hu\/index.php\/wp-json\/wp\/v2\/posts\/106176\/revisions\/106177"}],"wp:attachment":[{"href":"https:\/\/gazdasagportal.hu\/index.php\/wp-json\/wp\/v2\/media?parent=106176"}],"wp:term":[{"taxonomy":"category","embeddable":true,"href":"https:\/\/gazdasagportal.hu\/index.php\/wp-json\/wp\/v2\/categories?post=106176"},{"taxonomy":"post_tag","embeddable":true,"href":"https:\/\/gazdasagportal.hu\/index.php\/wp-json\/wp\/v2\/tags?post=106176"}],"curies":[{"name":"wp","href":"https:\/\/api.w.org\/{rel}","templated":true}]}}