{"id":106100,"date":"2018-06-10T10:04:25","date_gmt":"2018-06-10T08:04:25","guid":{"rendered":"http:\/\/gazdasagportal.hu\/?p=106100"},"modified":"2018-06-10T10:04:25","modified_gmt":"2018-06-10T08:04:25","slug":"egy-azonositatlan-kisrepulo-miatt-riasztottak-a-magyar-honvedseg-gripenjet","status":"publish","type":"post","link":"https:\/\/gazdasagportal.hu\/index.php\/egy-azonositatlan-kisrepulo-miatt-riasztottak-a-magyar-honvedseg-gripenjet\/","title":{"rendered":"Egy azonos\u00edtatlan kisrep\u00fcl\u0151 miatt riasztott\u00e1k a Magyar Honv\u00e9ds\u00e9g Gripenj\u00e9t"},"content":{"rendered":"<p><strong>Egy azonos\u00edtatlan kisrep\u00fcl\u0151 miatt riasztott\u00e1k a Magyar Honv\u00e9ds\u00e9g Gripenj\u00e9t &#8211; t\u00e1j\u00e9koztatta a Honv\u00e9delmi Miniszt\u00e9rium vas\u00e1rnap az MTI-t.<\/strong><!--more--><\/p>\n<div class=\"ads-in-post1\"><div id=\"gazdasagportal.hu_fullbanner_wideboard\"><\/div>\r\n<\/div>\n<p>    K\u00f6zlem\u00e9ny\u00fck szerint szombaton \u00e9jszaka nem sokkal \u00e9jf\u00e9l el\u0151tt Beregsur\u00e1nyn\u00e1l l\u00e9pett be Magyarorsz\u00e1g l\u00e9gter\u00e9be egy kisrep\u00fcl\u0151, amely nem l\u00e9tes\u00edtett kapcsolatot a magyar polg\u00e1ri l\u00e9giforgalmi ir\u00e1ny\u00edt\u00e1ssal. Ez\u00e9rt a NATO Integr\u00e1lt L\u00e9givezet\u00e9si K\u00f6zpont riasztotta a Magyar Honv\u00e9ds\u00e9g k\u00e9sz\u00fclts\u00e9gi szolg\u00e1lat\u00e1t.<br \/>\n    A szolg\u00e1lat Gripenje az azonos\u00edtatlan l\u00e9gi j\u00e1rm\u0171 felett fed\u00e9lzeti infracsapda alkalmaz\u00e1s\u00e1val jelezte jelenl\u00e9t\u00e9t. A kisg\u00e9p t\u00f6bbsz\u00f6ri ir\u00e1nyv\u00e1lt\u00e1s ut\u00e1n hajnali f\u00e9l egy el\u0151tt n\u00e9h\u00e1ny perccel Beregdar\u00f3cn\u00e1l hagyta el a magyar l\u00e9gteret.<br \/>\n    Ezalatt a Magyar Honv\u00e9ds\u00e9g folyamatos kapcsolatban \u00e9s egy\u00fcttm\u0171k\u00f6d\u00e9sben volt a rend\u0151rs\u00e9g ter\u00fcletileg illet\u00e9kes megyei tev\u00e9kenys\u00e9g-ir\u00e1ny\u00edt\u00f3 k\u00f6zpontj\u00e1val &#8211; \u00edrta a HM.(MTI)<br \/>\n<div class=\"ads-in-post2\"><script async src=\"https:\/\/pagead2.googlesyndication.com\/pagead\/js\/adsbygoogle.js\"><\/script>\r\n<ins class=\"adsbygoogle\"\r\n     style=\"display:block\"\r\n     data-ad-format=\"fluid\"\r\n     data-ad-layout-key=\"-6t+ed+2i-1n-4w\"\r\n     data-ad-client=\"ca-pub-1959107119989764\"\r\n     data-ad-slot=\"4008251320\"><\/ins>\r\n<script>\r\n     (adsbygoogle = window.adsbygoogle || []).push({});\r\n<\/script><\/div>\n","protected":false},"excerpt":{"rendered":"<p>Egy azonos\u00edtatlan kisrep\u00fcl\u0151 miatt riasztott\u00e1k a Magyar Honv\u00e9ds\u00e9g Gripenj\u00e9t &#8211; t\u00e1j\u00e9koztatta a Honv\u00e9delmi Miniszt\u00e9rium vas\u00e1rnap az MTI-t.<\/p>\n","protected":false},"author":1,"featured_media":0,"comment_status":"closed","ping_status":"open","sticky":false,"template":"","format":"standard","meta":[],"categories":[4],"tags":[],"_links":{"self":[{"href":"https:\/\/gazdasagportal.hu\/index.php\/wp-json\/wp\/v2\/posts\/106100"}],"collection":[{"href":"https:\/\/gazdasagportal.hu\/index.php\/wp-json\/wp\/v2\/posts"}],"about":[{"href":"https:\/\/gazdasagportal.hu\/index.php\/wp-json\/wp\/v2\/types\/post"}],"author":[{"embeddable":true,"href":"https:\/\/gazdasagportal.hu\/index.php\/wp-json\/wp\/v2\/users\/1"}],"replies":[{"embeddable":true,"href":"https:\/\/gazdasagportal.hu\/index.php\/wp-json\/wp\/v2\/comments?post=106100"}],"version-history":[{"count":1,"href":"https:\/\/gazdasagportal.hu\/index.php\/wp-json\/wp\/v2\/posts\/106100\/revisions"}],"predecessor-version":[{"id":106101,"href":"https:\/\/gazdasagportal.hu\/index.php\/wp-json\/wp\/v2\/posts\/106100\/revisions\/106101"}],"wp:attachment":[{"href":"https:\/\/gazdasagportal.hu\/index.php\/wp-json\/wp\/v2\/media?parent=106100"}],"wp:term":[{"taxonomy":"category","embeddable":true,"href":"https:\/\/gazdasagportal.hu\/index.php\/wp-json\/wp\/v2\/categories?post=106100"},{"taxonomy":"post_tag","embeddable":true,"href":"https:\/\/gazdasagportal.hu\/index.php\/wp-json\/wp\/v2\/tags?post=106100"}],"curies":[{"name":"wp","href":"https:\/\/api.w.org\/{rel}","templated":true}]}}