{"id":106086,"date":"2018-06-09T10:20:37","date_gmt":"2018-06-09T08:20:37","guid":{"rendered":"http:\/\/gazdasagportal.hu\/?p=106086"},"modified":"2018-06-09T09:01:37","modified_gmt":"2018-06-09T07:01:37","slug":"az-accorhotels-megvasarolja-az-adoriat-a-vallalati-es-szerzodeses-catering-menedzsment-megoldasok-europai-vezetojet","status":"publish","type":"post","link":"https:\/\/gazdasagportal.hu\/index.php\/az-accorhotels-megvasarolja-az-adoriat-a-vallalati-es-szerzodeses-catering-menedzsment-megoldasok-europai-vezetojet\/","title":{"rendered":"Az AccorHotels megv\u00e1s\u00e1rolja az Adoriat, a v\u00e1llalati- \u00e9s szerz\u0151d\u00e9ses catering-menedzsment megold\u00e1sok eur\u00f3pai vezet\u0151j\u00e9t"},"content":{"rendered":"<p><strong>Az AccorHotels bejelenti az Adoria megv\u00e1s\u00e1rl\u00e1s\u00e1t, mely SaaS-platformk\u00e9nt lehet\u0151v\u00e9 teszi a catering ipar\u00e1g sz\u00e1m\u00e1ra, hogy optimaliz\u00e1lja a beszerz\u00e9seit.<\/strong><!--more--><\/p>\n<div class=\"ads-in-post1\"><div id=\"gazdasagportal.hu_fullbanner_wideboard\"><\/div>\r\n<\/div>\n<p>&nbsp;<\/p>\n<p>Az Adoria 2003-ban indult Franciaorsz\u00e1gban \u00e9s 2700 szervezet (30 catering csoport) haszn\u00e1lja, t\u00f6bb mint 300\u00a0000 akt\u00edv felhaszn\u00e1l\u00f3t \u00e9s t\u00f6bb mint 800 besz\u00e1ll\u00edt\u00f3t \u00e9s disztrib\u00fatort hoz \u00f6ssze.<\/p><div id=\"gazda-177317646\" class=\"gazda-tartalomban gazda-entity-placement\"><script async src=\"https:\/\/pagead2.googlesyndication.com\/pagead\/js\/adsbygoogle.js\"><\/script>\r\n<ins class=\"adsbygoogle\"\r\n     style=\"display:block\"\r\n     data-ad-format=\"fluid\"\r\n     data-ad-layout-key=\"-6t+ed+2i-1n-4w\"\r\n     data-ad-client=\"ca-pub-1959107119989764\"\r\n     data-ad-slot=\"4008251320\"><\/ins>\r\n<script>\r\n     (adsbygoogle = window.adsbygoogle || []).push({});\r\n<\/script><\/div>\n<p>&nbsp;<\/p>\n<p>Az Adoria k\u00f6zpontos\u00edtott megold\u00e1sokat ny\u00fajt tenderek, beszerz\u00e9sek, logisztika \u00e9s gy\u00e1rt\u00e1s menedzsel\u00e9s\u00e9re. A modul\u00e1ris csomag garant\u00e1lja a catering l\u00e1nc \u00f6sszes r\u00e9sztvev\u0151je sz\u00e1m\u00e1ra a szolg\u00e1ltat\u00e1sok min\u0151s\u00e9g\u00e9t a besz\u00e1ll\u00edt\u00f3t\u00f3l a fogyaszt\u00f3ig \u00e9s biztos\u00edtja a profitabilit\u00e1st.<\/p>\n<div class=\"ads-in-post2\"><script async src=\"https:\/\/pagead2.googlesyndication.com\/pagead\/js\/adsbygoogle.js\"><\/script>\r\n<ins class=\"adsbygoogle\"\r\n     style=\"display:block\"\r\n     data-ad-format=\"fluid\"\r\n     data-ad-layout-key=\"-6t+ed+2i-1n-4w\"\r\n     data-ad-client=\"ca-pub-1959107119989764\"\r\n     data-ad-slot=\"4008251320\"><\/ins>\r\n<script>\r\n     (adsbygoogle = window.adsbygoogle || []).push({});\r\n<\/script><\/div>\n&nbsp;<\/p>\n<p>\u201c\u00d6r\u00fcl\u00f6k, hogy az Adoria r\u00e9sze lett a Csoportunk szolg\u00e1ltat\u00e1si k\u00f6r\u00e9nek, kieg\u00e9sz\u00edtve az AccorHotels kor\u00e1bbi felv\u00e1s\u00e1rl\u00e1sait a catering szektorban. Ez az akviz\u00edci\u00f3 \u00f6sszhangban van a strat\u00e9gi\u00e1nkkal, miszerint a saj\u00e1t piacaik leginnovat\u00edvabb \u00e9s j\u00f6v\u0151be mutat\u00f3 szerepl\u0151it v\u00e1s\u00e1roljuk fel, hogy vend\u00e9geinknek \u00e9s partnereinknek egy n\u00f6vekv\u0151 \u00e9s sz\u00e9lesk\u00f6r\u0171 kieg\u00e9sz\u00edt\u0151 szolg\u00e1ltat\u00e1scsomagot tudjunk ny\u00fajtani. C\u00e9lunk, hogy t\u00e1mogassuk az Adoria nemzetk\u00f6zi fejl\u0151d\u00e9s\u00e9t, mik\u00f6zben ezzel \u00f6sszhangban \u00e9lvezz\u00fck a szak\u00e9rtelm\u00fckb\u0151l \u00e9s a kiemelten k\u00e9pzett csapatukb\u00f3l ered\u0151 el\u0151ny\u00f6ket\u201d \u2013 nyilatkozta Caroline Tissot, az AccorHotels Glob\u00e1lis Beszerz\u00e9si Igazgat\u00f3ja.<\/p>\n<p>&nbsp;<\/p>\n<p>\u201e\u00d6r\u00f6mmel dolgozunk egy\u00fctt az AccorHotels-szel, mivel mindketten ugyanazt a c\u00e9lt tartjuk fontosnak: a leginnovat\u00edvabb digit\u00e1lis megold\u00e1sok biztos\u00edt\u00e1s\u00e1t, melyek m\u00e9g tov\u00e1bb fokozz\u00e1k a vend\u00e9g\u00e9lm\u00e9nyt. Az Adoria struktur\u00e1lisan fejl\u0151dik a piac\u00e1n \u00e9s b\u00fcszk\u00e9k vagyunk arra, hogy k\u00f6zepes-, nagy- \u00e9s glob\u00e1lis catering csoportok vezet\u0151k\u00e9nt tekintenek r\u00e1nk. Kombin\u00e1lva er\u0151ss\u00e9geinket az AccorHotels-szel, k\u00f6z\u00f6sen n\u00f6velni fogjuk \u00fcgyfeleink teljes\u00edtm\u00e9ny\u00e9t\u201d \u2013 tette hozz\u00e1 Laurent Gueye, az Adoria Vez\u00e9rigazgat\u00f3ja.<\/p>\n<p><strong>\u00a0<\/strong><\/p>\n<p><strong>Az AccorHotelsr\u0151l<\/strong><\/p>\n<p>Az <a href=\"http:\/\/www.accorhotels.group\/fr-FR\/group\" target=\"_blank\" rel=\"noopener\">AccorHotels<\/a> a vil\u00e1g vezet\u0151 utaz\u00e1si \u00e9s \u00e9letm\u00f3d csoportja \u00e9s digit\u00e1lis innov\u00e1tor, mely egyedi \u00e9lm\u00e9nyeket k\u00edn\u00e1l t\u00f6bb mint 4\u00a0300 sz\u00e1llod\u00e1val, resorttal \u00e9s rezidenci\u00e1val 100 k\u00fcl\u00f6nb\u00f6z\u0151 orsz\u00e1gban.<\/p>\n<p>Nemzetk\u00f6zileg elismert <a href=\"http:\/\/www.accorhotels.group\/fr-FR\/hotel-development\/brands\/our-brands-portfolio\" target=\"_blank\" rel=\"noopener\">sz\u00e1llodam\u00e1rk\u00e1k<\/a>b\u00f3l \u00e1ll\u00f3 p\u00e1ratlan portfoli\u00f3j\u00e1val, mely lefedi a teljes palett\u00e1t a luxust\u00f3l az economy-ig, az upscale-t\u0151l a lifestyle \u00e9s midscale m\u00e1rk\u00e1kig, az AccorHotels t\u00f6bb mint 50 \u00e9ve a szak\u00e9rtelmet \u00e9s tapasztalatot testes\u00edti meg.<\/p>\n<p>Az alapvet\u0151 sz\u00e1llodaipari tev\u00e9kenys\u00e9g\u00e9n k\u00edv\u00fcl, az AccorHotels sikeresen terjesztette ki szolg\u00e1ltat\u00e1sait, vezet\u0151 szerepet szerezve a <a href=\"http:\/\/www.accorhotels.group\/fr-FR\/innovation\/travels-and-lifestyle\/private-rental\" target=\"_blank\" rel=\"noopener\">luxuskateg\u00f3ri\u00e1s mag\u00e1nlak\u00e1sok <\/a>b\u00e9rleti piac\u00e1n, t\u00f6bb mint 10\u00a0000 k\u00fcl\u00f6nleges sz\u00e1ll\u00e1ssal a vil\u00e1g k\u00f6r\u00fcl. A Csoport emellett akt\u00edv a <a href=\"http:\/\/www.accorhotels.group\/fr-FR\/group\/our-brands-and-services\/john-paul\" target=\"_blank\" rel=\"noopener\">concierge-szolg\u00e1ltat\u00e1sok<\/a>, <a href=\"http:\/\/www.accorhotels.group\/fr-FR\/group\/our-brands-and-services\/nextdoor\" target=\"_blank\" rel=\"noopener\">co-working<\/a>, <a href=\"http:\/\/www.accorhotels.group\/fr-FR\/innovation\/travels-and-lifestyle\/food-and-beverage\" target=\"_blank\" rel=\"noopener\">dining<\/a>, <a href=\"http:\/\/www.accorhotels.group\/fr-FR\/group\/our-partnerships-and-sponsorships\/accorhotels-arena\" target=\"_blank\" rel=\"noopener\">rendezv\u00e9ny-management<\/a> \u00e9s <a href=\"http:\/\/www.accorhotels.group\/fr-FR\/innovation\/digital\/behind-the-scenes\" target=\"_blank\" rel=\"noopener\">digit\u00e1lis megold\u00e1sok<\/a> ter\u00e9n is.<\/p>\n<p>A t\u00f6bb mint 250\u00a0000 f\u0151b\u0151l \u00e1ll\u00f3 glob\u00e1lis dedik\u00e1lt csapat\u00e1ra t\u00e1maszkodva, az AccorHotels elk\u00f6telezetten val\u00f3s\u00edtja meg a legfontosabb misszi\u00f3j\u00e1t: \u201eFeel Welcome\u201d &#8211; minden vend\u00e9g \u00e9rezze otthon mag\u00e1t. A vend\u00e9geknek hozz\u00e1f\u00e9r\u00e9se van a vil\u00e1g egyik legvonz\u00f3bb sz\u00e1llodai h\u0171s\u00e9gprogramj\u00e1hoz is, a <a href=\"http:\/\/www.accorhotels.group\/fr-FR\/group\/our-brands-and-services\/our-loyalty-program\" target=\"_blank\" rel=\"noopener\">Le Club AccorHotels<\/a>-hez.<\/p>\n<p>Az AccorHotels akt\u00edv szerepet v\u00e1llal a helyi k\u00f6z\u00f6ss\u00e9gekben \u00e9s elk\u00f6telezett a fenntarthat\u00f3 fejl\u0151d\u00e9s \u00e9s szolidarit\u00e1s terjeszt\u00e9se mellett a <a href=\"http:\/\/www.accorhotels.group\/fr-FR\/commitment\" target=\"_blank\" rel=\"noopener\">PLANET 21 Acting Here<\/a> \u00e1tfog\u00f3 programj\u00e1n kereszt\u00fcl, ami \u00f6sszek\u00f6ti a munkat\u00e1rsakat, vend\u00e9geket \u00e9s partnereket a fenntarthat\u00f3 n\u00f6veked\u00e9s el\u0151mozd\u00edt\u00e1sa \u00e9rdek\u00e9ben.<\/p>\n<p>2008-t\u00f3l az <a href=\"http:\/\/www.accorhotels.group\/fr-FR\/commitment\/solidarity-accorhotels\/heart-hospitality\" target=\"_blank\" rel=\"noopener\">AccorHotels Szolidarit\u00e1s Alap\u00edtv\u00e1nyi Alap<\/a> a Csoport aktivit\u00e1sainak \u00e9s \u00e9rt\u00e9keinek a term\u00e9szetes r\u00e9sze, seg\u00edtve a harcot azellen, hogy a t\u00e1rsadalom legh\u00e1tr\u00e1nyosabb helyzet\u0171 tagjai t\u00e1rsadalmilag \u00e9s egzisztenci\u00e1lisan kirekesztettnek \u00e9rezz\u00e9k magukat.<\/p>\n<p>Az Accor SA az Euronext p\u00e1rizsi t\u0151zsd\u00e9n (ISIN k\u00f3d: FR0000120404) \u00e9s az Egyes\u00fclt \u00c1llamokban az OTC piact\u00e9ren (k\u00f3d: ACRFY) jegyzett v\u00e1llalat.<\/p>\n<p>Tov\u00e1bbi inform\u00e1ci\u00f3\u00e9rt \u00e9s foglal\u00e1s\u00e9rt l\u00e1togasson el az accorhotels.group vagy az accorhotels.com oldalakra, vagy csatlakozzon \u00e9s k\u00f6vessen minket Twitteren \u00e9s Facebookon.<\/p>\n<p>&nbsp;<\/p>\n","protected":false},"excerpt":{"rendered":"<p>Az AccorHotels bejelenti az Adoria megv\u00e1s\u00e1rl\u00e1s\u00e1t, mely SaaS-platformk\u00e9nt lehet\u0151v\u00e9 teszi a catering ipar\u00e1g sz\u00e1m\u00e1ra, hogy optimaliz\u00e1lja a beszerz\u00e9seit.<\/p>\n","protected":false},"author":1,"featured_media":0,"comment_status":"closed","ping_status":"open","sticky":false,"template":"","format":"standard","meta":[],"categories":[19],"tags":[],"_links":{"self":[{"href":"https:\/\/gazdasagportal.hu\/index.php\/wp-json\/wp\/v2\/posts\/106086"}],"collection":[{"href":"https:\/\/gazdasagportal.hu\/index.php\/wp-json\/wp\/v2\/posts"}],"about":[{"href":"https:\/\/gazdasagportal.hu\/index.php\/wp-json\/wp\/v2\/types\/post"}],"author":[{"embeddable":true,"href":"https:\/\/gazdasagportal.hu\/index.php\/wp-json\/wp\/v2\/users\/1"}],"replies":[{"embeddable":true,"href":"https:\/\/gazdasagportal.hu\/index.php\/wp-json\/wp\/v2\/comments?post=106086"}],"version-history":[{"count":1,"href":"https:\/\/gazdasagportal.hu\/index.php\/wp-json\/wp\/v2\/posts\/106086\/revisions"}],"predecessor-version":[{"id":106087,"href":"https:\/\/gazdasagportal.hu\/index.php\/wp-json\/wp\/v2\/posts\/106086\/revisions\/106087"}],"wp:attachment":[{"href":"https:\/\/gazdasagportal.hu\/index.php\/wp-json\/wp\/v2\/media?parent=106086"}],"wp:term":[{"taxonomy":"category","embeddable":true,"href":"https:\/\/gazdasagportal.hu\/index.php\/wp-json\/wp\/v2\/categories?post=106086"},{"taxonomy":"post_tag","embeddable":true,"href":"https:\/\/gazdasagportal.hu\/index.php\/wp-json\/wp\/v2\/tags?post=106086"}],"curies":[{"name":"wp","href":"https:\/\/api.w.org\/{rel}","templated":true}]}}