{"id":106084,"date":"2018-06-09T08:41:07","date_gmt":"2018-06-09T06:41:07","guid":{"rendered":"http:\/\/gazdasagportal.hu\/?p=106084"},"modified":"2018-06-09T08:41:47","modified_gmt":"2018-06-09T06:41:47","slug":"hitelminosites-budapest-adososztalyzatat-sem-vizsgalta-a-moodys","status":"publish","type":"post","link":"https:\/\/gazdasagportal.hu\/index.php\/hitelminosites-budapest-adososztalyzatat-sem-vizsgalta-a-moodys\/","title":{"rendered":"Hitelmin\u0151s\u00edt\u00e9s &#8211; Budapest ad\u00f3soszt\u00e1lyzat\u00e1t sem vizsg\u00e1lta a Moody&#8217;s"},"content":{"rendered":"<p><strong>A magyar \u00e1llamad\u00f3s-oszt\u00e1lyzathoz hasonl\u00f3an a Budapestre k\u00fcl\u00f6n meg\u00e1llap\u00edtott ad\u00f3sbesorol\u00e1st sem vizsg\u00e1lta a Moody&#8217;s Investors Service.<\/strong><!--more--><\/p>\n<div class=\"ads-in-post1\"><div id=\"gazdasagportal.hu_fullbanner_wideboard\"><\/div>\r\n<\/div>\n<p>    A nemzetk\u00f6zi hitelmin\u0151s\u00edt\u0151 az idei fel\u00fclvizsg\u00e1lati menetrendben p\u00e9ntekre t\u0171zte ki a magyar f\u0151v\u00e1rosra \u00e9rv\u00e9nyben tartott &#8222;Baa3&#8221; szint\u0171, stabil kil\u00e1t\u00e1s\u00fa ad\u00f3soszt\u00e1lyzat elb\u00edr\u00e1l\u00e1s\u00e1t, \u00e1m p\u00e9ntek \u00e9jjel Londonban bejelentette, hogy ez\u00fattal nem vette napirendre a magyar f\u0151v\u00e1ros besorol\u00e1s\u00e1nak vizsg\u00e1lat\u00e1t.<br \/>\n    A Moody&#8217;s 2016. november 7-\u00e9n jav\u00edtotta az addigi &#8222;Ba1&#8221;-r\u0151l egy fokozattal az az\u00f3ta is \u00e9rv\u00e9nyes &#8222;Baa3&#8221;-ra Budapest \u00f6n\u00e1ll\u00f3 ad\u00f3soszt\u00e1lyzat\u00e1t. Az oszt\u00e1lyzat besorol\u00e1sa az\u00f3ta is stabil.<br \/>\n    Budapest akkori felmin\u0151s\u00edt\u00e9s\u00e9nek k\u00f6zvetlen el\u0151zm\u00e9nyek\u00e9nt a Moody&#8217;s n\u00e9h\u00e1ny nappal kor\u00e1bban a magyar \u00e1llamad\u00f3s-besorol\u00e1st is ugyanilyen m\u00e9rt\u00e9kben, &#8222;Ba1&#8221; szintr\u0151l egy fokozattal stabil kil\u00e1t\u00e1s\u00fa &#8222;Baa3&#8221;-ra jav\u00edtotta, visszaemelve ezzel Magyarorsz\u00e1got a befektet\u00e9sre aj\u00e1nlott szuver\u00e9n besorol\u00e1si kateg\u00f3ri\u00e1ba.<br \/>\n<div class=\"ads-in-post2\"><script async src=\"https:\/\/pagead2.googlesyndication.com\/pagead\/js\/adsbygoogle.js\"><\/script>\r\n<ins class=\"adsbygoogle\"\r\n     style=\"display:block\"\r\n     data-ad-format=\"fluid\"\r\n     data-ad-layout-key=\"-6t+ed+2i-1n-4w\"\r\n     data-ad-client=\"ca-pub-1959107119989764\"\r\n     data-ad-slot=\"4008251320\"><\/ins>\r\n<script>\r\n     (adsbygoogle = window.adsbygoogle || []).push({});\r\n<\/script><\/div>\n    A Moody&#8217;s a magyar \u00e1llamad\u00f3s-oszt\u00e1lyzat idei els\u0151 potenci\u00e1lis fel\u00fclvizsg\u00e1lati id\u0151pontj\u00e1t j\u00fanius 1-j\u00e9re, m\u00falt p\u00e9ntekre t\u0171zte ki, de aznap \u00e9jjel k\u00f6z\u00f6lte, hogy nem friss\u00edtette a magyar \u00e1llamad\u00f3s-besorol\u00e1st.<br \/>\n    A hitelmin\u0151s\u00edt\u0151 ezzel k\u00f6zvetlen \u00f6sszef\u00fcgg\u00e9sben ugyan\u00edgy nem vizsg\u00e1lta a mostani id\u0151pontban Budapest besorol\u00e1s\u00e1t sem.<br \/>\n    Ez v\u00e1rhat\u00f3 d\u00f6nt\u00e9s volt, mivel a Moody&#8217;s oszt\u00e1lyz\u00e1si gyakorlat\u00e1ban szoros a korrel\u00e1ci\u00f3 a besorol\u00e1sokkal nyilv\u00e1ntartott szuver\u00e9n ad\u00f3sok, illetve ezek f\u0151v\u00e1rosainak \u00e9s egy\u00e9b, rendszerszint\u0171 fontoss\u00e1g\u00fa szub-szuver\u00e9n \u00e1llami entit\u00e1sainak oszt\u00e1lyzati mozg\u00e1sai k\u00f6z\u00f6tt.<br \/>\n    A Moody&#8217;s az Eur\u00f3pai Uni\u00f3 el\u0151\u00edr\u00e1sainak megfelel\u0151en el\u0151re \u00f6ssze\u00e1ll\u00edtotta az eur\u00f3pai szuver\u00e9n ad\u00f3sbesorol\u00e1sok \u00e1ttekint\u00e9s\u00e9nek idei menetrendj\u00e9t, de ezeket a fel\u00fclvizsg\u00e1latokat nem k\u00f6telez\u0151 v\u00e9grehajtani a kit\u0171z\u00f6tt id\u0151pontokban. Az EU csak annak el\u0151zetes beterjeszt\u00e9s\u00e9t \u00edrja el\u0151, hogy a hitelmin\u0151s\u00edt\u0151k &#8211; hacsak nem t\u00f6rt\u00e9nik olyan rendk\u00edv\u00fcli fejlem\u00e9ny, amely a szuver\u00e9n ad\u00f3sbesorol\u00e1sok soron k\u00edv\u00fcli m\u00f3dos\u00edt\u00e1s\u00e1t teszi indokoltt\u00e1 &#8211; az adott \u00e9vben milyen id\u0151pontokban tervezik az egyes uni\u00f3s \u00e1llamad\u00f3sok oszt\u00e1lyzatainak fel\u00fclvizsg\u00e1lat\u00e1t.<br \/>\n    A Moody&#8217;s legut\u00f3bb 2016. november 4-\u00e9n jelentett be a kit\u0171z\u00f6tt id\u0151pontban m\u00f3dos\u00edt\u00e1st a magyar \u00e1llamad\u00f3s-oszt\u00e1lyzatra: a c\u00e9g akkor emelte vissza Magyarorsz\u00e1got a befektet\u00e9si aj\u00e1nl\u00e1s\u00fa kateg\u00f3ri\u00e1ba.<br \/>\n    Magyarorsz\u00e1g az\u00f3ta n\u00e9gy el\u0151re kit\u0171z\u00f6tt fel\u00fclvizsg\u00e1lati id\u0151pontban &#8211; a m\u00falt p\u00e9nteki d\u00e1tum el\u0151tt tavaly m\u00e1rcius 3-\u00e1n, j\u00falius 7-\u00e9n \u00e9s okt\u00f3ber 20-\u00e1n &#8211; szerepelt a Moody&#8217;s menetrendj\u00e9ben, \u00e1m a hitelmin\u0151s\u00edt\u0151 egyik alkalommal sem hajtott v\u00e9gre \u00fajabb fel\u00fclvizsg\u00e1latot.<br \/>\n    Magyarorsz\u00e1g legk\u00f6zelebb november 23-\u00e1n szerepel a Moody&#8217;s vizsg\u00e1lati menetrendj\u00e9ben.<br \/>\n    Mindh\u00e1rom glob\u00e1lis piacvezet\u0151 hitelmin\u0151s\u00edt\u0151 2016-ban emelte vissza Magyarorsz\u00e1got a befektet\u00e9si aj\u00e1nl\u00e1s\u00fa \u00e1llamad\u00f3s-kateg\u00f3ri\u00e1ba, de a Standard &#038; Poor&#8217;s \u00e9s a Fitch tavaly \u00f3ta felmin\u0151s\u00edt\u00e9s lehet\u0151s\u00e9g\u00e9re utal\u00f3 pozit\u00edv kil\u00e1t\u00e1st tart \u00e9rv\u00e9nyben a magyar besorol\u00e1sra. A Moody&#8217;s \u00edgy egyed\u00fclik\u00e9nt tartja nyilv\u00e1n stabil kil\u00e1t\u00e1ssal a magyar \u00e1llamad\u00f3s-min\u0151s\u00edt\u00e9st.(MTI)<\/p>\n","protected":false},"excerpt":{"rendered":"<p>A magyar \u00e1llamad\u00f3s-oszt\u00e1lyzathoz hasonl\u00f3an a Budapestre k\u00fcl\u00f6n meg\u00e1llap\u00edtott ad\u00f3sbesorol\u00e1st sem vizsg\u00e1lta a Moody&#8217;s Investors Service.<\/p>\n","protected":false},"author":1,"featured_media":20773,"comment_status":"closed","ping_status":"open","sticky":false,"template":"","format":"standard","meta":[],"categories":[146,4,19],"tags":[],"_links":{"self":[{"href":"https:\/\/gazdasagportal.hu\/index.php\/wp-json\/wp\/v2\/posts\/106084"}],"collection":[{"href":"https:\/\/gazdasagportal.hu\/index.php\/wp-json\/wp\/v2\/posts"}],"about":[{"href":"https:\/\/gazdasagportal.hu\/index.php\/wp-json\/wp\/v2\/types\/post"}],"author":[{"embeddable":true,"href":"https:\/\/gazdasagportal.hu\/index.php\/wp-json\/wp\/v2\/users\/1"}],"replies":[{"embeddable":true,"href":"https:\/\/gazdasagportal.hu\/index.php\/wp-json\/wp\/v2\/comments?post=106084"}],"version-history":[{"count":1,"href":"https:\/\/gazdasagportal.hu\/index.php\/wp-json\/wp\/v2\/posts\/106084\/revisions"}],"predecessor-version":[{"id":106085,"href":"https:\/\/gazdasagportal.hu\/index.php\/wp-json\/wp\/v2\/posts\/106084\/revisions\/106085"}],"wp:featuredmedia":[{"embeddable":true,"href":"https:\/\/gazdasagportal.hu\/index.php\/wp-json\/wp\/v2\/media\/20773"}],"wp:attachment":[{"href":"https:\/\/gazdasagportal.hu\/index.php\/wp-json\/wp\/v2\/media?parent=106084"}],"wp:term":[{"taxonomy":"category","embeddable":true,"href":"https:\/\/gazdasagportal.hu\/index.php\/wp-json\/wp\/v2\/categories?post=106084"},{"taxonomy":"post_tag","embeddable":true,"href":"https:\/\/gazdasagportal.hu\/index.php\/wp-json\/wp\/v2\/tags?post=106084"}],"curies":[{"name":"wp","href":"https:\/\/api.w.org\/{rel}","templated":true}]}}