{"id":106064,"date":"2018-06-08T10:19:29","date_gmt":"2018-06-08T08:19:29","guid":{"rendered":"http:\/\/gazdasagportal.hu\/?p=106064"},"modified":"2018-06-08T10:19:29","modified_gmt":"2018-06-08T08:19:29","slug":"aprilisban-varatlanul-csokkent-a-nemet-ipari-termeles","status":"publish","type":"post","link":"https:\/\/gazdasagportal.hu\/index.php\/aprilisban-varatlanul-csokkent-a-nemet-ipari-termeles\/","title":{"rendered":"\u00c1prilisban v\u00e1ratlanul cs\u00f6kkent a n\u00e9met ipari termel\u00e9s"},"content":{"rendered":"<p><strong>\u00c1prilisban a v\u00e1rt szer\u00e9ny n\u00f6veked\u00e9s helyett cs\u00f6kkent a n\u00e9met ipari termel\u00e9s a wiesbadeni sz\u00f6vets\u00e9gi statisztikai hivatal, a Destatis p\u00e9nteken k\u00f6zz\u00e9tett kimutat\u00e1sa szerint.<\/strong><!--more--><\/p>\n<div class=\"ads-in-post1\"><div id=\"gazdasagportal.hu_fullbanner_wideboard\"><\/div>\r\n<\/div>\n<p>Az ipari termel\u00e9s \u00e1prilisban \u00e1r, napt\u00e1ri \u00e9s szezon\u00e1lis kiigaz\u00edt\u00e1ssal 1 sz\u00e1zal\u00e9kkal cs\u00f6kkent az el\u0151z\u0151 havihoz k\u00e9pest a v\u00e1rt 0,3 sz\u00e1zal\u00e9kos n\u00f6veked\u00e9s helyett. M\u00e1rciusban 1,7 sz\u00e1zal\u00e9kos volt az ipari termel\u00e9s n\u00f6veked\u00e9se az el\u0151z\u0151 havihoz k\u00e9pest.<br \/>\nA fogyaszt\u00e1si cikkek termel\u00e9se \u00e1prilisban 2,1 sz\u00e1zal\u00e9kkal cs\u00f6kkent az el\u0151z\u0151 havihoz viszony\u00edtva, a f\u00e9lk\u00e9sz term\u00e9kek\u00e9 2,0 sz\u00e1zal\u00e9kkal, a t\u0151kejavak\u00e9 pedig 1,3 sz\u00e1zal\u00e9kkal. Az \u00e9p\u00edt\u0151ipar termel\u00e9se ezzel szemben 3,3 sz\u00e1zal\u00e9kkal emelkedett.<br \/>\nAz egy \u00e9vvel kor\u00e1bbihoz k\u00e9pest \u00e1prilisban az ipari termel\u00e9s 2,0 sz\u00e1zal\u00e9kkal n\u0151tt, kisebb m\u00e9rt\u00e9kben az el\u0151z\u0151 havi, m\u00e1rciusi 3,8 sz\u00e1zal\u00e9kos \u00e9ves n\u00f6veked\u00e9sn\u00e9l.<br \/>\n<a title=\"Hely megnyit\u00e1sa\" href=\"https:\/\/www.destatis.de\/DE\/PresseService\/Presse\/Pressemitteilungen\/2018\/06\/PD18_202_421.html\" target=\"_blank\" rel=\"noopener noreferrer\">https:\/\/www.destatis.de\/DE\/PresseService\/Presse\/Pressemitteilungen\/2018\/06\/PD18_202_421.html<\/a><\/p>\n<p>&nbsp;<br \/>\n(MTI)<\/p><div id=\"gazda-3449324631\" class=\"gazda-tartalomban gazda-entity-placement\"><script async src=\"https:\/\/pagead2.googlesyndication.com\/pagead\/js\/adsbygoogle.js\"><\/script>\r\n<ins class=\"adsbygoogle\"\r\n     style=\"display:block\"\r\n     data-ad-format=\"fluid\"\r\n     data-ad-layout-key=\"-6t+ed+2i-1n-4w\"\r\n     data-ad-client=\"ca-pub-1959107119989764\"\r\n     data-ad-slot=\"4008251320\"><\/ins>\r\n<script>\r\n     (adsbygoogle = window.adsbygoogle || []).push({});\r\n<\/script><\/div>\n","protected":false},"excerpt":{"rendered":"<p>\u00c1prilisban a v\u00e1rt szer\u00e9ny n\u00f6veked\u00e9s helyett cs\u00f6kkent a n\u00e9met ipari termel\u00e9s a wiesbadeni sz\u00f6vets\u00e9gi statisztikai hivatal, a Destatis p\u00e9nteken k\u00f6zz\u00e9tett kimutat\u00e1sa szerint.<\/p>\n","protected":false},"author":1,"featured_media":0,"comment_status":"closed","ping_status":"open","sticky":false,"template":"","format":"standard","meta":[],"categories":[246],"tags":[],"_links":{"self":[{"href":"https:\/\/gazdasagportal.hu\/index.php\/wp-json\/wp\/v2\/posts\/106064"}],"collection":[{"href":"https:\/\/gazdasagportal.hu\/index.php\/wp-json\/wp\/v2\/posts"}],"about":[{"href":"https:\/\/gazdasagportal.hu\/index.php\/wp-json\/wp\/v2\/types\/post"}],"author":[{"embeddable":true,"href":"https:\/\/gazdasagportal.hu\/index.php\/wp-json\/wp\/v2\/users\/1"}],"replies":[{"embeddable":true,"href":"https:\/\/gazdasagportal.hu\/index.php\/wp-json\/wp\/v2\/comments?post=106064"}],"version-history":[{"count":1,"href":"https:\/\/gazdasagportal.hu\/index.php\/wp-json\/wp\/v2\/posts\/106064\/revisions"}],"predecessor-version":[{"id":106065,"href":"https:\/\/gazdasagportal.hu\/index.php\/wp-json\/wp\/v2\/posts\/106064\/revisions\/106065"}],"wp:attachment":[{"href":"https:\/\/gazdasagportal.hu\/index.php\/wp-json\/wp\/v2\/media?parent=106064"}],"wp:term":[{"taxonomy":"category","embeddable":true,"href":"https:\/\/gazdasagportal.hu\/index.php\/wp-json\/wp\/v2\/categories?post=106064"},{"taxonomy":"post_tag","embeddable":true,"href":"https:\/\/gazdasagportal.hu\/index.php\/wp-json\/wp\/v2\/tags?post=106064"}],"curies":[{"name":"wp","href":"https:\/\/api.w.org\/{rel}","templated":true}]}}